{"id":110062,"date":"2026-08-31T17:37:41","date_gmt":"2026-08-31T20:37:41","guid":{"rendered":"https:\/\/blogdomarcellopatriota.com.br\/blog\/?p=110062"},"modified":"2026-08-31T17:37:41","modified_gmt":"2026-08-31T20:37:41","slug":"noite-poetica-fechou-programacao-do-agosto-lilas-em-itapetim","status":"publish","type":"post","link":"https:\/\/blogdomarcellopatriota.com.br\/blog\/noite-poetica-fechou-programacao-do-agosto-lilas-em-itapetim\/","title":{"rendered":"Noite Po\u00e9tica fechou programa\u00e7\u00e3o do Agosto Lil\u00e1s, em Itapetim"},"content":{"rendered":"<p style=\"text-align: justify;\"><img fetchpriority=\"high\" decoding=\"async\" class=\"size-medium wp-image-18040 alignleft\" src=\"https:\/\/gazetadopajeu.com\/site\/wp-content\/uploads\/2026\/08\/788879861_1825873978841691_6378943332320523390_n-400x266.jpg\" sizes=\"(max-width: 400px) 100vw, 400px\" srcset=\"https:\/\/gazetadopajeu.com\/site\/wp-content\/uploads\/2026\/08\/788879861_1825873978841691_6378943332320523390_n-400x266.jpg 400w, https:\/\/gazetadopajeu.com\/site\/wp-content\/uploads\/2026\/08\/788879861_1825873978841691_6378943332320523390_n.jpg 600w\" alt=\"\" width=\"400\" height=\"266\" \/>O Governo Municipal de Itapetim, por meio da Secretaria de Cultura e Turismo e da Secretaria da Mulher, realizou na \u00faltima sexta-feira (28) uma especial Noite Po\u00e9tica, em alus\u00e3o ao Agosto Lil\u00e1s e aos 20 anos da Lei Maria da Penha.<\/p>\n<p style=\"text-align: justify;\">A programa\u00e7\u00e3o foi marcada pela poesia, arte e cultura, contando com declama\u00e7\u00f5es dos poetas Z\u00e9 Adalberto e Evelyn Marianny, apresenta\u00e7\u00e3o do grupo de dan\u00e7a \u201cOs Pajeuzitas\u201d e uma emocionante pe\u00e7a teatral apresentada pela Escola Paulino Amaro Cordeiro, do Distrito de Piedade do Ouro.<\/p>\n<p style=\"text-align: justify;\">O p\u00fablico tamb\u00e9m p\u00f4de prestigiar a Feira de Artesanato, valorizando o talento, a criatividade e o trabalho dos artes\u00e3os do munic\u00edpio.<\/p>\n<p style=\"text-align: justify;\">Estiveram presentes o Vice-Prefeito Chico de Laura, o Secret\u00e1rio de Cultura e Turismo, Vandivaldo Pianc\u00f3 e equipe, a Secret\u00e1ria da Mulher, Edilene Machado e equipe, al\u00e9m de secret\u00e1rios, diretores e demais representantes do Governo Municipal.<\/p>\n","protected":false},"excerpt":{"rendered":"<p>O Governo Municipal de Itapetim, por meio da Secretaria de Cultura e Turismo e da Secretaria da Mulher, realizou na &uacute;ltima sexta-feira (28) uma especial Noite Po&eacute;tica, em alus&atilde;o ao Agosto Lil&aacute;s e aos 20 anos da Lei Maria da Penha. A programa&ccedil;&atilde;o foi marcada pela poesia, arte e cultura, contando com declama&ccedil;&otilde;es dos poetas &#8230; <a title=\"Noite Po\u00e9tica fechou programa\u00e7\u00e3o do Agosto Lil\u00e1s, em Itapetim\" class=\"read-more\" href=\"https:\/\/blogdomarcellopatriota.com.br\/blog\/noite-poetica-fechou-programacao-do-agosto-lilas-em-itapetim\/\" aria-label=\"Read more about Noite Po\u00e9tica fechou programa\u00e7\u00e3o do Agosto Lil\u00e1s, em Itapetim\">Ler mais<\/a><\/p>\n","protected":false},"author":2,"featured_media":0,"comment_status":"closed","ping_status":"closed","sticky":false,"template":"","format":"standard","meta":{"footnotes":""},"categories":[1],"tags":[],"class_list":["post-110062","post","type-post","status-publish","format-standard","hentry","category-sem-categoria"],"_links":{"self":[{"href":"https:\/\/blogdomarcellopatriota.com.br\/blog\/wp-json\/wp\/v2\/posts\/110062","targetHints":{"allow":["GET"]}}],"collection":[{"href":"https:\/\/blogdomarcellopatriota.com.br\/blog\/wp-json\/wp\/v2\/posts"}],"about":[{"href":"https:\/\/blogdomarcellopatriota.com.br\/blog\/wp-json\/wp\/v2\/types\/post"}],"author":[{"embeddable":true,"href":"https:\/\/blogdomarcellopatriota.com.br\/blog\/wp-json\/wp\/v2\/users\/2"}],"replies":[{"embeddable":true,"href":"https:\/\/blogdomarcellopatriota.com.br\/blog\/wp-json\/wp\/v2\/comments?post=110062"}],"version-history":[{"count":1,"href":"https:\/\/blogdomarcellopatriota.com.br\/blog\/wp-json\/wp\/v2\/posts\/110062\/revisions"}],"predecessor-version":[{"id":110063,"href":"https:\/\/blogdomarcellopatriota.com.br\/blog\/wp-json\/wp\/v2\/posts\/110062\/revisions\/110063"}],"wp:attachment":[{"href":"https:\/\/blogdomarcellopatriota.com.br\/blog\/wp-json\/wp\/v2\/media?parent=110062"}],"wp:term":[{"taxonomy":"category","embeddable":true,"href":"https:\/\/blogdomarcellopatriota.com.br\/blog\/wp-json\/wp\/v2\/categories?post=110062"},{"taxonomy":"post_tag","embeddable":true,"href":"https:\/\/blogdomarcellopatriota.com.br\/blog\/wp-json\/wp\/v2\/tags?post=110062"}],"curies":[{"name":"wp","href":"https:\/\/api.w.org\/{rel}","templated":true}]}}