{"id":110064,"date":"2026-08-31T17:41:50","date_gmt":"2026-08-31T20:41:50","guid":{"rendered":"https:\/\/blogdomarcellopatriota.com.br\/blog\/?p=110064"},"modified":"2026-08-31T17:41:50","modified_gmt":"2026-08-31T20:41:50","slug":"prefeitura-de-afogados-vai-inaugurar-uma-rua-e-duas-travessas-essa-semana","status":"publish","type":"post","link":"https:\/\/blogdomarcellopatriota.com.br\/blog\/prefeitura-de-afogados-vai-inaugurar-uma-rua-e-duas-travessas-essa-semana\/","title":{"rendered":"Prefeitura de Afogados vai inaugurar uma rua e duas travessas essa semana"},"content":{"rendered":"<div class=\"separator\"><a href=\"https:\/\/blogger.googleusercontent.com\/img\/b\/R29vZ2xl\/AVvXsEi0aCrvJOzQzZTdHFlTRnHjXDcxJcZQDF29hRtZ_kmjxtLk6mnTR8D3rPNOZDzP7HyyfbcmbjmnQ3mTGhRPq_NY-rtit-aRKMaC9DpMjy-RBkhIFwpudJ_xljin0y0E7ZLgKU_KnZtIL7Z03KRD9CXnzVSmkIeRr-HPMInJN5DyXpYu9M1ij1ZPTpAEWYMh\/s1600\/53f50e75-5617-4657-8403-0460abd645a7.jpeg\"><img fetchpriority=\"high\" decoding=\"async\" class=\"alignleft\" src=\"https:\/\/blogger.googleusercontent.com\/img\/b\/R29vZ2xl\/AVvXsEi0aCrvJOzQzZTdHFlTRnHjXDcxJcZQDF29hRtZ_kmjxtLk6mnTR8D3rPNOZDzP7HyyfbcmbjmnQ3mTGhRPq_NY-rtit-aRKMaC9DpMjy-RBkhIFwpudJ_xljin0y0E7ZLgKU_KnZtIL7Z03KRD9CXnzVSmkIeRr-HPMInJN5DyXpYu9M1ij1ZPTpAEWYMh\/w480-h640\/53f50e75-5617-4657-8403-0460abd645a7.jpeg\" width=\"241\" height=\"321\" border=\"0\" data-original-height=\"1600\" data-original-width=\"1200\" \/><\/a>\u00a0A Prefeitura de Afogados vai ao bairro Padre Pedro Pereira inaugurar a pavimenta\u00e7\u00e3o da Rua Pedro Soares de Siqueira e suas duas travessas.<\/div>\n<p style=\"text-align: justify;\">Foram pavimentados 2.975 metros quadrados das tr\u00eas vias, em um investimento de 392 mil Reais.<\/p>\n<p style=\"text-align: justify;\">A inaugura\u00e7\u00e3o acontece nesta quarta-feira, 2 de setembro, a partir das 16h30. A rua e suas travessas ficam pr\u00f3ximas ao CRAS.<\/p>\n","protected":false},"excerpt":{"rendered":"<p>&nbsp;A Prefeitura de Afogados vai ao bairro Padre Pedro Pereira inaugurar a pavimenta&ccedil;&atilde;o da Rua Pedro Soares de Siqueira e suas duas travessas. Foram pavimentados 2.975 metros quadrados das tr&ecirc;s vias, em um investimento de 392 mil Reais. A inaugura&ccedil;&atilde;o acontece nesta quarta-feira, 2 de setembro, a partir das 16h30. A rua e suas travessas &#8230; <a title=\"Prefeitura de Afogados vai inaugurar uma rua e duas travessas essa semana\" class=\"read-more\" href=\"https:\/\/blogdomarcellopatriota.com.br\/blog\/prefeitura-de-afogados-vai-inaugurar-uma-rua-e-duas-travessas-essa-semana\/\" aria-label=\"Read more about Prefeitura de Afogados vai inaugurar uma rua e duas travessas essa semana\">Ler mais<\/a><\/p>\n","protected":false},"author":2,"featured_media":0,"comment_status":"closed","ping_status":"closed","sticky":false,"template":"","format":"standard","meta":{"footnotes":""},"categories":[1],"tags":[],"class_list":["post-110064","post","type-post","status-publish","format-standard","hentry","category-sem-categoria"],"_links":{"self":[{"href":"https:\/\/blogdomarcellopatriota.com.br\/blog\/wp-json\/wp\/v2\/posts\/110064","targetHints":{"allow":["GET"]}}],"collection":[{"href":"https:\/\/blogdomarcellopatriota.com.br\/blog\/wp-json\/wp\/v2\/posts"}],"about":[{"href":"https:\/\/blogdomarcellopatriota.com.br\/blog\/wp-json\/wp\/v2\/types\/post"}],"author":[{"embeddable":true,"href":"https:\/\/blogdomarcellopatriota.com.br\/blog\/wp-json\/wp\/v2\/users\/2"}],"replies":[{"embeddable":true,"href":"https:\/\/blogdomarcellopatriota.com.br\/blog\/wp-json\/wp\/v2\/comments?post=110064"}],"version-history":[{"count":1,"href":"https:\/\/blogdomarcellopatriota.com.br\/blog\/wp-json\/wp\/v2\/posts\/110064\/revisions"}],"predecessor-version":[{"id":110065,"href":"https:\/\/blogdomarcellopatriota.com.br\/blog\/wp-json\/wp\/v2\/posts\/110064\/revisions\/110065"}],"wp:attachment":[{"href":"https:\/\/blogdomarcellopatriota.com.br\/blog\/wp-json\/wp\/v2\/media?parent=110064"}],"wp:term":[{"taxonomy":"category","embeddable":true,"href":"https:\/\/blogdomarcellopatriota.com.br\/blog\/wp-json\/wp\/v2\/categories?post=110064"},{"taxonomy":"post_tag","embeddable":true,"href":"https:\/\/blogdomarcellopatriota.com.br\/blog\/wp-json\/wp\/v2\/tags?post=110064"}],"curies":[{"name":"wp","href":"https:\/\/api.w.org\/{rel}","templated":true}]}}