{"id":110068,"date":"2026-08-31T17:51:34","date_gmt":"2026-08-31T20:51:34","guid":{"rendered":"https:\/\/blogdomarcellopatriota.com.br\/blog\/?p=110068"},"modified":"2026-08-31T17:52:24","modified_gmt":"2026-08-31T20:52:24","slug":"luciano-duque-fortalece-bases-e-amplia-presenca-politica-em-agenda-no-sertao-agreste-e-zona-da-mata","status":"publish","type":"post","link":"https:\/\/blogdomarcellopatriota.com.br\/blog\/luciano-duque-fortalece-bases-e-amplia-presenca-politica-em-agenda-no-sertao-agreste-e-zona-da-mata\/","title":{"rendered":"Luciano Duque fortalece bases e amplia presen\u00e7a pol\u00edtica em agenda no Sert\u00e3o, Agreste e Zona da Mata."},"content":{"rendered":"<div class=\"separator\" style=\"text-align: justify;\"><a href=\"https:\/\/blogger.googleusercontent.com\/img\/b\/R29vZ2xl\/AVvXsEjI-0UQhElbdepovUXl8eAcnlGm8VeHeCrE8AnB2iLYQWB-VR_HhAr2h1qFQbQlFhnwKcKtafU3KnLBTr4gvLdksWL8xvtVXwrRSqwq02tOk22MKX0pcf-00K52SGzhvtQLF5X3uuAOkHyG1jIjY4Kgfb_L9tWHfKXoExxnuYFGR8oFeg076ag8iU5ChAjE\/s1600\/dae552df-c37f-40bd-a0e2-8b98f07db8bf.jpg\"><img fetchpriority=\"high\" decoding=\"async\" class=\"alignleft\" src=\"https:\/\/blogger.googleusercontent.com\/img\/b\/R29vZ2xl\/AVvXsEjI-0UQhElbdepovUXl8eAcnlGm8VeHeCrE8AnB2iLYQWB-VR_HhAr2h1qFQbQlFhnwKcKtafU3KnLBTr4gvLdksWL8xvtVXwrRSqwq02tOk22MKX0pcf-00K52SGzhvtQLF5X3uuAOkHyG1jIjY4Kgfb_L9tWHfKXoExxnuYFGR8oFeg076ag8iU5ChAjE\/w400-h266\/dae552df-c37f-40bd-a0e2-8b98f07db8bf.jpg\" width=\"380\" height=\"253\" border=\"0\" data-original-height=\"1066\" data-original-width=\"1600\" \/><\/a>O deputado estadual e candidato \u00e0 reelei\u00e7\u00e3o Luciano Duque cumpriu uma intensa agenda pelo interior de Pernambuco neste fim de semana (29 e 30), refor\u00e7ando alian\u00e7as e consolidando sua presen\u00e7a pol\u00edtica em diferentes regi\u00f5es do Estado.<\/div>\n<p style=\"text-align: justify;\">No s\u00e1bado (29) pela manh\u00e3, Duque participou de um adesiva\u00e7o em S\u00e3o Jos\u00e9 do Belmonte, acompanhado pelo ex-prefeito Romonilson Mariano, pelos vereadores Fabiana e Cicinho e pela lideran\u00e7a Marcelo Pereira. \u00c0 tarde, seguiu para Iguaracy, onde participou de uma mobiliza\u00e7\u00e3o organizada pelo prefeito Dr. Pedro, com a presen\u00e7a dos vereadores Amaury da Ra\u00e7\u00e3o, Lequinho, Chico Torres e Francisco Sales. O evento reuniu mais de 200 ve\u00edculos refor\u00e7ando a presen\u00e7a do deputado no munic\u00edpio.<img decoding=\"async\" class=\"alignright\" src=\"https:\/\/scontent.fcpv2-2.fna.fbcdn.net\/v\/t39.30808-6\/790425779_1761848395663767_6884518794745911594_n.jpg?stp=dst-jpg_tt6&amp;cstp=mx1080x1350&amp;ctp=s1080x1350&amp;_nc_cat=109&amp;ccb=1-7&amp;_nc_sid=bd9a62&amp;_nc_ohc=GAKUMrJAOjwQ7kNvwG45F-y&amp;_nc_oc=Adq2KE_Z0jd-MqmpHtwz9SsHfE02Gb0HbsIe408Qt_zA-wSAvVtW_TOXDcwPP-WPYZj4fiGdHW6s-SorH1VCap7Z&amp;_nc_zt=23&amp;_nc_ht=scontent.fcpv2-2.fna&amp;_nc_gid=VR3X-pCOvWlOBMhnWLM7aQ&amp;_nc_ss=7b2a8&amp;oh=00_AQIxc8bjEcQ3-MeQ_QXw4oC0Ml3RrZVO_-r0b7R1EnUQWg&amp;oe=6A9BCCAA\" alt=\"Nenhuma descri\u00e7\u00e3o de foto dispon\u00edvel.\" width=\"420\" height=\"525\" \/><\/p>\n<p style=\"text-align: justify;\">\u00c0 noite, o deputado esteve em Pesqueira, onde, ao lado do candidato a deputado federal Miguel Duque, prestigiou a vaquejada do Parque Gonzaga Rufino, acompanhado tamb\u00e9m pelo vereador Pastinha. No domingo \u00e0 tarde, Luciano Duque participou da prociss\u00e3o de Nossa Senhora do Desterro, em Itamb\u00e9, ao lado da candidata a deputada federal Manuella Matos e do vereador Ronaldo Fernandes.<\/p>\n<p style=\"text-align: justify;\">Para Luciano Duque, a agenda demonstra a for\u00e7a do trabalho constru\u00eddo ao longo dos tr\u00eas anos e meio do mandato e a amplia\u00e7\u00e3o das alian\u00e7as em Pernambuco. \u201cA gente vem construindo um trabalho com presen\u00e7a, di\u00e1logo e compromisso com cada munic\u00edpio. \u00c9 muito gratificante perceber esse apoio crescendo e ver nosso projeto cada vez mais consolidado no interior. Seguimos caminhando, ouvindo as pessoas e renovando nossa disposi\u00e7\u00e3o de trabalhar por quem mais precisa\u201d, afirmou.<\/p>\n","protected":false},"excerpt":{"rendered":"<p>O deputado estadual e candidato &agrave; reelei&ccedil;&atilde;o Luciano Duque cumpriu uma intensa agenda pelo interior de Pernambuco neste fim de semana (29 e 30), refor&ccedil;ando alian&ccedil;as e consolidando sua presen&ccedil;a pol&iacute;tica em diferentes regi&otilde;es do Estado. No s&aacute;bado (29) pela manh&atilde;, Duque participou de um adesiva&ccedil;o em S&atilde;o Jos&eacute; do Belmonte, acompanhado pelo ex-prefeito Romonilson &#8230; <a title=\"Luciano Duque fortalece bases e amplia presen\u00e7a pol\u00edtica em agenda no Sert\u00e3o, Agreste e Zona da Mata.\" class=\"read-more\" href=\"https:\/\/blogdomarcellopatriota.com.br\/blog\/luciano-duque-fortalece-bases-e-amplia-presenca-politica-em-agenda-no-sertao-agreste-e-zona-da-mata\/\" aria-label=\"Read more about Luciano Duque fortalece bases e amplia presen\u00e7a pol\u00edtica em agenda no Sert\u00e3o, Agreste e Zona da Mata.\">Ler mais<\/a><\/p>\n","protected":false},"author":2,"featured_media":0,"comment_status":"closed","ping_status":"closed","sticky":false,"template":"","format":"standard","meta":{"footnotes":""},"categories":[1],"tags":[],"class_list":["post-110068","post","type-post","status-publish","format-standard","hentry","category-sem-categoria"],"_links":{"self":[{"href":"https:\/\/blogdomarcellopatriota.com.br\/blog\/wp-json\/wp\/v2\/posts\/110068","targetHints":{"allow":["GET"]}}],"collection":[{"href":"https:\/\/blogdomarcellopatriota.com.br\/blog\/wp-json\/wp\/v2\/posts"}],"about":[{"href":"https:\/\/blogdomarcellopatriota.com.br\/blog\/wp-json\/wp\/v2\/types\/post"}],"author":[{"embeddable":true,"href":"https:\/\/blogdomarcellopatriota.com.br\/blog\/wp-json\/wp\/v2\/users\/2"}],"replies":[{"embeddable":true,"href":"https:\/\/blogdomarcellopatriota.com.br\/blog\/wp-json\/wp\/v2\/comments?post=110068"}],"version-history":[{"count":2,"href":"https:\/\/blogdomarcellopatriota.com.br\/blog\/wp-json\/wp\/v2\/posts\/110068\/revisions"}],"predecessor-version":[{"id":110070,"href":"https:\/\/blogdomarcellopatriota.com.br\/blog\/wp-json\/wp\/v2\/posts\/110068\/revisions\/110070"}],"wp:attachment":[{"href":"https:\/\/blogdomarcellopatriota.com.br\/blog\/wp-json\/wp\/v2\/media?parent=110068"}],"wp:term":[{"taxonomy":"category","embeddable":true,"href":"https:\/\/blogdomarcellopatriota.com.br\/blog\/wp-json\/wp\/v2\/categories?post=110068"},{"taxonomy":"post_tag","embeddable":true,"href":"https:\/\/blogdomarcellopatriota.com.br\/blog\/wp-json\/wp\/v2\/tags?post=110068"}],"curies":[{"name":"wp","href":"https:\/\/api.w.org\/{rel}","templated":true}]}}