{"id":110071,"date":"2026-09-04T17:06:04","date_gmt":"2026-09-04T20:06:04","guid":{"rendered":"https:\/\/blogdomarcellopatriota.com.br\/blog\/?p=110071"},"modified":"2026-09-04T17:07:55","modified_gmt":"2026-09-04T20:07:55","slug":"secretaria-de-educacao-de-brejinho-pe-divulga-programacao-do-7-de-setembro","status":"publish","type":"post","link":"https:\/\/blogdomarcellopatriota.com.br\/blog\/secretaria-de-educacao-de-brejinho-pe-divulga-programacao-do-7-de-setembro\/","title":{"rendered":"Secretaria de Educa\u00e7\u00e3o de Brejinho-PE divulga programa\u00e7\u00e3o do 7 de Setembro"},"content":{"rendered":"<p style=\"text-align: justify;\"><img decoding=\"async\" class=\"aligncenter\" src=\"https:\/\/teixeiraemfoco.com\/images\/noticias\/20490\/6bbfc27c4b5f135d017c85c077a704ea.webp\" alt=\"Foto- Reprodu\u00e7\u00e3o\/ arquivo Secretaria de Educa\u00e7\u00e3o \" \/><img fetchpriority=\"high\" decoding=\"async\" class=\"alignleft\" src=\"https:\/\/teixeiraemfoco.com\/envios\/2026\/08\/31\/efe98b9f16f94743883e23a499cc3d3e.webp\" width=\"360\" height=\"480\" \/><\/p>\n<p style=\"text-align: justify;\"><em><strong>Desfiles c\u00edvicos ser\u00e3o realizados nos dias 4 e 7 de setembro, em Brejinho e na Vila de F\u00e1tima, com participa\u00e7\u00e3o das escolas da rede municipal.<\/strong><\/em><\/p>\n<p style=\"text-align: justify;\">A Secretaria Municipal de Educa\u00e7\u00e3o e Esportes de Brejinho-PE divulgou a programa\u00e7\u00e3o dos desfiles c\u00edvicos em comemora\u00e7\u00e3o ao 7 de Setembro, data que marca a Independ\u00eancia do Brasil. As atividades ser\u00e3o realizadas em Brejinho e na Vila de F\u00e1tima, com a participa\u00e7\u00e3o de estudantes das escolas da rede municipal.<\/p>\n<p style=\"text-align: justify;\">Em Brejinho, o desfile acontece na sexta-feira, 4 de setembro, a partir das 17h, com a participa\u00e7\u00e3o da Escola Municipal de Ensino Fundamental S\u00e3o Sebasti\u00e3o (EMSS).<\/p>\n<p style=\"text-align: justify;\">J\u00e1 na Vila de F\u00e1tima, a programa\u00e7\u00e3o ser\u00e1 realizada na segunda-feira, 7 de setembro, tamb\u00e9m a partir das 17h, reunindo estudantes das escolas EMMFS e EMSTL.<\/p>\n<p style=\"text-align: justify;\">A programa\u00e7\u00e3o tem como objetivo promover um momento de celebra\u00e7\u00e3o c\u00edvica, valorizando a participa\u00e7\u00e3o dos estudantes e da comunidade nas comemora\u00e7\u00f5es da Independ\u00eancia do Brasil.<\/p>\n<p style=\"text-align: justify;\">A Secretaria de Educa\u00e7\u00e3o convida a popula\u00e7\u00e3o para prestigiar os desfiles e participar desse momento de integra\u00e7\u00e3o entre as escolas e a comunidade.<\/p>\n","protected":false},"excerpt":{"rendered":"<p>Desfiles c&iacute;vicos ser&atilde;o realizados nos dias 4 e 7 de setembro, em Brejinho e na Vila de F&aacute;tima, com participa&ccedil;&atilde;o das escolas da rede municipal. A Secretaria Municipal de Educa&ccedil;&atilde;o e Esportes de Brejinho-PE divulgou a programa&ccedil;&atilde;o dos desfiles c&iacute;vicos em comemora&ccedil;&atilde;o ao 7 de Setembro, data que marca a Independ&ecirc;ncia do Brasil. As atividades &#8230; <a title=\"Secretaria de Educa\u00e7\u00e3o de Brejinho-PE divulga programa\u00e7\u00e3o do 7 de Setembro\" class=\"read-more\" href=\"https:\/\/blogdomarcellopatriota.com.br\/blog\/secretaria-de-educacao-de-brejinho-pe-divulga-programacao-do-7-de-setembro\/\" aria-label=\"Read more about Secretaria de Educa\u00e7\u00e3o de Brejinho-PE divulga programa\u00e7\u00e3o do 7 de Setembro\">Ler mais<\/a><\/p>\n","protected":false},"author":2,"featured_media":0,"comment_status":"closed","ping_status":"closed","sticky":false,"template":"","format":"standard","meta":{"footnotes":""},"categories":[1],"tags":[],"class_list":["post-110071","post","type-post","status-publish","format-standard","hentry","category-sem-categoria"],"_links":{"self":[{"href":"https:\/\/blogdomarcellopatriota.com.br\/blog\/wp-json\/wp\/v2\/posts\/110071","targetHints":{"allow":["GET"]}}],"collection":[{"href":"https:\/\/blogdomarcellopatriota.com.br\/blog\/wp-json\/wp\/v2\/posts"}],"about":[{"href":"https:\/\/blogdomarcellopatriota.com.br\/blog\/wp-json\/wp\/v2\/types\/post"}],"author":[{"embeddable":true,"href":"https:\/\/blogdomarcellopatriota.com.br\/blog\/wp-json\/wp\/v2\/users\/2"}],"replies":[{"embeddable":true,"href":"https:\/\/blogdomarcellopatriota.com.br\/blog\/wp-json\/wp\/v2\/comments?post=110071"}],"version-history":[{"count":3,"href":"https:\/\/blogdomarcellopatriota.com.br\/blog\/wp-json\/wp\/v2\/posts\/110071\/revisions"}],"predecessor-version":[{"id":110207,"href":"https:\/\/blogdomarcellopatriota.com.br\/blog\/wp-json\/wp\/v2\/posts\/110071\/revisions\/110207"}],"wp:attachment":[{"href":"https:\/\/blogdomarcellopatriota.com.br\/blog\/wp-json\/wp\/v2\/media?parent=110071"}],"wp:term":[{"taxonomy":"category","embeddable":true,"href":"https:\/\/blogdomarcellopatriota.com.br\/blog\/wp-json\/wp\/v2\/categories?post=110071"},{"taxonomy":"post_tag","embeddable":true,"href":"https:\/\/blogdomarcellopatriota.com.br\/blog\/wp-json\/wp\/v2\/tags?post=110071"}],"curies":[{"name":"wp","href":"https:\/\/api.w.org\/{rel}","templated":true}]}}