{"id":110080,"date":"2026-09-01T07:38:40","date_gmt":"2026-09-01T10:38:40","guid":{"rendered":"https:\/\/blogdomarcellopatriota.com.br\/blog\/?p=110080"},"modified":"2026-09-01T07:38:40","modified_gmt":"2026-09-01T10:38:40","slug":"prefeita-de-sertania-pollyanna-abreu-declara-apoio-a-humberto-costa-ao-senado","status":"publish","type":"post","link":"https:\/\/blogdomarcellopatriota.com.br\/blog\/prefeita-de-sertania-pollyanna-abreu-declara-apoio-a-humberto-costa-ao-senado\/","title":{"rendered":"Prefeita de Sert\u00e2nia, Pollyanna Abreu, declara apoio a Humberto Costa ao Senado"},"content":{"rendered":"<div class=\"chamada text-center mb-3\"><img fetchpriority=\"high\" decoding=\"async\" class=\"attachment-large size-large wp-post-image alignleft\" src=\"https:\/\/i0.wp.com\/nilljunior.com.br\/wp-content\/uploads\/2026\/08\/copy_DFF32E67-6A61-4C4A-AEA7-36FDB73C0124.jpeg?fit=366%2C400&amp;ssl=1\" sizes=\"auto, (max-width: 366px) 100vw, 366px\" srcset=\"https:\/\/i0.wp.com\/nilljunior.com.br\/wp-content\/uploads\/2026\/08\/copy_DFF32E67-6A61-4C4A-AEA7-36FDB73C0124.jpeg?w=2152&amp;ssl=1 2152w, https:\/\/i0.wp.com\/nilljunior.com.br\/wp-content\/uploads\/2026\/08\/copy_DFF32E67-6A61-4C4A-AEA7-36FDB73C0124.jpeg?resize=229%2C250&amp;ssl=1 229w, https:\/\/i0.wp.com\/nilljunior.com.br\/wp-content\/uploads\/2026\/08\/copy_DFF32E67-6A61-4C4A-AEA7-36FDB73C0124.jpeg?resize=366%2C400&amp;ssl=1 366w, https:\/\/i0.wp.com\/nilljunior.com.br\/wp-content\/uploads\/2026\/08\/copy_DFF32E67-6A61-4C4A-AEA7-36FDB73C0124.jpeg?resize=768%2C839&amp;ssl=1 768w, https:\/\/i0.wp.com\/nilljunior.com.br\/wp-content\/uploads\/2026\/08\/copy_DFF32E67-6A61-4C4A-AEA7-36FDB73C0124.jpeg?resize=1405%2C1536&amp;ssl=1 1405w, https:\/\/i0.wp.com\/nilljunior.com.br\/wp-content\/uploads\/2026\/08\/copy_DFF32E67-6A61-4C4A-AEA7-36FDB73C0124.jpeg?resize=1874%2C2048&amp;ssl=1 1874w, https:\/\/i0.wp.com\/nilljunior.com.br\/wp-content\/uploads\/2026\/08\/copy_DFF32E67-6A61-4C4A-AEA7-36FDB73C0124.jpeg?w=2000&amp;ssl=1 2000w\" alt=\"\" width=\"366\" height=\"400\" data-attachment-id=\"334167\" data-permalink=\"https:\/\/nilljunior.com.br\/prefeita-de-sertania-pollyanna-abreu-declara-apoio-a-humberto-costa-ao-senado\/copy_dff32e67-6a61-4c4a-aea7-36fdb73c0124\/\" data-orig-file=\"https:\/\/i0.wp.com\/nilljunior.com.br\/wp-content\/uploads\/2026\/08\/copy_DFF32E67-6A61-4C4A-AEA7-36FDB73C0124.jpeg?fit=2152%2C2352&amp;ssl=1\" data-orig-size=\"2152,2352\" data-comments-opened=\"0\" data-image-meta=\"{&quot;aperture&quot;:&quot;0&quot;,&quot;credit&quot;:&quot;&quot;,&quot;camera&quot;:&quot;&quot;,&quot;caption&quot;:&quot;{\\&quot;data\\&quot;:{\\&quot;os\\&quot;:\\&quot;ios\\&quot;,\\&quot;capability_name\\&quot;:\\&quot;capcut_photo_editor\\&quot;,\\&quot;region\\&quot;:\\&quot;BR\\&quot;,\\&quot;source_platform\\&quot;:\\&quot;mobile_1\\&quot;,\\&quot;client_key\\&quot;:\\&quot;aw889s25wozf8s7e\\&quot;,\\&quot;product\\&quot;:\\&quot;vicut\\&quot;,\\&quot;editType\\&quot;:\\&quot;image_edit\\&quot;,\\&quot;enterFrom\\&quot;:\\&quot;cover\\&quot;,\\&quot;pictureId\\&quot;:\\&quot;044F1E5D-B5B0-4215-A632-9FFE228FE343\\&quot;,\\&quot;appVersion\\&quot;:\\&quot;19.1.0\\&quot;,\\&quot;source_type\\&quot;:\\&quot;vicut\\&quot;},\\&quot;source_type\\&quot;:\\&quot;vicut\\&quot;,\\&quot;tiktok_developers_3p_anchor_params\\&quot;:\\&quot;{\\&quot;os\\&quot;:\\&quot;ios\\&quot;,\\&quot;capability_name\\&quot;:\\&quot;capcut_photo_editor\\&quot;,\\&quot;enterFrom\\&quot;:\\&quot;cover\\&quot;,\\&quot;region\\&quot;:\\&quot;BR\\&quot;,\\&quot;appVersion\\&quot;:\\&quot;19.1.0\\&quot;,\\&quot;pictureId\\&quot;:\\&quot;044F1E5D-B5B0-4215-A632-9FFE228FE343\\&quot;,\\&quot;client_key\\&quot;:\\&quot;aw889s25wozf8s7e\\&quot;,\\&quot;product\\&quot;:\\&quot;vicut\\&quot;,\\&quot;source_type\\&quot;:\\&quot;vicut\\&quot;,\\&quot;source_platform\\&quot;:\\&quot;mobile_1\\&quot;,\\&quot;editType\\&quot;:\\&quot;image_edit\\&quot;}\\&quot;}&quot;,&quot;created_timestamp&quot;:&quot;0&quot;,&quot;copyright&quot;:&quot;&quot;,&quot;focal_length&quot;:&quot;0&quot;,&quot;iso&quot;:&quot;0&quot;,&quot;shutter_speed&quot;:&quot;0&quot;,&quot;title&quot;:&quot;&quot;,&quot;orientation&quot;:&quot;1&quot;}\" data-image-title=\"copy_DFF32E67-6A61-4C4A-AEA7-36FDB73C0124\" data-image-description=\"\" data-image-caption=\"&lt;p&gt;{&amp;#8220;data&amp;#8221;:{&amp;#8220;os&amp;#8221;:&amp;#8221;ios&amp;#8221;,&amp;#8221;capability_name&amp;#8221;:&amp;#8221;capcut_photo_editor&amp;#8221;,&amp;#8221;region&amp;#8221;:&amp;#8221;BR&amp;#8221;,&amp;#8221;source_platform&amp;#8221;:&amp;#8221;mobile_1&amp;#8243;,&amp;#8221;client_key&amp;#8221;:&amp;#8221;aw889s25wozf8s7e&amp;#8221;,&amp;#8221;product&amp;#8221;:&amp;#8221;vicut&amp;#8221;,&amp;#8221;editType&amp;#8221;:&amp;#8221;image_edit&amp;#8221;,&amp;#8221;enterFrom&amp;#8221;:&amp;#8221;cover&amp;#8221;,&amp;#8221;pictureId&amp;#8221;:&amp;#8221;044F1E5D-B5B0-4215-A632-9FFE228FE343&amp;#8243;,&amp;#8221;appVersion&amp;#8221;:&amp;#8221;19.1.0&amp;#8243;,&amp;#8221;source_type&amp;#8221;:&amp;#8221;vicut&amp;#8221;},&amp;#8221;source_type&amp;#8221;:&amp;#8221;vicut&amp;#8221;,&amp;#8221;tiktok_developers_3p_anchor_params&amp;#8221;:&amp;#8221;{&amp;#8220;os&amp;#8221;:&amp;#8221;ios&amp;#8221;,&amp;#8221;capability_name&amp;#8221;:&amp;#8221;capcut_photo_editor&amp;#8221;,&amp;#8221;enterFrom&amp;#8221;:&amp;#8221;cover&amp;#8221;,&amp;#8221;region&amp;#8221;:&amp;#8221;BR&amp;#8221;,&amp;#8221;appVersion&amp;#8221;:&amp;#8221;19.1.0&amp;#8243;,&amp;#8221;pictureId&amp;#8221;:&amp;#8221;044F1E5D-B5B0-4215-A632-9FFE228FE343&amp;#8243;,&amp;#8221;client_key&amp;#8221;:&amp;#8221;aw889s25wozf8s7e&amp;#8221;,&amp;#8221;product&amp;#8221;:&amp;#8221;vicut&amp;#8221;,&amp;#8221;source_type&amp;#8221;:&amp;#8221;vicut&amp;#8221;,&amp;#8221;source_platform&amp;#8221;:&amp;#8221;mobile_1&amp;#8243;,&amp;#8221;editType&amp;#8221;:&amp;#8221;image_edit&amp;#8221;}&amp;#8221;}&lt;\/p&gt;\n\" data-large-file=\"https:\/\/i0.wp.com\/nilljunior.com.br\/wp-content\/uploads\/2026\/08\/copy_DFF32E67-6A61-4C4A-AEA7-36FDB73C0124.jpeg?fit=366%2C400&amp;ssl=1\" \/><\/div>\n<p style=\"text-align: justify;\">Gestora divulgou v\u00eddeo ao lado do senador e afirmou que apoiar\u00e1 sua candidatura nas elei\u00e7\u00f5es deste ano.<\/p>\n<p style=\"text-align: justify;\">A prefeita de Sert\u00e2nia, Pollyanna Abreu, declarou apoio \u00e0 candidatura do senador Humberto Costa (PT) \u00e0 reelei\u00e7\u00e3o. O an\u00fancio foi feito em um v\u00eddeo divulgado nas redes sociais, no qual os dois aparecem juntos.<\/p>\n<p style=\"text-align: justify;\">Na grava\u00e7\u00e3o, Pollyanna afirmou que o senador tem mantido atua\u00e7\u00e3o junto ao munic\u00edpio e confirmou a posi\u00e7\u00e3o de seu grupo na disputa pelo Senado.<\/p>\n<p style=\"text-align: justify;\">\u201cEstamos aqui com o senador Humberto Costa, ele que sempre ajudou Sert\u00e2nia, e hoje a gente est\u00e1 aqui reafirmando o compromisso de que ele ser\u00e1 o nosso senador l\u00e1 em Sert\u00e2nia\u201d, disse a prefeita.<\/p>\n<p style=\"text-align: justify;\">Humberto agradeceu o apoio e afirmou que pretende manter a parceria pol\u00edtica com a gest\u00e3o municipal. \u201cJunto com Sert\u00e2nia, nossa parceria vai continuar, vai se aprofundar para o crescimento e o desenvolvimento de Sert\u00e2nia\u201d, declarou.<\/p>\n<p style=\"text-align: justify;\">Em publica\u00e7\u00e3o que acompanha o v\u00eddeo, o senador afirmou ter recebido \u201ccom muita alegria\u201d o apoio da prefeita e disse que pretende atuar em conjunto com a gestora no Sert\u00e3o do Moxot\u00f3.<\/p>\n<p><iframe id=\"instagram-embed-0\" class=\"instagram-media instagram-media-rendered\" src=\"https:\/\/www.instagram.com\/reel\/DcuCfkNPBi5\/embed\/captioned\/?cr=1&amp;v=14&amp;rd=https%3A%2F%2Fnilljunior.com.br&amp;rp=%2F#%7B%22ci%22%3A0%2C%22os%22%3A5355.899999991059%7D\" height=\"1423\" frameborder=\"0\" scrolling=\"no\" allowfullscreen=\"allowfullscreen\" data-instgrm-payload-id=\"instagram-media-payload-0\" data-mce-fragment=\"1\"><\/iframe><\/p>\n<p>&nbsp;<\/p>\n<p>A ades\u00e3o de Pollyanna passa a integrar a movimenta\u00e7\u00e3o de apoios municipais \u00e0s candidaturas ao Senado em Pernambuco, em meio \u00e0s articula\u00e7\u00f5es para as elei\u00e7\u00f5es de outubro.<\/p>\n","protected":false},"excerpt":{"rendered":"<p>Gestora divulgou v&iacute;deo ao lado do senador e afirmou que apoiar&aacute; sua candidatura nas elei&ccedil;&otilde;es deste ano. A prefeita de Sert&acirc;nia, Pollyanna Abreu, declarou apoio &agrave; candidatura do senador Humberto Costa (PT) &agrave; reelei&ccedil;&atilde;o. O an&uacute;ncio foi feito em um v&iacute;deo divulgado nas redes sociais, no qual os dois aparecem juntos. Na grava&ccedil;&atilde;o, Pollyanna afirmou &#8230; <a title=\"Prefeita de Sert\u00e2nia, Pollyanna Abreu, declara apoio a Humberto Costa ao Senado\" class=\"read-more\" href=\"https:\/\/blogdomarcellopatriota.com.br\/blog\/prefeita-de-sertania-pollyanna-abreu-declara-apoio-a-humberto-costa-ao-senado\/\" aria-label=\"Read more about Prefeita de Sert\u00e2nia, Pollyanna Abreu, declara apoio a Humberto Costa ao Senado\">Ler mais<\/a><\/p>\n","protected":false},"author":2,"featured_media":0,"comment_status":"closed","ping_status":"closed","sticky":false,"template":"","format":"standard","meta":{"footnotes":""},"categories":[1],"tags":[],"class_list":["post-110080","post","type-post","status-publish","format-standard","hentry","category-sem-categoria"],"_links":{"self":[{"href":"https:\/\/blogdomarcellopatriota.com.br\/blog\/wp-json\/wp\/v2\/posts\/110080","targetHints":{"allow":["GET"]}}],"collection":[{"href":"https:\/\/blogdomarcellopatriota.com.br\/blog\/wp-json\/wp\/v2\/posts"}],"about":[{"href":"https:\/\/blogdomarcellopatriota.com.br\/blog\/wp-json\/wp\/v2\/types\/post"}],"author":[{"embeddable":true,"href":"https:\/\/blogdomarcellopatriota.com.br\/blog\/wp-json\/wp\/v2\/users\/2"}],"replies":[{"embeddable":true,"href":"https:\/\/blogdomarcellopatriota.com.br\/blog\/wp-json\/wp\/v2\/comments?post=110080"}],"version-history":[{"count":1,"href":"https:\/\/blogdomarcellopatriota.com.br\/blog\/wp-json\/wp\/v2\/posts\/110080\/revisions"}],"predecessor-version":[{"id":110082,"href":"https:\/\/blogdomarcellopatriota.com.br\/blog\/wp-json\/wp\/v2\/posts\/110080\/revisions\/110082"}],"wp:attachment":[{"href":"https:\/\/blogdomarcellopatriota.com.br\/blog\/wp-json\/wp\/v2\/media?parent=110080"}],"wp:term":[{"taxonomy":"category","embeddable":true,"href":"https:\/\/blogdomarcellopatriota.com.br\/blog\/wp-json\/wp\/v2\/categories?post=110080"},{"taxonomy":"post_tag","embeddable":true,"href":"https:\/\/blogdomarcellopatriota.com.br\/blog\/wp-json\/wp\/v2\/tags?post=110080"}],"curies":[{"name":"wp","href":"https:\/\/api.w.org\/{rel}","templated":true}]}}