{"id":110100,"date":"2026-09-01T16:48:49","date_gmt":"2026-09-01T19:48:49","guid":{"rendered":"https:\/\/blogdomarcellopatriota.com.br\/blog\/?p=110100"},"modified":"2026-09-01T16:49:24","modified_gmt":"2026-09-01T19:49:24","slug":"artistas-e-escritores-de-sertania-levam-literatura-e-cultura-do-moxoto-a-sao-paulo","status":"publish","type":"post","link":"https:\/\/blogdomarcellopatriota.com.br\/blog\/artistas-e-escritores-de-sertania-levam-literatura-e-cultura-do-moxoto-a-sao-paulo\/","title":{"rendered":"Artistas e escritores de Sert\u00e2nia levam literatura e cultura do Moxot\u00f3 a S\u00e3o Paulo"},"content":{"rendered":"<p style=\"text-align: justify;\"><img fetchpriority=\"high\" decoding=\"async\" class=\"alignleft\" src=\"https:\/\/scontent.fcpv2-2.fna.fbcdn.net\/v\/t39.30808-6\/793158951_1762875378894402_4446662628432971971_n.jpg?stp=dst-jpg_tt6&amp;cstp=mx701x588&amp;ctp=s701x588&amp;_nc_cat=103&amp;ccb=1-7&amp;_nc_sid=bd9a62&amp;_nc_ohc=xVT8c_X_rk8Q7kNvwEuSAYC&amp;_nc_oc=AdopNoLSu1YkheBUNMptOs3ZvafxW-WAmBR6DfbCfAtrkaqu4Sq19QCDj6NxnNaQfuJN-cqJg3X-_HI8VKTpYiGF&amp;_nc_zt=23&amp;_nc_ht=scontent.fcpv2-2.fna&amp;_nc_gid=_bvK63vCC6RtsMIeN1Qs-g&amp;_nc_ss=7b2a8&amp;oh=00_AQIfJ7VPMbfFe62gE0mXI15OG4iopmdUF8APwQDvlwLqLw&amp;oe=6A9CEF94\" alt=\"Nenhuma descri\u00e7\u00e3o de foto dispon\u00edvel.\" width=\"379\" height=\"318\" \/>A literatura, a poesia e a m\u00fasica de Sert\u00e2nia estar\u00e3o presentes em S\u00e3o Paulo entre os dias 04 e 13 de setembro. Escritores, cordelistas e artistas da cidade participam de uma programa\u00e7\u00e3o cultural que inclui a 28\u00aa Bienal Internacional do Livro e outros encontros pela capital paulista.<\/p>\n<p style=\"text-align: justify;\">Na Bienal, no distrito Anhembi, Vanuza Silva lan\u00e7a, das 12h \u00e0s 14h, os livros Gafanhoto ou Esperan\u00e7a? e CA-RAN e os Mist\u00e9rios do Manguezal, no estande 76, na Rua J. Das 14h \u00e0s 16h, Josessandro Andrade apresenta A Roda do Esc\u00e1rnio no mesmo espa\u00e7o.<\/p>\n<p style=\"text-align: justify;\">\u00c0s 17h, Josessandro, finalista na categoria poesia do Pr\u00eamio Brasili\u00ea 2, participa do lan\u00e7amento e da sess\u00e3o de aut\u00f3grafos da Antologia do Pr\u00eamio Brasili\u00ea, no estande da Editora Articule, na Rua K, n\u00famero 35.<\/p>\n<p style=\"text-align: justify;\">A programa\u00e7\u00e3o na Bienal termina \u00e0s 19h, com forr\u00f3 p\u00e9-de-serra apresentado por Luiz Wilson e Trio Pintando o Sete, no estande da Editora Imep.<\/p>\n<p style=\"text-align: justify;\">Fora da Bienal, os artistas participam de uma entrevista no programa Pintando o Sete, da R\u00e1dio Imprensa FM, no dia 6, \u00e0s 11h.<\/p>\n<p style=\"text-align: justify;\">No dia 7, em Parelheiros, a Casa Di Fatel recebe o anivers\u00e1rio da institui\u00e7\u00e3o, com o lan\u00e7amento do romance O Doce Amargo do A\u00e7\u00facar, de Paulo Mapu, e de dez novos cord\u00e9is de Josessandro Andrade, al\u00e9m de recital e forr\u00f3.<\/p>\n<p style=\"text-align: justify;\">J\u00e1 no dia 12, \u00e0s 19h, acontece o II Encontro de Sertanienses, no Bar 4 Estrelas, em Vila Guilherme. A programa\u00e7\u00e3o celebra os 19 anos do programa de Luiz Wilson e ter\u00e1 apresenta\u00e7\u00f5es art\u00edsticas e a Feira do Livro Sertanejo, com nomes do cordel nacional.<\/p>\n<p style=\"text-align: justify;\">A agenda termina no dia 13, ao meio-dia, no Chateau do Dand\u00e3o, em Sumar\u00e9, durante um encontro familiar com programa\u00e7\u00e3o cultural.<\/p>\n<p style=\"text-align: justify;\">A iniciativa leva para S\u00e3o Paulo parte da produ\u00e7\u00e3o liter\u00e1ria e art\u00edstica de Sert\u00e2nia, aproximando escritores, m\u00fasicos e cordelistas do p\u00fablico da capital paulista.\u00a0 PE NOTICIAS<\/p>\n","protected":false},"excerpt":{"rendered":"<p>A literatura, a poesia e a m&uacute;sica de Sert&acirc;nia estar&atilde;o presentes em S&atilde;o Paulo entre os dias 04 e 13 de setembro. Escritores, cordelistas e artistas da cidade participam de uma programa&ccedil;&atilde;o cultural que inclui a 28&ordf; Bienal Internacional do Livro e outros encontros pela capital paulista. Na Bienal, no distrito Anhembi, Vanuza Silva lan&ccedil;a, &#8230; <a title=\"Artistas e escritores de Sert\u00e2nia levam literatura e cultura do Moxot\u00f3 a S\u00e3o Paulo\" class=\"read-more\" href=\"https:\/\/blogdomarcellopatriota.com.br\/blog\/artistas-e-escritores-de-sertania-levam-literatura-e-cultura-do-moxoto-a-sao-paulo\/\" aria-label=\"Read more about Artistas e escritores de Sert\u00e2nia levam literatura e cultura do Moxot\u00f3 a S\u00e3o Paulo\">Ler mais<\/a><\/p>\n","protected":false},"author":2,"featured_media":0,"comment_status":"closed","ping_status":"closed","sticky":false,"template":"","format":"standard","meta":{"footnotes":""},"categories":[1],"tags":[],"class_list":["post-110100","post","type-post","status-publish","format-standard","hentry","category-sem-categoria"],"_links":{"self":[{"href":"https:\/\/blogdomarcellopatriota.com.br\/blog\/wp-json\/wp\/v2\/posts\/110100","targetHints":{"allow":["GET"]}}],"collection":[{"href":"https:\/\/blogdomarcellopatriota.com.br\/blog\/wp-json\/wp\/v2\/posts"}],"about":[{"href":"https:\/\/blogdomarcellopatriota.com.br\/blog\/wp-json\/wp\/v2\/types\/post"}],"author":[{"embeddable":true,"href":"https:\/\/blogdomarcellopatriota.com.br\/blog\/wp-json\/wp\/v2\/users\/2"}],"replies":[{"embeddable":true,"href":"https:\/\/blogdomarcellopatriota.com.br\/blog\/wp-json\/wp\/v2\/comments?post=110100"}],"version-history":[{"count":2,"href":"https:\/\/blogdomarcellopatriota.com.br\/blog\/wp-json\/wp\/v2\/posts\/110100\/revisions"}],"predecessor-version":[{"id":110102,"href":"https:\/\/blogdomarcellopatriota.com.br\/blog\/wp-json\/wp\/v2\/posts\/110100\/revisions\/110102"}],"wp:attachment":[{"href":"https:\/\/blogdomarcellopatriota.com.br\/blog\/wp-json\/wp\/v2\/media?parent=110100"}],"wp:term":[{"taxonomy":"category","embeddable":true,"href":"https:\/\/blogdomarcellopatriota.com.br\/blog\/wp-json\/wp\/v2\/categories?post=110100"},{"taxonomy":"post_tag","embeddable":true,"href":"https:\/\/blogdomarcellopatriota.com.br\/blog\/wp-json\/wp\/v2\/tags?post=110100"}],"curies":[{"name":"wp","href":"https:\/\/api.w.org\/{rel}","templated":true}]}}