{"id":110108,"date":"2026-09-01T16:59:58","date_gmt":"2026-09-01T19:59:58","guid":{"rendered":"https:\/\/blogdomarcellopatriota.com.br\/blog\/?p=110108"},"modified":"2026-09-01T16:59:58","modified_gmt":"2026-09-01T19:59:58","slug":"sertania-cresce-445-desde-o-ultimo-censo-e-chega-a-34-273-habitantes","status":"publish","type":"post","link":"https:\/\/blogdomarcellopatriota.com.br\/blog\/sertania-cresce-445-desde-o-ultimo-censo-e-chega-a-34-273-habitantes\/","title":{"rendered":"Sert\u00e2nia cresce 4,45% desde o \u00faltimo Censo e chega a 34.273 habitantes"},"content":{"rendered":"<p><em><img fetchpriority=\"high\" decoding=\"async\" class=\"alignleft\" src=\"https:\/\/scontent.fcpv2-2.fna.fbcdn.net\/v\/t39.30808-6\/792520914_27979581251738305_8666172776680522567_n.jpg?stp=dst-jpg_tt6&amp;cstp=mx720x393&amp;ctp=s720x393&amp;_nc_cat=108&amp;ccb=1-7&amp;_nc_sid=bd9a62&amp;_nc_eui2=AeGgxEY20Npf-T0hcEHR6onN1LK2jhgSg7rUsraOGBKDuqhpjAdQEzBleBnhCtyuxwemX9EO3HTQhSfQuRCYtzhA&amp;_nc_ohc=m2rR03i29TkQ7kNvwE0Zp13&amp;_nc_oc=Adr4wzT8uXcFD8mrFt2txlLTLWJQEiQzwEUnvg8G7BCV0vbm62PsPrjzNwm9bFADnV860DcQfdI-sWd0QGZqm1aS&amp;_nc_pt=1&amp;_nc_zt=23&amp;_nc_ht=scontent.fcpv2-2.fna&amp;_nc_gid=rkmGX7phN0pPi6Od00q3oQ&amp;_nc_ss=7b2a8&amp;oh=00_AQJEeEGsJaR_QJrirCtoQjPYciV0RR5yPbWSfTMoWH0cWA&amp;oe=6A9D055E\" alt=\"Pode ser uma imagem de tabuleta, monumento e texto\" width=\"526\" height=\"287\" \/><strong>Moxot\u00f3 da Gente<\/strong><\/em><\/p>\n<p style=\"text-align: justify;\">Sert\u00e2nia ganhou 1.462 novos moradores desde o \u00faltimo Censo Demogr\u00e1fico. A popula\u00e7\u00e3o do munic\u00edpio passou de 32.811 habitantes, em 2022, para 34.273 em 2026, segundo a estimativa mais recente do Instituto Brasileiro de Geografia e Estat\u00edstica (IBGE). O crescimento \u00e9 de 4,45% no per\u00edodo.<\/p>\n<p style=\"text-align: justify;\">O aumento, no entanto, n\u00e3o alterou a faixa do munic\u00edpio no Fundo de Participa\u00e7\u00e3o dos Munic\u00edpios (FPM). Para o exerc\u00edcio financeiro de 2026, Sert\u00e2nia permanece com coeficiente 1,6, um dos crit\u00e9rios utilizados para definir a distribui\u00e7\u00e3o dos recursos do fundo entre as prefeituras.<\/p>\n<p style=\"text-align: justify;\">A estimativa populacional tamb\u00e9m serve de refer\u00eancia para diferentes indicadores e pol\u00edticas p\u00fablicas e permite acompanhar a evolu\u00e7\u00e3o demogr\u00e1fica do munic\u00edpio entre os levantamentos censit\u00e1rios.<\/p>\n","protected":false},"excerpt":{"rendered":"<p>Moxot&oacute; da Gente Sert&acirc;nia ganhou 1.462 novos moradores desde o &uacute;ltimo Censo Demogr&aacute;fico. A popula&ccedil;&atilde;o do munic&iacute;pio passou de 32.811 habitantes, em 2022, para 34.273 em 2026, segundo a estimativa mais recente do Instituto Brasileiro de Geografia e Estat&iacute;stica (IBGE). O crescimento &eacute; de 4,45% no per&iacute;odo. O aumento, no entanto, n&atilde;o alterou a faixa &#8230; <a title=\"Sert\u00e2nia cresce 4,45% desde o \u00faltimo Censo e chega a 34.273 habitantes\" class=\"read-more\" href=\"https:\/\/blogdomarcellopatriota.com.br\/blog\/sertania-cresce-445-desde-o-ultimo-censo-e-chega-a-34-273-habitantes\/\" aria-label=\"Read more about Sert\u00e2nia cresce 4,45% desde o \u00faltimo Censo e chega a 34.273 habitantes\">Ler mais<\/a><\/p>\n","protected":false},"author":2,"featured_media":0,"comment_status":"closed","ping_status":"closed","sticky":false,"template":"","format":"standard","meta":{"footnotes":""},"categories":[1],"tags":[],"class_list":["post-110108","post","type-post","status-publish","format-standard","hentry","category-sem-categoria"],"_links":{"self":[{"href":"https:\/\/blogdomarcellopatriota.com.br\/blog\/wp-json\/wp\/v2\/posts\/110108","targetHints":{"allow":["GET"]}}],"collection":[{"href":"https:\/\/blogdomarcellopatriota.com.br\/blog\/wp-json\/wp\/v2\/posts"}],"about":[{"href":"https:\/\/blogdomarcellopatriota.com.br\/blog\/wp-json\/wp\/v2\/types\/post"}],"author":[{"embeddable":true,"href":"https:\/\/blogdomarcellopatriota.com.br\/blog\/wp-json\/wp\/v2\/users\/2"}],"replies":[{"embeddable":true,"href":"https:\/\/blogdomarcellopatriota.com.br\/blog\/wp-json\/wp\/v2\/comments?post=110108"}],"version-history":[{"count":1,"href":"https:\/\/blogdomarcellopatriota.com.br\/blog\/wp-json\/wp\/v2\/posts\/110108\/revisions"}],"predecessor-version":[{"id":110109,"href":"https:\/\/blogdomarcellopatriota.com.br\/blog\/wp-json\/wp\/v2\/posts\/110108\/revisions\/110109"}],"wp:attachment":[{"href":"https:\/\/blogdomarcellopatriota.com.br\/blog\/wp-json\/wp\/v2\/media?parent=110108"}],"wp:term":[{"taxonomy":"category","embeddable":true,"href":"https:\/\/blogdomarcellopatriota.com.br\/blog\/wp-json\/wp\/v2\/categories?post=110108"},{"taxonomy":"post_tag","embeddable":true,"href":"https:\/\/blogdomarcellopatriota.com.br\/blog\/wp-json\/wp\/v2\/tags?post=110108"}],"curies":[{"name":"wp","href":"https:\/\/api.w.org\/{rel}","templated":true}]}}