{"id":110110,"date":"2026-09-01T22:28:47","date_gmt":"2026-09-02T01:28:47","guid":{"rendered":"https:\/\/blogdomarcellopatriota.com.br\/blog\/?p=110110"},"modified":"2026-09-01T22:28:47","modified_gmt":"2026-09-02T01:28:47","slug":"apos-articulacao-de-luciano-duque-obras-da-pe-430-comecam-em-sao-jose-do-belmonte","status":"publish","type":"post","link":"https:\/\/blogdomarcellopatriota.com.br\/blog\/apos-articulacao-de-luciano-duque-obras-da-pe-430-comecam-em-sao-jose-do-belmonte\/","title":{"rendered":"Ap\u00f3s articula\u00e7\u00e3o de Luciano Duque, obras da PE-430 come\u00e7am em S\u00e3o Jos\u00e9 do Belmonte"},"content":{"rendered":"<div class=\"separator\" style=\"text-align: justify;\"><a href=\"https:\/\/blogger.googleusercontent.com\/img\/b\/R29vZ2xl\/AVvXsEhoAQcv6i3WXrOum7JMSQAbpODJD5wXakZr08U5XNz-DqTSo79IskAA-EX-Qdu64Pz4cQCNOWSPxci0Gxxsw9DsWX8cYhxlAsVIhTDE2CStOEjmyCkk6U5V-_b7vsAYS4AkIXs6S0mM65fRRD0NE9emUXC9vniiA8d1rt4LnE6o1QkXgjw9msZ3WAnX1KGa\/s1280\/536896f1-1bf6-47d4-b27a-fe733fa81fb5.jpg\"><img fetchpriority=\"high\" decoding=\"async\" class=\"alignleft\" src=\"https:\/\/blogger.googleusercontent.com\/img\/b\/R29vZ2xl\/AVvXsEhoAQcv6i3WXrOum7JMSQAbpODJD5wXakZr08U5XNz-DqTSo79IskAA-EX-Qdu64Pz4cQCNOWSPxci0Gxxsw9DsWX8cYhxlAsVIhTDE2CStOEjmyCkk6U5V-_b7vsAYS4AkIXs6S0mM65fRRD0NE9emUXC9vniiA8d1rt4LnE6o1QkXgjw9msZ3WAnX1KGa\/w400-h300\/536896f1-1bf6-47d4-b27a-fe733fa81fb5.jpg\" width=\"400\" height=\"300\" border=\"0\" data-original-height=\"960\" data-original-width=\"1280\" \/><\/a>Uma reivindica\u00e7\u00e3o antiga da popula\u00e7\u00e3o de S\u00e3o Jos\u00e9 do Belmonte come\u00e7ou a sair do papel, nesta segunda-feira (31). O deputado estadual Luciano Duque comemorou o in\u00edcio das obras de recupera\u00e7\u00e3o da PE-430, rodovia importante para a mobilidade, o desenvolvimento econ\u00f4mico e o escoamento da produ\u00e7\u00e3o no Sert\u00e3o pernambucano.<\/div>\n<p style=\"text-align: justify;\">A recupera\u00e7\u00e3o da estrada vem sendo defendida por Duque desde 2023. Ao longo desse per\u00edodo, o parlamentar levou a demanda ao Governo de Pernambuco, manteve articula\u00e7\u00f5es com a gest\u00e3o estadual e acompanhou o avan\u00e7o do processo at\u00e9 o in\u00edcio efetivo dos servi\u00e7os.<\/p>\n<p style=\"text-align: justify;\">\u201c\u00c9 muito gratificante ver uma luta que acompanhamos desde o come\u00e7o se transformar em obra. N\u00e3o basta apresentar a demanda, \u00e9 preciso cobrar, acompanhar e trabalhar para que ela aconte\u00e7a. Hoje, a popula\u00e7\u00e3o de S\u00e3o Jos\u00e9 do Belmonte come\u00e7a a ver esse resultado na pr\u00e1tica\u201d, afirmou Luciano Duque.<\/p>\n<p style=\"text-align: justify;\">O deputado ressaltou ainda a parceria com o Governo do Estado e o compromisso da governadora Raquel Lyra com os investimentos no interior. \u201cAgrade\u00e7o \u00e0 governadora Raquel Lyra pela aten\u00e7\u00e3o ao Sert\u00e3o e por compreender a import\u00e2ncia dessa obra. A PE-430 representa mais seguran\u00e7a para quem trafega, melhores condi\u00e7\u00f5es para quem produz e mais desenvolvimento para toda a regi\u00e3o\u201d, destacou.<\/p>\n<p style=\"text-align: justify;\">Para Luciano Duque, o in\u00edcio das obras refor\u00e7a a import\u00e2ncia de uma atua\u00e7\u00e3o parlamentar pr\u00f3xima dos munic\u00edpios e voltada para resultados concretos. \u201cNosso trabalho \u00e9 esse: ouvir as pessoas, levar as demandas ao Governo e acompanhar at\u00e9 que as solu\u00e7\u00f5es cheguem. Vamos continuar trabalhando para que S\u00e3o Jos\u00e9 do Belmonte e o interior recebam cada vez mais investimentos\u201d, concluiu.<\/p>\n","protected":false},"excerpt":{"rendered":"<p>Uma reivindica&ccedil;&atilde;o antiga da popula&ccedil;&atilde;o de S&atilde;o Jos&eacute; do Belmonte come&ccedil;ou a sair do papel, nesta segunda-feira (31). O deputado estadual Luciano Duque comemorou o in&iacute;cio das obras de recupera&ccedil;&atilde;o da PE-430, rodovia importante para a mobilidade, o desenvolvimento econ&ocirc;mico e o escoamento da produ&ccedil;&atilde;o no Sert&atilde;o pernambucano. A recupera&ccedil;&atilde;o da estrada vem sendo defendida &#8230; <a title=\"Ap\u00f3s articula\u00e7\u00e3o de Luciano Duque, obras da PE-430 come\u00e7am em S\u00e3o Jos\u00e9 do Belmonte\" class=\"read-more\" href=\"https:\/\/blogdomarcellopatriota.com.br\/blog\/apos-articulacao-de-luciano-duque-obras-da-pe-430-comecam-em-sao-jose-do-belmonte\/\" aria-label=\"Read more about Ap\u00f3s articula\u00e7\u00e3o de Luciano Duque, obras da PE-430 come\u00e7am em S\u00e3o Jos\u00e9 do Belmonte\">Ler mais<\/a><\/p>\n","protected":false},"author":2,"featured_media":0,"comment_status":"closed","ping_status":"closed","sticky":false,"template":"","format":"standard","meta":{"footnotes":""},"categories":[1],"tags":[],"class_list":["post-110110","post","type-post","status-publish","format-standard","hentry","category-sem-categoria"],"_links":{"self":[{"href":"https:\/\/blogdomarcellopatriota.com.br\/blog\/wp-json\/wp\/v2\/posts\/110110","targetHints":{"allow":["GET"]}}],"collection":[{"href":"https:\/\/blogdomarcellopatriota.com.br\/blog\/wp-json\/wp\/v2\/posts"}],"about":[{"href":"https:\/\/blogdomarcellopatriota.com.br\/blog\/wp-json\/wp\/v2\/types\/post"}],"author":[{"embeddable":true,"href":"https:\/\/blogdomarcellopatriota.com.br\/blog\/wp-json\/wp\/v2\/users\/2"}],"replies":[{"embeddable":true,"href":"https:\/\/blogdomarcellopatriota.com.br\/blog\/wp-json\/wp\/v2\/comments?post=110110"}],"version-history":[{"count":1,"href":"https:\/\/blogdomarcellopatriota.com.br\/blog\/wp-json\/wp\/v2\/posts\/110110\/revisions"}],"predecessor-version":[{"id":110111,"href":"https:\/\/blogdomarcellopatriota.com.br\/blog\/wp-json\/wp\/v2\/posts\/110110\/revisions\/110111"}],"wp:attachment":[{"href":"https:\/\/blogdomarcellopatriota.com.br\/blog\/wp-json\/wp\/v2\/media?parent=110110"}],"wp:term":[{"taxonomy":"category","embeddable":true,"href":"https:\/\/blogdomarcellopatriota.com.br\/blog\/wp-json\/wp\/v2\/categories?post=110110"},{"taxonomy":"post_tag","embeddable":true,"href":"https:\/\/blogdomarcellopatriota.com.br\/blog\/wp-json\/wp\/v2\/tags?post=110110"}],"curies":[{"name":"wp","href":"https:\/\/api.w.org\/{rel}","templated":true}]}}