{"id":110112,"date":"2026-09-01T23:31:36","date_gmt":"2026-09-02T02:31:36","guid":{"rendered":"https:\/\/blogdomarcellopatriota.com.br\/blog\/?p=110112"},"modified":"2026-09-01T23:31:36","modified_gmt":"2026-09-02T02:31:36","slug":"itapetim-encerra-programacao-da-semana-da-pessoa-com-deficiencia","status":"publish","type":"post","link":"https:\/\/blogdomarcellopatriota.com.br\/blog\/itapetim-encerra-programacao-da-semana-da-pessoa-com-deficiencia\/","title":{"rendered":"Itapetim encerra programa\u00e7\u00e3o da Semana da Pessoa com Defici\u00eancia"},"content":{"rendered":"<p style=\"text-align: justify;\"><img decoding=\"async\" class=\"aligncenter\" src=\"https:\/\/scontent.fcpv2-2.fna.fbcdn.net\/v\/t39.99422-6\/788091165_1621445182890345_5373907027209489870_n.png?stp=dst-jpg_tt6&amp;cstp=mx1280x854&amp;ctp=s1280x854&amp;_nc_cat=106&amp;ccb=1-7&amp;_nc_sid=127cfc&amp;_nc_ohc=PDJwR6CJ_j4Q7kNvwFZCWVL&amp;_nc_oc=AdrUOQpr9ALtpohNyrSwo5QOnvXa_6jMj9VEQy_RpO5Y59zIggVp3tsdK0AG3FCqM0VuwWcU38xY1T1J8M0exB-D&amp;_nc_zt=14&amp;_nc_ht=scontent.fcpv2-2.fna&amp;_nc_gid=ZMqfX48SBv7-TvV93zTpJw&amp;_nc_ss=7b2a8&amp;oh=00_AQKOScyKKY8g6YrMgeCIOF1SSCNraknWUI_kJc-fU4BsfA&amp;oe=6A9D75F0\" alt=\"Pode ser uma imagem de h\u00f3quei e texto\" \/><img fetchpriority=\"high\" decoding=\"async\" class=\"alignright\" src=\"https:\/\/scontent.fcpv2-2.fna.fbcdn.net\/v\/t39.99422-6\/791102592_1354880023296636_4512188302477204256_n.png?stp=dst-jpg_tt6&amp;cstp=mx1080x1350&amp;ctp=s1080x1350&amp;_nc_cat=102&amp;ccb=1-7&amp;_nc_sid=127cfc&amp;_nc_ohc=PpjOU3ExfPIQ7kNvwFFQ4JO&amp;_nc_oc=AdoqKZmma2dYtmKu3efe8uA38OSog7xJZJqADehl0vvPdmOARAjR5huUpl-eRhiYTSYluNyQY_LtT2R1wMLa6A4X&amp;_nc_zt=14&amp;_nc_ht=scontent.fcpv2-2.fna&amp;_nc_gid=E-8HwkXqKEZTFFc3gzaisg&amp;_nc_ss=7b2a8&amp;oh=00_AQLMsHs9gi6Dx6vM0BPlO2aaguqEL77D7sUgh5_6NaHKIQ&amp;oe=6A9D4DE4\" alt=\"Pode ser uma imagem de uma ou mais pessoas e texto\" width=\"457\" height=\"571\" \/>Itapetim encerra programa\u00e7\u00e3o da Semana da Pessoa com Defici\u00eancia<\/p>\n<p style=\"text-align: justify;\">O Governo Municipal de Itapetim, por meio da Secretaria de Educa\u00e7\u00e3o e do N\u00facleo de Apoio Multidisciplinar Educacional, realizou, na noite desta segunda-feira (31), na Pra\u00e7a Sim\u00e3o Leite, o encerramento da Semana da Pessoa com Defici\u00eancia.<\/p>\n<p style=\"text-align: justify;\">Com o tema &#8220;Defici\u00eancia n\u00e3o define. Oportunidade transforma. Inclua nossa voz&#8221;, a programa\u00e7\u00e3o reuniu apresenta\u00e7\u00f5es culturais das escolas da Rede Municipal de Ensino, do Servi\u00e7o de Conviv\u00eancia e Fortalecimento de V\u00ednculos (SCFV) e das M\u00e3es At\u00edpicas, promovendo um momento de conscientiza\u00e7\u00e3o, inclus\u00e3o e valoriza\u00e7\u00e3o das pessoas com defici\u00eancia.<\/p>\n<p style=\"text-align: justify;\">O evento contou com a presen\u00e7a da prefeita Aline Karina, da secret\u00e1ria de Educa\u00e7\u00e3o, Paula Cilene, al\u00e9m de outros secret\u00e1rios e diretores municipais, que acompanharam as apresenta\u00e7\u00f5es e refor\u00e7aram o compromisso da gest\u00e3o com a promo\u00e7\u00e3o da inclus\u00e3o, da acessibilidade e da igualdade de oportunidades.<\/p>\n<p style=\"text-align: justify;\">A Semana da Pessoa com Defici\u00eancia foi marcada por a\u00e7\u00f5es de conscientiza\u00e7\u00e3o e incentivo ao respeito \u00e0s diferen\u00e7as, fortalecendo a constru\u00e7\u00e3o de uma sociedade mais acolhedora, inclusiva e comprometida com os direitos de todas as pessoas.<\/p>\n","protected":false},"excerpt":{"rendered":"<p>Itapetim encerra programa&ccedil;&atilde;o da Semana da Pessoa com Defici&ecirc;ncia O Governo Municipal de Itapetim, por meio da Secretaria de Educa&ccedil;&atilde;o e do N&uacute;cleo de Apoio Multidisciplinar Educacional, realizou, na noite desta segunda-feira (31), na Pra&ccedil;a Sim&atilde;o Leite, o encerramento da Semana da Pessoa com Defici&ecirc;ncia. Com o tema &ldquo;Defici&ecirc;ncia n&atilde;o define. Oportunidade transforma. Inclua nossa &#8230; <a title=\"Itapetim encerra programa\u00e7\u00e3o da Semana da Pessoa com Defici\u00eancia\" class=\"read-more\" href=\"https:\/\/blogdomarcellopatriota.com.br\/blog\/itapetim-encerra-programacao-da-semana-da-pessoa-com-deficiencia\/\" aria-label=\"Read more about Itapetim encerra programa\u00e7\u00e3o da Semana da Pessoa com Defici\u00eancia\">Ler mais<\/a><\/p>\n","protected":false},"author":2,"featured_media":0,"comment_status":"closed","ping_status":"closed","sticky":false,"template":"","format":"standard","meta":{"footnotes":""},"categories":[1],"tags":[],"class_list":["post-110112","post","type-post","status-publish","format-standard","hentry","category-sem-categoria"],"_links":{"self":[{"href":"https:\/\/blogdomarcellopatriota.com.br\/blog\/wp-json\/wp\/v2\/posts\/110112","targetHints":{"allow":["GET"]}}],"collection":[{"href":"https:\/\/blogdomarcellopatriota.com.br\/blog\/wp-json\/wp\/v2\/posts"}],"about":[{"href":"https:\/\/blogdomarcellopatriota.com.br\/blog\/wp-json\/wp\/v2\/types\/post"}],"author":[{"embeddable":true,"href":"https:\/\/blogdomarcellopatriota.com.br\/blog\/wp-json\/wp\/v2\/users\/2"}],"replies":[{"embeddable":true,"href":"https:\/\/blogdomarcellopatriota.com.br\/blog\/wp-json\/wp\/v2\/comments?post=110112"}],"version-history":[{"count":3,"href":"https:\/\/blogdomarcellopatriota.com.br\/blog\/wp-json\/wp\/v2\/posts\/110112\/revisions"}],"predecessor-version":[{"id":110115,"href":"https:\/\/blogdomarcellopatriota.com.br\/blog\/wp-json\/wp\/v2\/posts\/110112\/revisions\/110115"}],"wp:attachment":[{"href":"https:\/\/blogdomarcellopatriota.com.br\/blog\/wp-json\/wp\/v2\/media?parent=110112"}],"wp:term":[{"taxonomy":"category","embeddable":true,"href":"https:\/\/blogdomarcellopatriota.com.br\/blog\/wp-json\/wp\/v2\/categories?post=110112"},{"taxonomy":"post_tag","embeddable":true,"href":"https:\/\/blogdomarcellopatriota.com.br\/blog\/wp-json\/wp\/v2\/tags?post=110112"}],"curies":[{"name":"wp","href":"https:\/\/api.w.org\/{rel}","templated":true}]}}