{"id":110116,"date":"2026-09-01T23:36:19","date_gmt":"2026-09-02T02:36:19","guid":{"rendered":"https:\/\/blogdomarcellopatriota.com.br\/blog\/?p=110116"},"modified":"2026-09-01T23:36:19","modified_gmt":"2026-09-02T02:36:19","slug":"valmir-tunu-comemora-inicio-do-programa-moradia-legal-em-tuparetama","status":"publish","type":"post","link":"https:\/\/blogdomarcellopatriota.com.br\/blog\/valmir-tunu-comemora-inicio-do-programa-moradia-legal-em-tuparetama\/","title":{"rendered":"Valmir Tun\u00fa comemora in\u00edcio do Programa Moradia Legal em Tuparetama"},"content":{"rendered":"<p style=\"text-align: justify;\"><img fetchpriority=\"high\" decoding=\"async\" class=\"alignleft\" src=\"https:\/\/scontent.fcpv2-2.fna.fbcdn.net\/v\/t39.30808-6\/790732041_1763130308868909_7988253107724624595_n.jpg?stp=dst-jpg_tt6&amp;cstp=mx1537x1023&amp;ctp=s1537x1023&amp;_nc_cat=100&amp;ccb=1-7&amp;_nc_sid=bd9a62&amp;_nc_ohc=-IeYSruLSZgQ7kNvwHizwvB&amp;_nc_oc=AdpjeixgAOCQmRXBCdTEKT04jObI1augvOrRlIheQAKWB3zmqswwPdorTtnRG1Lq28sHSsVq1a7gw_qTDrkB3stX&amp;_nc_zt=23&amp;_nc_ht=scontent.fcpv2-2.fna&amp;_nc_gid=91CgVAs5BavjO97T5u3jtA&amp;_nc_ss=7b2a8&amp;oh=00_AQJBgYJBFZtKngK7oRyMYuz_XMPpok7qzwywT29NgbFuDA&amp;oe=6A9D4327\" alt=\"Nenhuma descri\u00e7\u00e3o de foto dispon\u00edvel.\" width=\"426\" height=\"283\" \/>O presidente da C\u00e2mara Municipal de Tuparetama, Valmir Tun\u00fa, comemorou o in\u00edcio do Programa Moradia Legal Pernambuco no munic\u00edpio. A iniciativa permitir\u00e1 que fam\u00edlias que possuem im\u00f3veis apenas com documentos de compra e venda possam buscar a regulariza\u00e7\u00e3o fundi\u00e1ria e obter a escritura de forma gratuita, conforme os crit\u00e9rios do programa.<\/p>\n<p style=\"text-align: justify;\">Segundo Valmir Tun\u00fa, a chegada do programa a Tuparetama \u00e9 resultado de uma luta que se estendeu por v\u00e1rios meses. Valmir destacou que trabalhou, junto aos demais vereadores, para que o munic\u00edpio fosse inclu\u00eddo na iniciativa, considerada importante para garantir seguran\u00e7a jur\u00eddica e tranquilidade \u00e0s fam\u00edlias que ainda n\u00e3o possuem a documenta\u00e7\u00e3o definitiva de seus im\u00f3veis.<\/p>\n<p style=\"text-align: justify;\">\u201cEstou muito feliz com essa conquista. Foram muitos meses de luta para conseguirmos trazer o Moradia Legal para Tuparetama. Agora, muitas fam\u00edlias ter\u00e3o a oportunidade de regularizar sua casa ou terreno e receber sua escritura gratuitamente\u201d, destacou Valmir.<\/p>\n<p style=\"text-align: justify;\">O parlamentar tamb\u00e9m parabenizou a Prefeitura de Tuparetama e o prefeito Di\u00f3genes pela ades\u00e3o ao programa e pelo in\u00edcio das a\u00e7\u00f5es no munic\u00edpio. Para ele, a iniciativa representa um avan\u00e7o importante na regulariza\u00e7\u00e3o dos im\u00f3veis e na garantia do direito \u00e0 moradia.<\/p>\n<p style=\"text-align: justify;\">Valmir Tun\u00fa tamb\u00e9m fez quest\u00e3o de agradecer aos vereadores que se somaram \u00e0 luta pela implanta\u00e7\u00e3o do programa em Tuparetama.<\/p>\n<p style=\"text-align: justify;\">\u201cQuero agradecer aos colegas vereadores que tamb\u00e9m abra\u00e7aram essa luta. Quando trabalhamos juntos, quem ganha \u00e9 o povo de Tuparetama\u201d, afirmou.<\/p>\n<p style=\"text-align: justify;\">O Moradia Legal Pernambuco tem como objetivo promover a regulariza\u00e7\u00e3o fundi\u00e1ria de im\u00f3veis e possibilitar que fam\u00edlias tenham acesso \u00e0 documenta\u00e7\u00e3o definitiva de suas propriedades, garantindo maior seguran\u00e7a jur\u00eddica e valoriza\u00e7\u00e3o dos im\u00f3veis.<\/p>\n<p style=\"text-align: justify;\">Com o in\u00edcio do programa, a expectativa \u00e9 de que diversas fam\u00edlias de Tuparetama possam ser beneficiadas com a regulariza\u00e7\u00e3o gratuita de suas propriedades.<\/p>\n","protected":false},"excerpt":{"rendered":"<p>O presidente da C&acirc;mara Municipal de Tuparetama, Valmir Tun&uacute;, comemorou o in&iacute;cio do Programa Moradia Legal Pernambuco no munic&iacute;pio. A iniciativa permitir&aacute; que fam&iacute;lias que possuem im&oacute;veis apenas com documentos de compra e venda possam buscar a regulariza&ccedil;&atilde;o fundi&aacute;ria e obter a escritura de forma gratuita, conforme os crit&eacute;rios do programa. Segundo Valmir Tun&uacute;, a &#8230; <a title=\"Valmir Tun\u00fa comemora in\u00edcio do Programa Moradia Legal em Tuparetama\" class=\"read-more\" href=\"https:\/\/blogdomarcellopatriota.com.br\/blog\/valmir-tunu-comemora-inicio-do-programa-moradia-legal-em-tuparetama\/\" aria-label=\"Read more about Valmir Tun\u00fa comemora in\u00edcio do Programa Moradia Legal em Tuparetama\">Ler mais<\/a><\/p>\n","protected":false},"author":2,"featured_media":0,"comment_status":"closed","ping_status":"closed","sticky":false,"template":"","format":"standard","meta":{"footnotes":""},"categories":[1],"tags":[],"class_list":["post-110116","post","type-post","status-publish","format-standard","hentry","category-sem-categoria"],"_links":{"self":[{"href":"https:\/\/blogdomarcellopatriota.com.br\/blog\/wp-json\/wp\/v2\/posts\/110116","targetHints":{"allow":["GET"]}}],"collection":[{"href":"https:\/\/blogdomarcellopatriota.com.br\/blog\/wp-json\/wp\/v2\/posts"}],"about":[{"href":"https:\/\/blogdomarcellopatriota.com.br\/blog\/wp-json\/wp\/v2\/types\/post"}],"author":[{"embeddable":true,"href":"https:\/\/blogdomarcellopatriota.com.br\/blog\/wp-json\/wp\/v2\/users\/2"}],"replies":[{"embeddable":true,"href":"https:\/\/blogdomarcellopatriota.com.br\/blog\/wp-json\/wp\/v2\/comments?post=110116"}],"version-history":[{"count":2,"href":"https:\/\/blogdomarcellopatriota.com.br\/blog\/wp-json\/wp\/v2\/posts\/110116\/revisions"}],"predecessor-version":[{"id":110118,"href":"https:\/\/blogdomarcellopatriota.com.br\/blog\/wp-json\/wp\/v2\/posts\/110116\/revisions\/110118"}],"wp:attachment":[{"href":"https:\/\/blogdomarcellopatriota.com.br\/blog\/wp-json\/wp\/v2\/media?parent=110116"}],"wp:term":[{"taxonomy":"category","embeddable":true,"href":"https:\/\/blogdomarcellopatriota.com.br\/blog\/wp-json\/wp\/v2\/categories?post=110116"},{"taxonomy":"post_tag","embeddable":true,"href":"https:\/\/blogdomarcellopatriota.com.br\/blog\/wp-json\/wp\/v2\/tags?post=110116"}],"curies":[{"name":"wp","href":"https:\/\/api.w.org\/{rel}","templated":true}]}}