{"id":110119,"date":"2026-09-01T23:39:16","date_gmt":"2026-09-02T02:39:16","guid":{"rendered":"https:\/\/blogdomarcellopatriota.com.br\/blog\/?p=110119"},"modified":"2026-09-01T23:39:16","modified_gmt":"2026-09-02T02:39:16","slug":"prefeito-dr-junior-assina-adesao-ao-garantia-safra-2026-2027-e-reforca-apoio-aos-agricultores-de-ouro-velho","status":"publish","type":"post","link":"https:\/\/blogdomarcellopatriota.com.br\/blog\/prefeito-dr-junior-assina-adesao-ao-garantia-safra-2026-2027-e-reforca-apoio-aos-agricultores-de-ouro-velho\/","title":{"rendered":"Prefeito Dr. J\u00fanior assina ades\u00e3o ao Garantia-Safra 2026\/2027 e refor\u00e7a apoio aos agricultores de Ouro Velho"},"content":{"rendered":"<p style=\"text-align: justify;\"><img fetchpriority=\"high\" decoding=\"async\" class=\"alignleft\" src=\"https:\/\/politicaparahyba.com.br\/wp-content\/uploads\/2026\/09\/img_5433.webp\" alt=\"img 5433\" width=\"437\" height=\"583\" \/>O prefeito de Ouro Velho, Dr. J\u00fanior, assinou nesta ter\u00e7a-feira (1\u00ba), em Monteiro, o Termo de Ades\u00e3o ao Programa Garantia-Safra 2026\/2027. A iniciativa refor\u00e7a as a\u00e7\u00f5es da gest\u00e3o municipal voltadas \u00e0 prote\u00e7\u00e3o e ao fortalecimento dos agricultores e agricultoras do munic\u00edpio.<\/p>\n<p style=\"text-align: justify;\" data-start=\"388\" data-end=\"615\">O Garantia-Safra \u00e9 uma importante pol\u00edtica p\u00fablica destinada aos agricultores familiares, especialmente diante das dificuldades provocadas por per\u00edodos de estiagem e outras condi\u00e7\u00f5es clim\u00e1ticas que podem comprometer a produ\u00e7\u00e3o.<\/p>\n<p style=\"text-align: justify;\" data-start=\"617\" data-end=\"762\">Para o prefeito Dr. J\u00fanior, a ades\u00e3o representa mais uma demonstra\u00e7\u00e3o do compromisso da Prefeitura com as fam\u00edlias que vivem e produzem no campo.<\/p>\n<p style=\"text-align: justify;\" data-start=\"617\" data-end=\"762\">\u201cTemos um compromisso muito grande com o homem e a mulher do campo. A assinatura do Garantia-Safra \u00e9 mais uma forma de oferecer seguran\u00e7a \u00e0s nossas fam\u00edlias agricultoras, principalmente nos momentos em que as condi\u00e7\u00f5es clim\u00e1ticas acabam prejudicando a produ\u00e7\u00e3o. Vamos continuar buscando a\u00e7\u00f5es e investimentos que fortale\u00e7am cada vez mais a agricultura de Ouro Velho\u201d, destacou Dr. J\u00fanior.<\/p>\n<p style=\"text-align: justify;\" data-start=\"1160\" data-end=\"1387\">A gest\u00e3o municipal vem mantendo uma s\u00e9rie de a\u00e7\u00f5es direcionadas \u00e0 zona rural, buscando oferecer melhores condi\u00e7\u00f5es para o desenvolvimento da agricultura e contribuir para a perman\u00eancia e qualidade de vida das fam\u00edlias no campo.<\/p>\n<p style=\"text-align: justify;\" data-start=\"1389\" data-end=\"1547\" data-is-last-node=\"\" data-is-only-node=\"\">Segundo o prefeito, o trabalho continuar\u00e1 sendo desenvolvido com aten\u00e7\u00e3o especial \u00e0s necessidades dos produtores rurais e ao fortalecimento da economia local.<\/p>\n","protected":false},"excerpt":{"rendered":"<p>O prefeito de Ouro Velho, Dr. J&uacute;nior, assinou nesta ter&ccedil;a-feira (1&ordm;), em Monteiro, o Termo de Ades&atilde;o ao Programa Garantia-Safra 2026\/2027. A iniciativa refor&ccedil;a as a&ccedil;&otilde;es da gest&atilde;o municipal voltadas &agrave; prote&ccedil;&atilde;o e ao fortalecimento dos agricultores e agricultoras do munic&iacute;pio. O Garantia-Safra &eacute; uma importante pol&iacute;tica p&uacute;blica destinada aos agricultores familiares, especialmente diante das &#8230; <a title=\"Prefeito Dr. J\u00fanior assina ades\u00e3o ao Garantia-Safra 2026\/2027 e refor\u00e7a apoio aos agricultores de Ouro Velho\" class=\"read-more\" href=\"https:\/\/blogdomarcellopatriota.com.br\/blog\/prefeito-dr-junior-assina-adesao-ao-garantia-safra-2026-2027-e-reforca-apoio-aos-agricultores-de-ouro-velho\/\" aria-label=\"Read more about Prefeito Dr. J\u00fanior assina ades\u00e3o ao Garantia-Safra 2026\/2027 e refor\u00e7a apoio aos agricultores de Ouro Velho\">Ler mais<\/a><\/p>\n","protected":false},"author":2,"featured_media":0,"comment_status":"closed","ping_status":"closed","sticky":false,"template":"","format":"standard","meta":{"footnotes":""},"categories":[1],"tags":[],"class_list":["post-110119","post","type-post","status-publish","format-standard","hentry","category-sem-categoria"],"_links":{"self":[{"href":"https:\/\/blogdomarcellopatriota.com.br\/blog\/wp-json\/wp\/v2\/posts\/110119","targetHints":{"allow":["GET"]}}],"collection":[{"href":"https:\/\/blogdomarcellopatriota.com.br\/blog\/wp-json\/wp\/v2\/posts"}],"about":[{"href":"https:\/\/blogdomarcellopatriota.com.br\/blog\/wp-json\/wp\/v2\/types\/post"}],"author":[{"embeddable":true,"href":"https:\/\/blogdomarcellopatriota.com.br\/blog\/wp-json\/wp\/v2\/users\/2"}],"replies":[{"embeddable":true,"href":"https:\/\/blogdomarcellopatriota.com.br\/blog\/wp-json\/wp\/v2\/comments?post=110119"}],"version-history":[{"count":1,"href":"https:\/\/blogdomarcellopatriota.com.br\/blog\/wp-json\/wp\/v2\/posts\/110119\/revisions"}],"predecessor-version":[{"id":110120,"href":"https:\/\/blogdomarcellopatriota.com.br\/blog\/wp-json\/wp\/v2\/posts\/110119\/revisions\/110120"}],"wp:attachment":[{"href":"https:\/\/blogdomarcellopatriota.com.br\/blog\/wp-json\/wp\/v2\/media?parent=110119"}],"wp:term":[{"taxonomy":"category","embeddable":true,"href":"https:\/\/blogdomarcellopatriota.com.br\/blog\/wp-json\/wp\/v2\/categories?post=110119"},{"taxonomy":"post_tag","embeddable":true,"href":"https:\/\/blogdomarcellopatriota.com.br\/blog\/wp-json\/wp\/v2\/tags?post=110119"}],"curies":[{"name":"wp","href":"https:\/\/api.w.org\/{rel}","templated":true}]}}