{"id":110127,"date":"2026-09-02T00:47:35","date_gmt":"2026-09-02T03:47:35","guid":{"rendered":"https:\/\/blogdomarcellopatriota.com.br\/blog\/?p=110127"},"modified":"2026-09-02T09:52:00","modified_gmt":"2026-09-02T12:52:00","slug":"giro-pelos-blogs-quarta-02-09-2026","status":"publish","type":"post","link":"https:\/\/blogdomarcellopatriota.com.br\/blog\/giro-pelos-blogs-quarta-02-09-2026\/","title":{"rendered":"*Giro pelos blog\u2019s QUARTA 02.09.2026*"},"content":{"rendered":"<p style=\"text-align: justify;\"><strong><img fetchpriority=\"high\" decoding=\"async\" class=\"aligncenter wp-image-325363 entered litespeed-loaded\" src=\"https:\/\/blogdofinfa.com.br\/wp-content\/uploads\/2026\/09\/images-1-1.webp\" sizes=\"(max-width: 599px) 100vw, 599px\" srcset=\"https:\/\/blogdofinfa.com.br\/wp-content\/uploads\/2026\/09\/images-1-1.webp 678w, https:\/\/blogdofinfa.com.br\/wp-content\/uploads\/2026\/09\/images-1-1-300x200.webp 300w\" alt=\"\" width=\"599\" height=\"399\" data-lazyloaded=\"1\" data-src=\"https:\/\/blogdofinfa.com.br\/wp-content\/uploads\/2026\/09\/images-1-1.webp\" data-srcset=\"https:\/\/blogdofinfa.com.br\/wp-content\/uploads\/2026\/09\/images-1-1.webp 678w, https:\/\/blogdofinfa.com.br\/wp-content\/uploads\/2026\/09\/images-1-1-300x200.webp 300w\" data-sizes=\"(max-width: 599px) 100vw, 599px\" data-ll-status=\"loaded\" \/>Coisas da pol\u00edtica brasileira \u2013\u00a0<\/strong>A governabilidade no n\u00edvel municipal depende diretamente de alian\u00e7as pol\u00edticas e de articula\u00e7\u00e3o institucional para aprovar projetos e garantir estabilidade. O equil\u00edbrio entre o perfil gerencial e o di\u00e1logo pol\u00edtico \u00e9 o principal desafio dos prefeitos. A contrata\u00e7\u00e3o de funcion\u00e1rios na administra\u00e7\u00e3o municipal t\u00eam crit\u00e9rios puramente pol\u00edticos, enquanto cargos de chefia dependem da articula\u00e7\u00e3o pol\u00edtica e do crit\u00e9rio meramente do gestor. Acontece isso em todos os munic\u00edpios do Brasil, sem distin\u00e7\u00e3o, agora o prefeito tem o direito de tirar e colocar quem achar necess\u00e1rio, sem satisfa\u00e7\u00e3o a A ou B, desde que o mesmo ache necess\u00e1rio. Chorar pelo leite derramado n\u00e3o muda a realidade de demiss\u00f5es meramente pol\u00edticas. Fica a dica para quem interessar!<strong><br \/>\n<\/strong><img decoding=\"async\" class=\"aligncenter size-full wp-image-325357 entered litespeed-loaded\" src=\"https:\/\/blogdofinfa.com.br\/wp-content\/uploads\/2026\/09\/790803481_28546539111630584_3460627106315385426_n.webp\" sizes=\"(max-width: 526px) 100vw, 526px\" srcset=\"https:\/\/blogdofinfa.com.br\/wp-content\/uploads\/2026\/09\/790803481_28546539111630584_3460627106315385426_n.webp 526w, https:\/\/blogdofinfa.com.br\/wp-content\/uploads\/2026\/09\/790803481_28546539111630584_3460627106315385426_n-225x300.webp 225w\" alt=\"\" width=\"526\" height=\"701\" data-lazyloaded=\"1\" data-src=\"https:\/\/blogdofinfa.com.br\/wp-content\/uploads\/2026\/09\/790803481_28546539111630584_3460627106315385426_n.webp\" data-srcset=\"https:\/\/blogdofinfa.com.br\/wp-content\/uploads\/2026\/09\/790803481_28546539111630584_3460627106315385426_n.webp 526w, https:\/\/blogdofinfa.com.br\/wp-content\/uploads\/2026\/09\/790803481_28546539111630584_3460627106315385426_n-225x300.webp 225w\" data-sizes=\"(max-width: 526px) 100vw, 526px\" data-ll-status=\"loaded\" \/><strong>Celebra<\/strong>\u00a0\u2013 A Prefeitura Municipal de Brejinho, atrav\u00e9s das secretarias de Educa\u00e7\u00e3o e Agricultura, celebra o Dia Municipal do Rio Paje\u00fa com uma programa\u00e7\u00e3o especial voltada \u00e0 conscientiza\u00e7\u00e3o e valoriza\u00e7\u00e3o desse importante patrim\u00f4nio natural. Ser\u00e1 entre os dias 8 e 12 de setembro, onde ser\u00e3o realizadas atividades educativas, visitas \u00e0 nascente, plantio de \u00e1rvores nativas, palestra sobre a import\u00e2ncia das matas ciliares e missa na nascente do Rio Paje\u00fa.<img decoding=\"async\" class=\"aligncenter size-full wp-image-325369 entered litespeed-loaded\" src=\"https:\/\/blogdofinfa.com.br\/wp-content\/uploads\/2026\/09\/WhatsApp-Image-2026-09-02-at-05.59.06.webp\" sizes=\"(max-width: 576px) 100vw, 576px\" srcset=\"https:\/\/blogdofinfa.com.br\/wp-content\/uploads\/2026\/09\/WhatsApp-Image-2026-09-02-at-05.59.06.webp 576w, https:\/\/blogdofinfa.com.br\/wp-content\/uploads\/2026\/09\/WhatsApp-Image-2026-09-02-at-05.59.06-225x300.webp 225w\" alt=\"\" width=\"576\" height=\"768\" data-lazyloaded=\"1\" data-src=\"https:\/\/blogdofinfa.com.br\/wp-content\/uploads\/2026\/09\/WhatsApp-Image-2026-09-02-at-05.59.06.webp\" data-srcset=\"https:\/\/blogdofinfa.com.br\/wp-content\/uploads\/2026\/09\/WhatsApp-Image-2026-09-02-at-05.59.06.webp 576w, https:\/\/blogdofinfa.com.br\/wp-content\/uploads\/2026\/09\/WhatsApp-Image-2026-09-02-at-05.59.06-225x300.webp 225w\" data-sizes=\"(max-width: 576px) 100vw, 576px\" data-ll-status=\"loaded\" \/>Inaugura hoje \u2013 O candidato a deputado fereal, o afogadense, Nelsinho da Pizzaria, do partido Novo, inaugura seu comit\u00ea nesta noite ao lado do seu candidato a deputado estadual T\u00e9rcio Teles, \u00e0s 19 horas na Rua Senador Paulo Guerra, 91 em Afogados da Ingazeira.<br \/>\n<img loading=\"lazy\" decoding=\"async\" class=\"aligncenter size-full wp-image-325356 entered litespeed-loaded\" src=\"https:\/\/blogdofinfa.com.br\/wp-content\/uploads\/2026\/09\/790318535_18140020765578774_4524957301158331964_n.webp\" sizes=\"(max-width: 576px) 100vw, 576px\" srcset=\"https:\/\/blogdofinfa.com.br\/wp-content\/uploads\/2026\/09\/790318535_18140020765578774_4524957301158331964_n.webp 576w, https:\/\/blogdofinfa.com.br\/wp-content\/uploads\/2026\/09\/790318535_18140020765578774_4524957301158331964_n-225x300.webp 225w\" alt=\"\" width=\"576\" height=\"768\" data-lazyloaded=\"1\" data-src=\"https:\/\/blogdofinfa.com.br\/wp-content\/uploads\/2026\/09\/790318535_18140020765578774_4524957301158331964_n.webp\" data-srcset=\"https:\/\/blogdofinfa.com.br\/wp-content\/uploads\/2026\/09\/790318535_18140020765578774_4524957301158331964_n.webp 576w, https:\/\/blogdofinfa.com.br\/wp-content\/uploads\/2026\/09\/790318535_18140020765578774_4524957301158331964_n-225x300.webp 225w\" data-sizes=\"(max-width: 576px) 100vw, 576px\" data-ll-status=\"loaded\" \/><strong>Cavalgada<\/strong>\u00a0\u2013 Com o apoio da Prefeitura Municipal de Tuparetama, acontece neste domingo, 6 de setembro, a 4\u00aa edi\u00e7\u00e3o da Cavalgada de Tuparetama, reunindo cavaleiros, amazonas, aboiadores e muita m\u00fasica para celebrar uma das tradi\u00e7\u00f5es mais fortes da nossa cultura sertaneja. A concentra\u00e7\u00e3o ser\u00e1 na Churrascaria Varanda Sertaneja, a partir das 8h, com sa\u00edda prevista para \u00e0s 10h. O bate-sela acontece no Parque Maria Clara, no S\u00edtio Cantinho, com uma programa\u00e7\u00e3o musical especial para animar o p\u00fablico.<\/p>\n<p style=\"text-align: justify;\"><strong><img loading=\"lazy\" decoding=\"async\" class=\"alignleft size-full wp-image-325359 entered litespeed-loaded\" src=\"https:\/\/blogdofinfa.com.br\/wp-content\/uploads\/2026\/09\/fernandinho.webp\" sizes=\"(max-width: 455px) 100vw, 455px\" srcset=\"https:\/\/blogdofinfa.com.br\/wp-content\/uploads\/2026\/09\/fernandinho.webp 455w, https:\/\/blogdofinfa.com.br\/wp-content\/uploads\/2026\/09\/fernandinho-300x210.webp 300w\" alt=\"\" width=\"455\" height=\"318\" data-lazyloaded=\"1\" data-src=\"https:\/\/blogdofinfa.com.br\/wp-content\/uploads\/2026\/09\/fernandinho.webp\" data-srcset=\"https:\/\/blogdofinfa.com.br\/wp-content\/uploads\/2026\/09\/fernandinho.webp 455w, https:\/\/blogdofinfa.com.br\/wp-content\/uploads\/2026\/09\/fernandinho-300x210.webp 300w\" data-sizes=\"(max-width: 455px) 100vw, 455px\" data-ll-status=\"loaded\" \/>Disse<\/strong>\u00a0\u2013\u00a0<em>\u201cFernando Filho entra para a hist\u00f3ria de Araripina como o deputado federal que mais investiu em obras na cidade. Quando a gente olha para as ruas que foram asfaltadas, para os investimentos na sa\u00fade, para os po\u00e7os, as cisternas, as quadras, para a duplica\u00e7\u00e3o da BR-316 e para tantas outras a\u00e7\u00f5es, a gente percebe que existe uma hist\u00f3ria de trabalho e compromisso. Eu tenho muito orgulho de caminhar ao lado de Fernandinho e de poder contar com ele na luta por Araripina\u201d.<\/em>\u00a0<strong>(Prefeito de Araripina, Evil\u00e1sio Mateus, comemorando as a\u00e7\u00f5es do deputado federal Fernando Filho)<img loading=\"lazy\" decoding=\"async\" class=\"aligncenter size-full wp-image-325358 entered litespeed-loaded\" src=\"https:\/\/blogdofinfa.com.br\/wp-content\/uploads\/2026\/09\/792053731_18618120823036939_435111156580265907_n.webp\" sizes=\"(max-width: 512px) 100vw, 512px\" srcset=\"https:\/\/blogdofinfa.com.br\/wp-content\/uploads\/2026\/09\/792053731_18618120823036939_435111156580265907_n.webp 512w, https:\/\/blogdofinfa.com.br\/wp-content\/uploads\/2026\/09\/792053731_18618120823036939_435111156580265907_n-240x300.webp 240w\" alt=\"\" width=\"512\" height=\"640\" data-lazyloaded=\"1\" data-src=\"https:\/\/blogdofinfa.com.br\/wp-content\/uploads\/2026\/09\/792053731_18618120823036939_435111156580265907_n.webp\" data-srcset=\"https:\/\/blogdofinfa.com.br\/wp-content\/uploads\/2026\/09\/792053731_18618120823036939_435111156580265907_n.webp 512w, https:\/\/blogdofinfa.com.br\/wp-content\/uploads\/2026\/09\/792053731_18618120823036939_435111156580265907_n-240x300.webp 240w\" data-sizes=\"(max-width: 512px) 100vw, 512px\" data-ll-status=\"loaded\" \/>Comemorando \u2013\u00a0<\/strong>O prefeito de Flores, Gilberto Ribeiro, anunciou as atra\u00e7\u00f5es do das comemora\u00e7\u00e3o de emancipa\u00e7\u00e3o pol\u00edtica do seu munic\u00edpio, o ponto alto ser\u00e1 o dia 10 de setembro, a partir das 20h, o P\u00e1tio de Eventos, estar\u00e3o se apresentando, Taty Girl, Edy e Nathan e Heraldo Jr &amp; Emanoel.<\/p>\n<p style=\"text-align: justify;\"><strong><img loading=\"lazy\" decoding=\"async\" class=\"alignleft wp-image-325241 entered litespeed-loaded\" src=\"https:\/\/blogdofinfa.com.br\/wp-content\/uploads\/2026\/09\/images.webp\" sizes=\"(max-width: 323px) 100vw, 323px\" srcset=\"https:\/\/blogdofinfa.com.br\/wp-content\/uploads\/2026\/09\/images.webp 678w, https:\/\/blogdofinfa.com.br\/wp-content\/uploads\/2026\/09\/images-300x200.webp 300w\" alt=\"\" width=\"323\" height=\"215\" data-lazyloaded=\"1\" data-src=\"https:\/\/blogdofinfa.com.br\/wp-content\/uploads\/2026\/09\/images.webp\" data-srcset=\"https:\/\/blogdofinfa.com.br\/wp-content\/uploads\/2026\/09\/images.webp 678w, https:\/\/blogdofinfa.com.br\/wp-content\/uploads\/2026\/09\/images-300x200.webp 300w\" data-sizes=\"(max-width: 323px) 100vw, 323px\" data-ll-status=\"loaded\" \/>Agendas<\/strong>\u00a0\u2013 O candidato\u00a0<strong>Jo\u00e3o Campos<\/strong>\u00a0tem uma agenda intensa nesta quarta-feira (02), \u00e0s 08:30 horas, Porta a porta na Vila do Papel em Recife; 11 horas, \u00a0Sabatina para o LeiaJ\u00e1, na Rua Guilherme Pinto, n\u00ba 400 \u2013 Bloco B da UNINASSAU \u2013 4\u00ba andar, \u00e0s 15:45, sabatina na Fiepe, na \u00a0Av. Cruz Cabug\u00e1, 767 \u2013 Santo Amaro, Recife \u2013 PE e \u00e0s 19:30 horas, Caminhada 40 em Vit\u00f3ria de Santo Ant\u00e3o.<strong>\u00a0Raquel Lyra,<\/strong>\u00a0\u00e0s 11 horas, Sabatina \u2013 R\u00e1dio Folha de Pernambuco (ao vivo), \u00e0s 14 horas, Sabatina \u2013 Fiepe (transmiss\u00e3o ao vivo pela r\u00e1dio CBN) na Avenida Cruz Cabug\u00e1, 767, Santo Amaro \u2013 Recife, \u00e0s 17 horas Caminhada no Ipsep\/Recife, na Rua Jean Emile Favre, 1476 (concentra\u00e7\u00e3o na Pra\u00e7a da Sudene, nas proximidades da delegacia do bairro)<\/p>\n<p style=\"text-align: justify;\"><strong>Frase<\/strong>\u00a0\u2013\u00a0<em>\u201cNenhuma cidade \u00e9 pequena, nenhuma voz \u00e9 invis\u00edvel e nenhum direito ser\u00e1 deixado para tr\u00e1s. Meu compromisso \u00e9 colocar o povo no centro das decis\u00f5es\u201d.<\/em>\u00a0<strong>(Deputado federal, Waldemar Oliveira, candidato \u00e0 reelei\u00e7\u00e3o)<\/strong><\/p>\n<p><strong><img loading=\"lazy\" decoding=\"async\" class=\"alignleft size-full wp-image-325364 entered litespeed-loaded\" src=\"https:\/\/blogdofinfa.com.br\/wp-content\/uploads\/2026\/09\/images-2.webp\" sizes=\"(max-width: 200px) 100vw, 200px\" srcset=\"https:\/\/blogdofinfa.com.br\/wp-content\/uploads\/2026\/09\/images-2.webp 200w, https:\/\/blogdofinfa.com.br\/wp-content\/uploads\/2026\/09\/images-2-150x150.webp 150w\" alt=\"\" width=\"200\" height=\"200\" data-lazyloaded=\"1\" data-src=\"https:\/\/blogdofinfa.com.br\/wp-content\/uploads\/2026\/09\/images-2.webp\" data-srcset=\"https:\/\/blogdofinfa.com.br\/wp-content\/uploads\/2026\/09\/images-2.webp 200w, https:\/\/blogdofinfa.com.br\/wp-content\/uploads\/2026\/09\/images-2-150x150.webp 150w\" data-sizes=\"(max-width: 200px) 100vw, 200px\" data-ll-status=\"loaded\" \/>Passar a integrar<\/strong>\u00a0\u2013 A Rede Pernambuco de R\u00e1dios continua se consolidando como a maior rede de r\u00e1dios do estado de Pernambuco, uma trajet\u00f3ria baseada na pr\u00e1tica do bom jornalismo e que, desde a cria\u00e7\u00e3o, tem como pilares inegoci\u00e1veis o compromisso com a verdade e o respeito com o ouvinte. Esse trabalho, agora, passa a contar com uma nova emissora parceira, a R\u00e1dio Franc\u00eas FM (105.5) de Caruaru.<strong>\u00a0Informa\u00e7\u00f5es do Blog Alberes Xavier.<\/strong><\/p>\n","protected":false},"excerpt":{"rendered":"<p>Coisas da pol&iacute;tica brasileira &ndash;&nbsp;A governabilidade no n&iacute;vel municipal depende diretamente de alian&ccedil;as pol&iacute;ticas e de articula&ccedil;&atilde;o institucional para aprovar projetos e garantir estabilidade. O equil&iacute;brio entre o perfil gerencial e o di&aacute;logo pol&iacute;tico &eacute; o principal desafio dos prefeitos. A contrata&ccedil;&atilde;o de funcion&aacute;rios na administra&ccedil;&atilde;o municipal t&ecirc;m crit&eacute;rios puramente pol&iacute;ticos, enquanto cargos de chefia &#8230; <a title=\"*Giro pelos blog\u2019s QUARTA 02.09.2026*\" class=\"read-more\" href=\"https:\/\/blogdomarcellopatriota.com.br\/blog\/giro-pelos-blogs-quarta-02-09-2026\/\" aria-label=\"Read more about *Giro pelos blog\u2019s QUARTA 02.09.2026*\">Ler mais<\/a><\/p>\n","protected":false},"author":2,"featured_media":0,"comment_status":"closed","ping_status":"closed","sticky":false,"template":"","format":"standard","meta":{"footnotes":""},"categories":[1],"tags":[],"class_list":["post-110127","post","type-post","status-publish","format-standard","hentry","category-sem-categoria"],"_links":{"self":[{"href":"https:\/\/blogdomarcellopatriota.com.br\/blog\/wp-json\/wp\/v2\/posts\/110127","targetHints":{"allow":["GET"]}}],"collection":[{"href":"https:\/\/blogdomarcellopatriota.com.br\/blog\/wp-json\/wp\/v2\/posts"}],"about":[{"href":"https:\/\/blogdomarcellopatriota.com.br\/blog\/wp-json\/wp\/v2\/types\/post"}],"author":[{"embeddable":true,"href":"https:\/\/blogdomarcellopatriota.com.br\/blog\/wp-json\/wp\/v2\/users\/2"}],"replies":[{"embeddable":true,"href":"https:\/\/blogdomarcellopatriota.com.br\/blog\/wp-json\/wp\/v2\/comments?post=110127"}],"version-history":[{"count":1,"href":"https:\/\/blogdomarcellopatriota.com.br\/blog\/wp-json\/wp\/v2\/posts\/110127\/revisions"}],"predecessor-version":[{"id":110128,"href":"https:\/\/blogdomarcellopatriota.com.br\/blog\/wp-json\/wp\/v2\/posts\/110127\/revisions\/110128"}],"wp:attachment":[{"href":"https:\/\/blogdomarcellopatriota.com.br\/blog\/wp-json\/wp\/v2\/media?parent=110127"}],"wp:term":[{"taxonomy":"category","embeddable":true,"href":"https:\/\/blogdomarcellopatriota.com.br\/blog\/wp-json\/wp\/v2\/categories?post=110127"},{"taxonomy":"post_tag","embeddable":true,"href":"https:\/\/blogdomarcellopatriota.com.br\/blog\/wp-json\/wp\/v2\/tags?post=110127"}],"curies":[{"name":"wp","href":"https:\/\/api.w.org\/{rel}","templated":true}]}}