{"id":110129,"date":"2026-09-02T10:14:26","date_gmt":"2026-09-02T13:14:26","guid":{"rendered":"https:\/\/blogdomarcellopatriota.com.br\/blog\/?p=110129"},"modified":"2026-09-02T10:18:26","modified_gmt":"2026-09-02T13:18:26","slug":"2a-feira-de-mulheres-marca-reinauguracao-da-coordenadoria-da-mulher-em-solidao","status":"publish","type":"post","link":"https:\/\/blogdomarcellopatriota.com.br\/blog\/2a-feira-de-mulheres-marca-reinauguracao-da-coordenadoria-da-mulher-em-solidao\/","title":{"rendered":"2\u00aa Feira de Mulheres marca reinaugura\u00e7\u00e3o da Coordenadoria da Mulher em Solid\u00e3o"},"content":{"rendered":"<p><img decoding=\"async\" class=\"aligncenter\" src=\"https:\/\/scontent.fcpv16-1.fna.fbcdn.net\/v\/t39.30808-6\/792556279_1763608412154432_7482817261661205330_n.jpg?stp=dst-jpg_tt6&amp;cstp=mx1600x900&amp;ctp=s1600x900&amp;_nc_cat=110&amp;ccb=1-7&amp;_nc_sid=bd9a62&amp;_nc_ohc=ef_Lqm_7SnUQ7kNvwEWmOke&amp;_nc_oc=Adqb-66FUs2IpxyN8va-G2SJoOnfSQV3fUiQd7fvWS9bTK53Mqe_FV5gTp5ynmndixhHA0cWOc6uQKto8ijX9E4f&amp;_nc_zt=23&amp;_nc_ht=scontent.fcpv16-1.fna&amp;_nc_gid=UihVVFCF_FBSPuRosT12-g&amp;_nc_ss=7b2a8&amp;oh=00_AQKUvw0klT7Zk_YSqXsWOjHeNIRWuhG28c9Zmi7icnBx9w&amp;oe=6A9DDD26\" alt=\"Pode ser uma imagem de multid\u00e3o\" \/>A 2\u00aa Feira de Mulheres Empreendedoras e Fazedoras de Cultura do munic\u00edpio de Solid\u00e3o, no Sert\u00e3o pernambucano, foi realizada na Pra\u00e7a Padre Carlos Cottart, e repetiu o sucesso da primeira edi\u00e7\u00e3o. Com grande participa\u00e7\u00e3o popular, o evento reuniu empreendedorismo, cultura, integra\u00e7\u00e3o e valoriza\u00e7\u00e3o do protagonismo feminino no munic\u00edpio.<img fetchpriority=\"high\" decoding=\"async\" class=\"alignright\" src=\"https:\/\/scontent.fcpv16-1.fna.fbcdn.net\/v\/t39.99422-6\/790147122_1599812278250602_4749598565325955823_n.png?stp=dst-jpg_tt6&amp;cstp=mx1080x1350&amp;ctp=s1080x1350&amp;_nc_cat=100&amp;ccb=1-7&amp;_nc_sid=bd9a62&amp;_nc_ohc=iHXBSTmOWCAQ7kNvwHRXwSJ&amp;_nc_oc=AdqpYJZCg6cNc-0P0u0-uNKd5aGe7nCRnkCmSqWs_oH4F-DuGyBPrEjNsCmjAN-unEyerc4lCtm41TkO5UwRFt5N&amp;_nc_zt=14&amp;_nc_ht=scontent.fcpv16-1.fna&amp;_nc_gid=dTZ6DNDKx7Ay6Z91aRVCVg&amp;_nc_ss=7b2a8&amp;oh=00_AQKvoL_zzRSQ6TbcNzYhJnpbv9PYer87slqegSY52l0Yrg&amp;oe=6A9DE20C\" alt=\"Pode ser uma imagem de uma ou mais pessoas e texto\" width=\"544\" height=\"680\" \/><\/p>\n<p style=\"text-align: justify;\">A programa\u00e7\u00e3o tamb\u00e9m foi marcada pela reinaugura\u00e7\u00e3o da sede da Coordenadoria da Mulher de Solid\u00e3o, fortalecendo o espa\u00e7o destinado ao acolhimento, \u00e0 orienta\u00e7\u00e3o, ao desenvolvimento de a\u00e7\u00f5es e \u00e0 promo\u00e7\u00e3o de pol\u00edticas p\u00fablicas voltadas \u00e0s mulheres do munic\u00edpio.<\/p>\n<p style=\"text-align: justify;\">Promovida pelo Governo Municipal, por meio da Coordenadoria da Mulher, a feira abriu espa\u00e7o para que mulheres do munic\u00edpio apresentassem seus produtos, talentos e trabalhos, aproximando as empreendedoras da popula\u00e7\u00e3o e fortalecendo novas oportunidades.<\/p>\n<p style=\"text-align: justify;\">O prefeito Mayco Ara\u00fajo esteve presente e participou ativamente da programa\u00e7\u00e3o, acompanhando as expositoras e prestigiando as mulheres participantes. Tamb\u00e9m estiveram presentes a primeira-dama e secret\u00e1ria de Assist\u00eancia Social, Erika Ara\u00fajo; a coordenadora da Coordenadoria da Mulher de Solid\u00e3o, Safira Luiza; da Coordenadoria Regional de Pol\u00edticas para as Mulheres do Estado de Pernambuco; de secret\u00e1rios municipais; vereadores; assessores, al\u00e9m de outras lideran\u00e7as e representantes da gest\u00e3o municipal.<\/p>\n<p style=\"text-align: justify;\">A presen\u00e7a da representa\u00e7\u00e3o regional refor\u00e7ou ainda a integra\u00e7\u00e3o das a\u00e7\u00f5es desenvolvidas no munic\u00edpio com as pol\u00edticas p\u00fablicas de fortalecimento, prote\u00e7\u00e3o e promo\u00e7\u00e3o dos direitos das mulheres em Pernambuco.<\/p>\n<p style=\"text-align: justify;\">A presen\u00e7a expressiva do p\u00fablico marcou mais uma edi\u00e7\u00e3o do evento e refor\u00e7ou a import\u00e2ncia da cria\u00e7\u00e3o de espa\u00e7os de incentivo, divulga\u00e7\u00e3o e reconhecimento do trabalho desenvolvido pelas mulheres solidanenses.<\/p>\n<p style=\"text-align: justify;\">Al\u00e9m da exposi\u00e7\u00e3o e comercializa\u00e7\u00e3o de produtos, a programa\u00e7\u00e3o contou com m\u00fasica ao vivo. A cantora Maria Show animou o p\u00fablico e contribuiu para encerrar o evento em clima de celebra\u00e7\u00e3o e confraterniza\u00e7\u00e3o.<\/p>\n<p style=\"text-align: justify;\">Com a realiza\u00e7\u00e3o da 2\u00aa edi\u00e7\u00e3o da feira e a reinaugura\u00e7\u00e3o da sede da Coordenadoria da Mulher, o Governo Municipal de Solid\u00e3o refor\u00e7a o compromisso com o incentivo \u00e0 autonomia, ao empreendedorismo, \u00e0 cultura e ao fortalecimento das pol\u00edticas p\u00fablicas destinadas \u00e0s mulheres do munic\u00edpio.<\/p>\n","protected":false},"excerpt":{"rendered":"<p>A 2&ordf; Feira de Mulheres Empreendedoras e Fazedoras de Cultura do munic&iacute;pio de Solid&atilde;o, no Sert&atilde;o pernambucano, foi realizada na Pra&ccedil;a Padre Carlos Cottart, e repetiu o sucesso da primeira edi&ccedil;&atilde;o. Com grande participa&ccedil;&atilde;o popular, o evento reuniu empreendedorismo, cultura, integra&ccedil;&atilde;o e valoriza&ccedil;&atilde;o do protagonismo feminino no munic&iacute;pio. A programa&ccedil;&atilde;o tamb&eacute;m foi marcada pela reinaugura&ccedil;&atilde;o &#8230; <a title=\"2\u00aa Feira de Mulheres marca reinaugura\u00e7\u00e3o da Coordenadoria da Mulher em Solid\u00e3o\" class=\"read-more\" href=\"https:\/\/blogdomarcellopatriota.com.br\/blog\/2a-feira-de-mulheres-marca-reinauguracao-da-coordenadoria-da-mulher-em-solidao\/\" aria-label=\"Read more about 2\u00aa Feira de Mulheres marca reinaugura\u00e7\u00e3o da Coordenadoria da Mulher em Solid\u00e3o\">Ler mais<\/a><\/p>\n","protected":false},"author":2,"featured_media":0,"comment_status":"closed","ping_status":"closed","sticky":false,"template":"","format":"standard","meta":{"footnotes":""},"categories":[1],"tags":[],"class_list":["post-110129","post","type-post","status-publish","format-standard","hentry","category-sem-categoria"],"_links":{"self":[{"href":"https:\/\/blogdomarcellopatriota.com.br\/blog\/wp-json\/wp\/v2\/posts\/110129","targetHints":{"allow":["GET"]}}],"collection":[{"href":"https:\/\/blogdomarcellopatriota.com.br\/blog\/wp-json\/wp\/v2\/posts"}],"about":[{"href":"https:\/\/blogdomarcellopatriota.com.br\/blog\/wp-json\/wp\/v2\/types\/post"}],"author":[{"embeddable":true,"href":"https:\/\/blogdomarcellopatriota.com.br\/blog\/wp-json\/wp\/v2\/users\/2"}],"replies":[{"embeddable":true,"href":"https:\/\/blogdomarcellopatriota.com.br\/blog\/wp-json\/wp\/v2\/comments?post=110129"}],"version-history":[{"count":2,"href":"https:\/\/blogdomarcellopatriota.com.br\/blog\/wp-json\/wp\/v2\/posts\/110129\/revisions"}],"predecessor-version":[{"id":110131,"href":"https:\/\/blogdomarcellopatriota.com.br\/blog\/wp-json\/wp\/v2\/posts\/110129\/revisions\/110131"}],"wp:attachment":[{"href":"https:\/\/blogdomarcellopatriota.com.br\/blog\/wp-json\/wp\/v2\/media?parent=110129"}],"wp:term":[{"taxonomy":"category","embeddable":true,"href":"https:\/\/blogdomarcellopatriota.com.br\/blog\/wp-json\/wp\/v2\/categories?post=110129"},{"taxonomy":"post_tag","embeddable":true,"href":"https:\/\/blogdomarcellopatriota.com.br\/blog\/wp-json\/wp\/v2\/tags?post=110129"}],"curies":[{"name":"wp","href":"https:\/\/api.w.org\/{rel}","templated":true}]}}