{"id":110134,"date":"2026-09-02T15:17:36","date_gmt":"2026-09-02T18:17:36","guid":{"rendered":"https:\/\/blogdomarcellopatriota.com.br\/blog\/?p=110134"},"modified":"2026-09-02T15:17:36","modified_gmt":"2026-09-02T18:17:36","slug":"sjegito-pe-cdl-fez-reuniao-de-alinhamento-com-expositores-da-fenap-nessa-terca-01","status":"publish","type":"post","link":"https:\/\/blogdomarcellopatriota.com.br\/blog\/sjegito-pe-cdl-fez-reuniao-de-alinhamento-com-expositores-da-fenap-nessa-terca-01\/","title":{"rendered":"SJEgito &#8211; PE CDL fez reuni\u00e3o de alinhamento com expositores da FENAP nessa ter\u00e7a (01)"},"content":{"rendered":"<p style=\"text-align: justify;\"><img fetchpriority=\"high\" decoding=\"async\" class=\"size-medium wp-image-18106 alignleft\" src=\"https:\/\/gazetadopajeu.com\/site\/wp-content\/uploads\/2026\/09\/WhatsApp-Image-2026-09-01-at-20.32.28-400x300.jpg\" sizes=\"(max-width: 400px) 100vw, 400px\" srcset=\"https:\/\/gazetadopajeu.com\/site\/wp-content\/uploads\/2026\/09\/WhatsApp-Image-2026-09-01-at-20.32.28-400x300.jpg 400w, https:\/\/gazetadopajeu.com\/site\/wp-content\/uploads\/2026\/09\/WhatsApp-Image-2026-09-01-at-20.32.28.jpg 600w\" alt=\"\" width=\"400\" height=\"300\" \/>A C\u00e2mara de Dirigentes Logistas de S\u00e3o Jos\u00e9 do Egito reuniu os expositores da Feira de Neg\u00f3cios do Alto Paje\u00fa, que vai acontecer entre os dias 10 e 12 de setembro, numa reuni\u00e3o para orienta\u00e7\u00f5es gerais, ocorrida na noite dessa ter\u00e7a (01), no Centro de Inclus\u00e3o Digital.<\/p>\n<p style=\"text-align: justify;\">Na ocasi\u00e3o aconteceu uma Oficina de Produ\u00e7\u00e3o de Conte\u00fado para Redes Sociais, especialmente pensada para quem cuida das redes sociais das empresas expositoras. O momento foi ofertado pelo Sebrae em parceria com a Sala do Empreendedor de S\u00e3o Jos\u00e9 do Egito.<\/p>\n<p style=\"text-align: justify;\">Antes da feira, nesta quinta, dia 03 de setembro, \u00e0s 19h30, haver\u00e1 outra oficina, \u201cComo Aumentar suas Vendas\u201d, na Secretaria de Desenvolvimento Econ\u00f4mico.<\/p>\n<p style=\"text-align: justify;\">Ser\u00e1 um momento especial para aprender estrat\u00e9gias pr\u00e1ticas que podem contribuir para melhorar os resultados do seu neg\u00f3cio.\u00a0 <strong>blog do Erbi.<\/strong><\/p>\n","protected":false},"excerpt":{"rendered":"<p>A C&acirc;mara de Dirigentes Logistas de S&atilde;o Jos&eacute; do Egito reuniu os expositores da Feira de Neg&oacute;cios do Alto Paje&uacute;, que vai acontecer entre os dias 10 e 12 de setembro, numa reuni&atilde;o para orienta&ccedil;&otilde;es gerais, ocorrida na noite dessa ter&ccedil;a (01), no Centro de Inclus&atilde;o Digital. Na ocasi&atilde;o aconteceu uma Oficina de Produ&ccedil;&atilde;o de &#8230; <a title=\"SJEgito &#8211; PE CDL fez reuni\u00e3o de alinhamento com expositores da FENAP nessa ter\u00e7a (01)\" class=\"read-more\" href=\"https:\/\/blogdomarcellopatriota.com.br\/blog\/sjegito-pe-cdl-fez-reuniao-de-alinhamento-com-expositores-da-fenap-nessa-terca-01\/\" aria-label=\"Read more about SJEgito &#8211; PE CDL fez reuni\u00e3o de alinhamento com expositores da FENAP nessa ter\u00e7a (01)\">Ler mais<\/a><\/p>\n","protected":false},"author":2,"featured_media":0,"comment_status":"closed","ping_status":"closed","sticky":false,"template":"","format":"standard","meta":{"footnotes":""},"categories":[1],"tags":[],"class_list":["post-110134","post","type-post","status-publish","format-standard","hentry","category-sem-categoria"],"_links":{"self":[{"href":"https:\/\/blogdomarcellopatriota.com.br\/blog\/wp-json\/wp\/v2\/posts\/110134","targetHints":{"allow":["GET"]}}],"collection":[{"href":"https:\/\/blogdomarcellopatriota.com.br\/blog\/wp-json\/wp\/v2\/posts"}],"about":[{"href":"https:\/\/blogdomarcellopatriota.com.br\/blog\/wp-json\/wp\/v2\/types\/post"}],"author":[{"embeddable":true,"href":"https:\/\/blogdomarcellopatriota.com.br\/blog\/wp-json\/wp\/v2\/users\/2"}],"replies":[{"embeddable":true,"href":"https:\/\/blogdomarcellopatriota.com.br\/blog\/wp-json\/wp\/v2\/comments?post=110134"}],"version-history":[{"count":1,"href":"https:\/\/blogdomarcellopatriota.com.br\/blog\/wp-json\/wp\/v2\/posts\/110134\/revisions"}],"predecessor-version":[{"id":110135,"href":"https:\/\/blogdomarcellopatriota.com.br\/blog\/wp-json\/wp\/v2\/posts\/110134\/revisions\/110135"}],"wp:attachment":[{"href":"https:\/\/blogdomarcellopatriota.com.br\/blog\/wp-json\/wp\/v2\/media?parent=110134"}],"wp:term":[{"taxonomy":"category","embeddable":true,"href":"https:\/\/blogdomarcellopatriota.com.br\/blog\/wp-json\/wp\/v2\/categories?post=110134"},{"taxonomy":"post_tag","embeddable":true,"href":"https:\/\/blogdomarcellopatriota.com.br\/blog\/wp-json\/wp\/v2\/tags?post=110134"}],"curies":[{"name":"wp","href":"https:\/\/api.w.org\/{rel}","templated":true}]}}