{"id":110136,"date":"2026-09-02T20:12:34","date_gmt":"2026-09-02T23:12:34","guid":{"rendered":"https:\/\/blogdomarcellopatriota.com.br\/blog\/?p=110136"},"modified":"2026-09-02T20:12:34","modified_gmt":"2026-09-02T23:12:34","slug":"mppe-aciona-ex-prefeito-manuca-de-custodia-e-aponta-suposto-prejuizo-de-r-32-milhoes","status":"publish","type":"post","link":"https:\/\/blogdomarcellopatriota.com.br\/blog\/mppe-aciona-ex-prefeito-manuca-de-custodia-e-aponta-suposto-prejuizo-de-r-32-milhoes\/","title":{"rendered":"MPPE aciona ex-prefeito Manuca de Cust\u00f3dia e aponta suposto preju\u00edzo de R$ 3,2 milh\u00f5es"},"content":{"rendered":"<div class=\"featured-image mb-4 text-center\"><img fetchpriority=\"high\" decoding=\"async\" class=\"img-fluid wp-post-image alignleft\" src=\"https:\/\/i0.wp.com\/nilljunior.com.br\/wp-content\/uploads\/2026\/09\/Imagens-Sites-11.png?fit=600%2C338&amp;ssl=1\" sizes=\"(max-width: 600px) 100vw, 600px\" srcset=\"https:\/\/i0.wp.com\/nilljunior.com.br\/wp-content\/uploads\/2026\/09\/Imagens-Sites-11.png?w=960&amp;ssl=1 960w, https:\/\/i0.wp.com\/nilljunior.com.br\/wp-content\/uploads\/2026\/09\/Imagens-Sites-11.png?resize=300%2C169&amp;ssl=1 300w, https:\/\/i0.wp.com\/nilljunior.com.br\/wp-content\/uploads\/2026\/09\/Imagens-Sites-11.png?resize=600%2C338&amp;ssl=1 600w, https:\/\/i0.wp.com\/nilljunior.com.br\/wp-content\/uploads\/2026\/09\/Imagens-Sites-11.png?resize=768%2C432&amp;ssl=1 768w\" alt=\"\" width=\"438\" height=\"247\" data-attachment-id=\"334412\" data-permalink=\"https:\/\/nilljunior.com.br\/mppe-aciona-ex-prefeito-de-custodia-e-aponta-suposto-prejuizo-de-r-32-milhoes\/imagens-sites-11\/\" data-orig-file=\"https:\/\/i0.wp.com\/nilljunior.com.br\/wp-content\/uploads\/2026\/09\/Imagens-Sites-11.png?fit=960%2C540&amp;ssl=1\" data-orig-size=\"960,540\" data-comments-opened=\"0\" data-image-meta=\"{&quot;aperture&quot;:&quot;0&quot;,&quot;credit&quot;:&quot;&quot;,&quot;camera&quot;:&quot;&quot;,&quot;caption&quot;:&quot;&quot;,&quot;created_timestamp&quot;:&quot;0&quot;,&quot;copyright&quot;:&quot;&quot;,&quot;focal_length&quot;:&quot;0&quot;,&quot;iso&quot;:&quot;0&quot;,&quot;shutter_speed&quot;:&quot;0&quot;,&quot;title&quot;:&quot;&quot;,&quot;orientation&quot;:&quot;0&quot;}\" data-image-title=\"Imagens Sites (11)\" data-image-description=\"\" data-image-caption=\"\" data-large-file=\"https:\/\/i0.wp.com\/nilljunior.com.br\/wp-content\/uploads\/2026\/09\/Imagens-Sites-11.png?fit=600%2C338&amp;ssl=1\" \/><\/div>\n<div class=\"entry-content\">\n<p style=\"text-align: justify;\" data-start=\"89\" data-end=\"190\">A\u00e7\u00e3o por improbidade administrativa envolve repasses previdenci\u00e1rios referentes ao exerc\u00edcio de 2017.<\/p>\n<p style=\"text-align: justify;\" data-start=\"192\" data-end=\"482\">O Minist\u00e9rio P\u00fablico de Pernambuco (MPPE) ajuizou uma a\u00e7\u00e3o civil p\u00fablica por improbidade administrativa contra o ex-prefeito de Cust\u00f3dia Emanuel Fernandes de Freitas G\u00f3is. O processo trata de supostas irregularidades em repasses de contribui\u00e7\u00f5es previdenci\u00e1rias durante o exerc\u00edcio de 2017.<\/p>\n<p style=\"text-align: justify;\" data-start=\"484\" data-end=\"607\">A a\u00e7\u00e3o foi apresentada pelo promotor de Justi\u00e7a Rennan Fernandes de Souza, titular da 1\u00aa Promotoria de Justi\u00e7a de Cust\u00f3dia.<\/p>\n<p style=\"text-align: justify;\" data-start=\"609\" data-end=\"822\">Segundo o MPPE, a gest\u00e3o municipal teria deixado de repassar R$ 173,4 mil descontados dos sal\u00e1rios dos servidores ao Regime Geral de Previd\u00eancia Social, al\u00e9m de R$ 1,73 milh\u00e3o referentes a contribui\u00e7\u00f5es patronais.<\/p>\n<p style=\"text-align: justify;\" data-start=\"824\" data-end=\"954\">O Minist\u00e9rio P\u00fablico aponta ainda um d\u00e9bito de R$ 42,6 mil relacionado ao regime pr\u00f3prio de previd\u00eancia dos servidores municipais.<\/p>\n<p style=\"text-align: justify;\" data-start=\"956\" data-end=\"1160\">De acordo com a a\u00e7\u00e3o, os valores atualizados representariam um suposto dano de R$ 3.221.603,27 aos cofres p\u00fablicos. O montante \u00e9 uma estimativa apresentada pelo MPPE e ainda depende da an\u00e1lise da Justi\u00e7a.<\/p>\n<p style=\"text-align: justify;\" data-start=\"1162\" data-end=\"1411\">O \u00f3rg\u00e3o tamb\u00e9m informou que, durante o mesmo exerc\u00edcio, a Prefeitura de Cust\u00f3dia teria destinado R$ 1,57 milh\u00e3o a eventos festivos e comemorativos. A informa\u00e7\u00e3o foi inclu\u00edda pelo Minist\u00e9rio P\u00fablico como parte dos argumentos apresentados no processo.<\/p>\n<p style=\"text-align: justify;\" data-start=\"1413\" data-end=\"1668\">Na a\u00e7\u00e3o, o MPPE pede a indisponibilidade de bens do ex-prefeito at\u00e9 o limite de aproximadamente R$ 3,22 milh\u00f5es, al\u00e9m do ressarcimento do valor que considera devido e da eventual aplica\u00e7\u00e3o das san\u00e7\u00f5es previstas na legisla\u00e7\u00e3o de improbidade administrativa.<\/p>\n<p style=\"text-align: justify;\" data-start=\"1670\" data-end=\"1783\">Os pedidos ainda ser\u00e3o analisados pelo Judici\u00e1rio. O ajuizamento da a\u00e7\u00e3o n\u00e3o significa condena\u00e7\u00e3o do ex-prefeito.<\/p>\n<p style=\"text-align: justify;\" data-start=\"1785\" data-end=\"1838\">O processo tramita na 1\u00aa Vara da Comarca de Cust\u00f3dia.<\/p>\n<p style=\"text-align: justify;\" data-start=\"1840\" data-end=\"1937\">O material encaminhado n\u00e3o apresenta manifesta\u00e7\u00e3o da defesa de Emanuel Fernandes de Freitas G\u00f3is.<\/p>\n<\/div>\n","protected":false},"excerpt":{"rendered":"<p>A&ccedil;&atilde;o por improbidade administrativa envolve repasses previdenci&aacute;rios referentes ao exerc&iacute;cio de 2017. O Minist&eacute;rio P&uacute;blico de Pernambuco (MPPE) ajuizou uma a&ccedil;&atilde;o civil p&uacute;blica por improbidade administrativa contra o ex-prefeito de Cust&oacute;dia Emanuel Fernandes de Freitas G&oacute;is. O processo trata de supostas irregularidades em repasses de contribui&ccedil;&otilde;es previdenci&aacute;rias durante o exerc&iacute;cio de 2017. A a&ccedil;&atilde;o foi &#8230; <a title=\"MPPE aciona ex-prefeito Manuca de Cust\u00f3dia e aponta suposto preju\u00edzo de R$ 3,2 milh\u00f5es\" class=\"read-more\" href=\"https:\/\/blogdomarcellopatriota.com.br\/blog\/mppe-aciona-ex-prefeito-manuca-de-custodia-e-aponta-suposto-prejuizo-de-r-32-milhoes\/\" aria-label=\"Read more about MPPE aciona ex-prefeito Manuca de Cust\u00f3dia e aponta suposto preju\u00edzo de R$ 3,2 milh\u00f5es\">Ler mais<\/a><\/p>\n","protected":false},"author":2,"featured_media":0,"comment_status":"closed","ping_status":"closed","sticky":false,"template":"","format":"standard","meta":{"footnotes":""},"categories":[1],"tags":[],"class_list":["post-110136","post","type-post","status-publish","format-standard","hentry","category-sem-categoria"],"_links":{"self":[{"href":"https:\/\/blogdomarcellopatriota.com.br\/blog\/wp-json\/wp\/v2\/posts\/110136","targetHints":{"allow":["GET"]}}],"collection":[{"href":"https:\/\/blogdomarcellopatriota.com.br\/blog\/wp-json\/wp\/v2\/posts"}],"about":[{"href":"https:\/\/blogdomarcellopatriota.com.br\/blog\/wp-json\/wp\/v2\/types\/post"}],"author":[{"embeddable":true,"href":"https:\/\/blogdomarcellopatriota.com.br\/blog\/wp-json\/wp\/v2\/users\/2"}],"replies":[{"embeddable":true,"href":"https:\/\/blogdomarcellopatriota.com.br\/blog\/wp-json\/wp\/v2\/comments?post=110136"}],"version-history":[{"count":1,"href":"https:\/\/blogdomarcellopatriota.com.br\/blog\/wp-json\/wp\/v2\/posts\/110136\/revisions"}],"predecessor-version":[{"id":110137,"href":"https:\/\/blogdomarcellopatriota.com.br\/blog\/wp-json\/wp\/v2\/posts\/110136\/revisions\/110137"}],"wp:attachment":[{"href":"https:\/\/blogdomarcellopatriota.com.br\/blog\/wp-json\/wp\/v2\/media?parent=110136"}],"wp:term":[{"taxonomy":"category","embeddable":true,"href":"https:\/\/blogdomarcellopatriota.com.br\/blog\/wp-json\/wp\/v2\/categories?post=110136"},{"taxonomy":"post_tag","embeddable":true,"href":"https:\/\/blogdomarcellopatriota.com.br\/blog\/wp-json\/wp\/v2\/tags?post=110136"}],"curies":[{"name":"wp","href":"https:\/\/api.w.org\/{rel}","templated":true}]}}