{"id":110142,"date":"2026-09-02T20:24:54","date_gmt":"2026-09-02T23:24:54","guid":{"rendered":"https:\/\/blogdomarcellopatriota.com.br\/blog\/?p=110142"},"modified":"2026-09-03T10:12:26","modified_gmt":"2026-09-03T13:12:26","slug":"breno-araujo-cumpre-agenda-e-faz-campanha-na-festa-de-setembro-em-serra-talhada","status":"publish","type":"post","link":"https:\/\/blogdomarcellopatriota.com.br\/blog\/breno-araujo-cumpre-agenda-e-faz-campanha-na-festa-de-setembro-em-serra-talhada\/","title":{"rendered":"Breno Ara\u00fajo cumpre agenda e faz campanha na Festa de Setembro, em Serra Talhada"},"content":{"rendered":"<div class=\"featured-image mb-4 text-center\" style=\"text-align: justify;\"><img fetchpriority=\"high\" decoding=\"async\" class=\"img-fluid wp-post-image alignleft\" src=\"https:\/\/i0.wp.com\/nilljunior.com.br\/wp-content\/uploads\/2026\/09\/IMG_5801.jpeg?fit=598%2C400&amp;ssl=1\" sizes=\"(max-width: 598px) 100vw, 598px\" srcset=\"https:\/\/i0.wp.com\/nilljunior.com.br\/wp-content\/uploads\/2026\/09\/IMG_5801.jpeg?w=1320&amp;ssl=1 1320w, https:\/\/i0.wp.com\/nilljunior.com.br\/wp-content\/uploads\/2026\/09\/IMG_5801.jpeg?resize=300%2C201&amp;ssl=1 300w, https:\/\/i0.wp.com\/nilljunior.com.br\/wp-content\/uploads\/2026\/09\/IMG_5801.jpeg?resize=598%2C400&amp;ssl=1 598w, https:\/\/i0.wp.com\/nilljunior.com.br\/wp-content\/uploads\/2026\/09\/IMG_5801.jpeg?resize=150%2C100&amp;ssl=1 150w, https:\/\/i0.wp.com\/nilljunior.com.br\/wp-content\/uploads\/2026\/09\/IMG_5801.jpeg?resize=768%2C514&amp;ssl=1 768w, https:\/\/i0.wp.com\/nilljunior.com.br\/wp-content\/uploads\/2026\/09\/IMG_5801.jpeg?resize=721%2C483&amp;ssl=1 721w\" alt=\"\" width=\"490\" height=\"328\" data-attachment-id=\"334444\" data-permalink=\"https:\/\/nilljunior.com.br\/breno-araujo-cumpre-agenda-e-faz-campanha-na-festa-de-setembro-em-serra-talhada\/screenshot-56\/\" data-orig-file=\"https:\/\/i0.wp.com\/nilljunior.com.br\/wp-content\/uploads\/2026\/09\/IMG_5801.jpeg?fit=1320%2C883&amp;ssl=1\" data-orig-size=\"1320,883\" data-comments-opened=\"0\" data-image-meta=\"{&quot;aperture&quot;:&quot;0&quot;,&quot;credit&quot;:&quot;&quot;,&quot;camera&quot;:&quot;&quot;,&quot;caption&quot;:&quot;Screenshot&quot;,&quot;created_timestamp&quot;:&quot;1788378298&quot;,&quot;copyright&quot;:&quot;&quot;,&quot;focal_length&quot;:&quot;0&quot;,&quot;iso&quot;:&quot;0&quot;,&quot;shutter_speed&quot;:&quot;0&quot;,&quot;title&quot;:&quot;Screenshot&quot;,&quot;orientation&quot;:&quot;1&quot;}\" data-image-title=\"Screenshot\" data-image-description=\"\" data-image-caption=\"&lt;p&gt;Screenshot&lt;\/p&gt; \" data-large-file=\"https:\/\/i0.wp.com\/nilljunior.com.br\/wp-content\/uploads\/2026\/09\/IMG_5801.jpeg?fit=598%2C400&amp;ssl=1\" \/><span style=\"font-size: inherit;\">O candidato a Deputado Estadual Breno Ara\u00fajo cumpriu agenda em casa, na cidade de Serra Talhada, ao lado de aliados, onde visitou barracas e cumprimentou populares na Festa de Setembro, principal evento anual da Capital do Xaxado.<\/span><\/div>\n<div class=\"entry-content\">\n<p style=\"text-align: justify;\">Breno circulou pelas barracas e acompanhou a movimenta\u00e7\u00e3o no evento, conhecido tamb\u00e9m pela movimenta\u00e7\u00e3o econ\u00f4mica em virtude dos eventos religiosos e shows festivos.<\/p>\n<p style=\"text-align: justify;\">O candidato segue em agenda e disputa uma vaga pelo Partido dos Trabalhadores.<\/p>\n<p style=\"text-align: justify;\">Breno \u00e9 colocado como um dos nomes para a disputa de uma das vagas de sua Coliga\u00e7\u00e3o.<\/p>\n<\/div>\n","protected":false},"excerpt":{"rendered":"<p>O candidato a Deputado Estadual Breno Ara&uacute;jo cumpriu agenda em casa, na cidade de Serra Talhada, ao lado de aliados, onde visitou barracas e cumprimentou populares na Festa de Setembro, principal evento anual da Capital do Xaxado. Breno circulou pelas barracas e acompanhou a movimenta&ccedil;&atilde;o no evento, conhecido tamb&eacute;m pela movimenta&ccedil;&atilde;o econ&ocirc;mica em virtude dos &#8230; <a title=\"Breno Ara\u00fajo cumpre agenda e faz campanha na Festa de Setembro, em Serra Talhada\" class=\"read-more\" href=\"https:\/\/blogdomarcellopatriota.com.br\/blog\/breno-araujo-cumpre-agenda-e-faz-campanha-na-festa-de-setembro-em-serra-talhada\/\" aria-label=\"Read more about Breno Ara\u00fajo cumpre agenda e faz campanha na Festa de Setembro, em Serra Talhada\">Ler mais<\/a><\/p>\n","protected":false},"author":2,"featured_media":0,"comment_status":"closed","ping_status":"closed","sticky":false,"template":"","format":"standard","meta":{"footnotes":""},"categories":[1],"tags":[],"class_list":["post-110142","post","type-post","status-publish","format-standard","hentry","category-sem-categoria"],"_links":{"self":[{"href":"https:\/\/blogdomarcellopatriota.com.br\/blog\/wp-json\/wp\/v2\/posts\/110142","targetHints":{"allow":["GET"]}}],"collection":[{"href":"https:\/\/blogdomarcellopatriota.com.br\/blog\/wp-json\/wp\/v2\/posts"}],"about":[{"href":"https:\/\/blogdomarcellopatriota.com.br\/blog\/wp-json\/wp\/v2\/types\/post"}],"author":[{"embeddable":true,"href":"https:\/\/blogdomarcellopatriota.com.br\/blog\/wp-json\/wp\/v2\/users\/2"}],"replies":[{"embeddable":true,"href":"https:\/\/blogdomarcellopatriota.com.br\/blog\/wp-json\/wp\/v2\/comments?post=110142"}],"version-history":[{"count":2,"href":"https:\/\/blogdomarcellopatriota.com.br\/blog\/wp-json\/wp\/v2\/posts\/110142\/revisions"}],"predecessor-version":[{"id":110171,"href":"https:\/\/blogdomarcellopatriota.com.br\/blog\/wp-json\/wp\/v2\/posts\/110142\/revisions\/110171"}],"wp:attachment":[{"href":"https:\/\/blogdomarcellopatriota.com.br\/blog\/wp-json\/wp\/v2\/media?parent=110142"}],"wp:term":[{"taxonomy":"category","embeddable":true,"href":"https:\/\/blogdomarcellopatriota.com.br\/blog\/wp-json\/wp\/v2\/categories?post=110142"},{"taxonomy":"post_tag","embeddable":true,"href":"https:\/\/blogdomarcellopatriota.com.br\/blog\/wp-json\/wp\/v2\/tags?post=110142"}],"curies":[{"name":"wp","href":"https:\/\/api.w.org\/{rel}","templated":true}]}}