{"id":110144,"date":"2026-09-04T07:08:26","date_gmt":"2026-09-04T10:08:26","guid":{"rendered":"https:\/\/blogdomarcellopatriota.com.br\/blog\/?p=110144"},"modified":"2026-09-04T08:06:47","modified_gmt":"2026-09-04T11:06:47","slug":"realtime-big-data-pe-mostra-raquel-lyra-e-joao-campos-empatados","status":"publish","type":"post","link":"https:\/\/blogdomarcellopatriota.com.br\/blog\/realtime-big-data-pe-mostra-raquel-lyra-e-joao-campos-empatados\/","title":{"rendered":"RealTime Big Data PE mostra Raquel Lyra e Jo\u00e3o Campos empatados"},"content":{"rendered":"<p><strong><img fetchpriority=\"high\" decoding=\"async\" class=\"size-full wp-image-325459 entered litespeed-loaded alignleft\" src=\"https:\/\/blogdofinfa.com.br\/wp-content\/uploads\/2026\/09\/a-governadora-de-pernambuco-raquel-lyra-psd-e-o-prefeito-do-recife-joao-campos-psb-1785232535419_v2_450x337.jpg.webp\" sizes=\"(max-width: 450px) 100vw, 450px\" srcset=\"https:\/\/blogdofinfa.com.br\/wp-content\/uploads\/2026\/09\/a-governadora-de-pernambuco-raquel-lyra-psd-e-o-prefeito-do-recife-joao-campos-psb-1785232535419_v2_450x337.jpg.webp 450w, https:\/\/blogdofinfa.com.br\/wp-content\/uploads\/2026\/09\/a-governadora-de-pernambuco-raquel-lyra-psd-e-o-prefeito-do-recife-joao-campos-psb-1785232535419_v2_450x337.jpg-300x225.webp 300w\" alt=\"\" width=\"450\" height=\"337\" data-lazyloaded=\"1\" data-src=\"https:\/\/blogdofinfa.com.br\/wp-content\/uploads\/2026\/09\/a-governadora-de-pernambuco-raquel-lyra-psd-e-o-prefeito-do-recife-joao-campos-psb-1785232535419_v2_450x337.jpg.webp\" data-srcset=\"https:\/\/blogdofinfa.com.br\/wp-content\/uploads\/2026\/09\/a-governadora-de-pernambuco-raquel-lyra-psd-e-o-prefeito-do-recife-joao-campos-psb-1785232535419_v2_450x337.jpg.webp 450w, https:\/\/blogdofinfa.com.br\/wp-content\/uploads\/2026\/09\/a-governadora-de-pernambuco-raquel-lyra-psd-e-o-prefeito-do-recife-joao-campos-psb-1785232535419_v2_450x337.jpg-300x225.webp 300w\" data-sizes=\"(max-width: 450px) 100vw, 450px\" data-ll-status=\"loaded\" \/>Ana Carolina Montoro\/\u00a0UOL, em S\u00e3o Paulo<\/strong><\/p>\n<p style=\"text-align: justify;\">Pesquisa Real Time Big Data divulgada hoje mostra Raquel Lyra (PSD) e Jo\u00e3o Campos (PSB) tecnicamente empatados na disputa pelo governo de Pernambuco, tanto no primeiro quanto no segundo turno.<\/p>\n<p style=\"text-align: justify;\">A RealTime Big Data ouviu 1.600 pessoas por telefone e pela internet, entre os dias 29 de agosto e 2 de setembro. A margem de erro \u00e9 de dois pontos percentuais para mais ou para menos. O n\u00edvel de confian\u00e7a \u00e9 de 95%. O levantamento foi registrado no TSE (Tribunal Superior Eleitoral) sob o n\u00famero PE-09116\/2026.<\/p>\n<p style=\"text-align: justify;\"><strong>1\u00ba turno \u2013 estimulada (quando \u00e9 apresentada lista com nomes)<\/strong><br \/>\nJo\u00e3o Campos (PSB): 43%<br \/>\nRaquel Lyra (PSD): 43%<br \/>\nRenan Hallais (Miss\u00e3o): 4%<br \/>\nIvan Moraes (PSOL): 2%<br \/>\nOutros: 1%<br \/>\nBranco\/Nulo: 4%<br \/>\nN\u00e3o sabe\/N\u00e3o respondeu: 3%<\/p>\n<p style=\"text-align: justify;\"><strong>1\u00ba turno \u2013 espont\u00e2nea (quando n\u00e3o \u00e9 apresentada lista com nomes)<\/strong><br \/>\nRaquel Lyra (PSD): 23%<br \/>\nJo\u00e3o Campos (PSB): 23%<br \/>\nMar\u00edlia Arraes (PDT): 1%<br \/>\nOutros: 4%<br \/>\nBranco\/Nulo: 10%<br \/>\nN\u00e3o sabe\/N\u00e3o respondeu: 39%<\/p>\n<p style=\"text-align: justify;\"><strong>2\u00ba turno<\/strong><br \/>\nJo\u00e3o Campos (PSB): 44%<br \/>\nRaquel Lyra (PSD): 44%<br \/>\nBranco\/Nulo: 6%<br \/>\nN\u00e3o sabe\/N\u00e3o respondeu: 6%<\/p>\n<p style=\"text-align: justify;\"><strong>Senado<\/strong><br \/>\nMar\u00edlia Arraes (PDT): 29%<br \/>\nMendon\u00e7a Filho (PL): 20%<br \/>\nHumberto Costa (PT): 19%<br \/>\nEduardo da Fonte (PP): 13%<br \/>\nT\u00falio Gad\u00ealha (PSD): 12%<br \/>\nCarlos Sant\u2019Anna (Novo): 1%<br \/>\nPaulo Rubem Santiago (Rede): 1%<br \/>\nBranco\/Nulo: 3%<br \/>\nN\u00e3o sabe\/N\u00e3o respondeu: 2%<\/p>\n<p style=\"text-align: justify;\">*Mariano Macedo (PSTU), Samuel Timoteo (UP), Pastor Gilvan Costa (Democrata), Gorett Bitu (UP) e Mailson da Silva Neto (PCO) n\u00e3o pontuaram<\/p>\n","protected":false},"excerpt":{"rendered":"<p>Ana Carolina Montoro\/&nbsp;UOL, em S&atilde;o Paulo Pesquisa Real Time Big Data divulgada hoje mostra Raquel Lyra (PSD) e Jo&atilde;o Campos (PSB) tecnicamente empatados na disputa pelo governo de Pernambuco, tanto no primeiro quanto no segundo turno. A RealTime Big Data ouviu 1.600 pessoas por telefone e pela internet, entre os dias 29 de agosto e &#8230; <a title=\"RealTime Big Data PE mostra Raquel Lyra e Jo\u00e3o Campos empatados\" class=\"read-more\" href=\"https:\/\/blogdomarcellopatriota.com.br\/blog\/realtime-big-data-pe-mostra-raquel-lyra-e-joao-campos-empatados\/\" aria-label=\"Read more about RealTime Big Data PE mostra Raquel Lyra e Jo\u00e3o Campos empatados\">Ler mais<\/a><\/p>\n","protected":false},"author":2,"featured_media":0,"comment_status":"closed","ping_status":"closed","sticky":false,"template":"","format":"standard","meta":{"footnotes":""},"categories":[1],"tags":[],"class_list":["post-110144","post","type-post","status-publish","format-standard","hentry","category-sem-categoria"],"_links":{"self":[{"href":"https:\/\/blogdomarcellopatriota.com.br\/blog\/wp-json\/wp\/v2\/posts\/110144","targetHints":{"allow":["GET"]}}],"collection":[{"href":"https:\/\/blogdomarcellopatriota.com.br\/blog\/wp-json\/wp\/v2\/posts"}],"about":[{"href":"https:\/\/blogdomarcellopatriota.com.br\/blog\/wp-json\/wp\/v2\/types\/post"}],"author":[{"embeddable":true,"href":"https:\/\/blogdomarcellopatriota.com.br\/blog\/wp-json\/wp\/v2\/users\/2"}],"replies":[{"embeddable":true,"href":"https:\/\/blogdomarcellopatriota.com.br\/blog\/wp-json\/wp\/v2\/comments?post=110144"}],"version-history":[{"count":1,"href":"https:\/\/blogdomarcellopatriota.com.br\/blog\/wp-json\/wp\/v2\/posts\/110144\/revisions"}],"predecessor-version":[{"id":110145,"href":"https:\/\/blogdomarcellopatriota.com.br\/blog\/wp-json\/wp\/v2\/posts\/110144\/revisions\/110145"}],"wp:attachment":[{"href":"https:\/\/blogdomarcellopatriota.com.br\/blog\/wp-json\/wp\/v2\/media?parent=110144"}],"wp:term":[{"taxonomy":"category","embeddable":true,"href":"https:\/\/blogdomarcellopatriota.com.br\/blog\/wp-json\/wp\/v2\/categories?post=110144"},{"taxonomy":"post_tag","embeddable":true,"href":"https:\/\/blogdomarcellopatriota.com.br\/blog\/wp-json\/wp\/v2\/tags?post=110144"}],"curies":[{"name":"wp","href":"https:\/\/api.w.org\/{rel}","templated":true}]}}