{"id":110149,"date":"2026-09-03T00:18:03","date_gmt":"2026-09-03T03:18:03","guid":{"rendered":"https:\/\/blogdomarcellopatriota.com.br\/blog\/?p=110149"},"modified":"2026-09-03T08:20:00","modified_gmt":"2026-09-03T11:20:00","slug":"giro-pelos-blogs-quinta-03-09-2026","status":"publish","type":"post","link":"https:\/\/blogdomarcellopatriota.com.br\/blog\/giro-pelos-blogs-quinta-03-09-2026\/","title":{"rendered":"*Giro pelos blog\u2019s QUINTA 03.09.2026*"},"content":{"rendered":"<p><strong><img fetchpriority=\"high\" decoding=\"async\" class=\"alignleft wp-image-325453 entered litespeed-loaded\" src=\"https:\/\/blogdofinfa.com.br\/wp-content\/uploads\/2026\/09\/dfd9832c-1f8b-41e1-ad36-eda77f2a2625-scaled-e1788380293621-620x330-1.webp\" sizes=\"(max-width: 398px) 100vw, 398px\" srcset=\"https:\/\/blogdofinfa.com.br\/wp-content\/uploads\/2026\/09\/dfd9832c-1f8b-41e1-ad36-eda77f2a2625-scaled-e1788380293621-620x330-1.webp 620w, https:\/\/blogdofinfa.com.br\/wp-content\/uploads\/2026\/09\/dfd9832c-1f8b-41e1-ad36-eda77f2a2625-scaled-e1788380293621-620x330-1-300x160.webp 300w\" alt=\"\" width=\"398\" height=\"212\" data-lazyloaded=\"1\" data-src=\"https:\/\/blogdofinfa.com.br\/wp-content\/uploads\/2026\/09\/dfd9832c-1f8b-41e1-ad36-eda77f2a2625-scaled-e1788380293621-620x330-1.webp\" data-srcset=\"https:\/\/blogdofinfa.com.br\/wp-content\/uploads\/2026\/09\/dfd9832c-1f8b-41e1-ad36-eda77f2a2625-scaled-e1788380293621-620x330-1.webp 620w, https:\/\/blogdofinfa.com.br\/wp-content\/uploads\/2026\/09\/dfd9832c-1f8b-41e1-ad36-eda77f2a2625-scaled-e1788380293621-620x330-1-300x160.webp 300w\" data-sizes=\"(max-width: 398px) 100vw, 398px\" data-ll-status=\"loaded\" \/>Apresentou projeto<\/strong>\u00a0\u2013 O deputado federal Waldemar Oliveira (Avante-PE) apresentou, na C\u00e2mara dos Deputados, um novo projeto de lei que amplia a prote\u00e7\u00e3o aos consumidores no mercado de apostas esportivas. A proposta prev\u00ea a responsabiliza\u00e7\u00e3o civil de pessoas e empresas que participem da divulga\u00e7\u00e3o de bets quando a publicidade irregular contribuir para causar preju\u00edzos aos apostadores. O texto alcan\u00e7a influenciadores digitais, plataformas, ag\u00eancias, afiliados e demais pessoas f\u00edsicas ou jur\u00eddicas envolvidas na produ\u00e7\u00e3o, contrata\u00e7\u00e3o, patroc\u00ednio, promo\u00e7\u00e3o ou divulga\u00e7\u00e3o de publicidade de apostas. Nos casos previstos no projeto, esses agentes poder\u00e3o responder junto com a empresa de apostas pela repara\u00e7\u00e3o de danos materiais e morais sofridos pelo consumidor.\u00a0<em>\u201cN\u00e3o podemos aceitar que algu\u00e9m lucre incentivando pessoas a apostar de forma irrespons\u00e1vel e, quando o preju\u00edzo acontece, simplesmente diga que n\u00e3o tem nenhuma responsabilidade. Quem participa dessa cadeia de divulga\u00e7\u00e3o tamb\u00e9m precisa ter compromisso com aquilo que est\u00e1 oferecendo ao consumidor\u201d,<\/em>\u00a0afirmou Waldemar Oliveira.<img decoding=\"async\" class=\"aligncenter size-full wp-image-325452 entered litespeed-loaded\" src=\"https:\/\/blogdofinfa.com.br\/wp-content\/uploads\/2026\/09\/791672625_18140083828578774_6010025175406040306_n.webp\" sizes=\"(max-width: 512px) 100vw, 512px\" srcset=\"https:\/\/blogdofinfa.com.br\/wp-content\/uploads\/2026\/09\/791672625_18140083828578774_6010025175406040306_n.webp 512w, https:\/\/blogdofinfa.com.br\/wp-content\/uploads\/2026\/09\/791672625_18140083828578774_6010025175406040306_n-240x300.webp 240w\" alt=\"\" width=\"512\" height=\"640\" data-lazyloaded=\"1\" data-src=\"https:\/\/blogdofinfa.com.br\/wp-content\/uploads\/2026\/09\/791672625_18140083828578774_6010025175406040306_n.webp\" data-srcset=\"https:\/\/blogdofinfa.com.br\/wp-content\/uploads\/2026\/09\/791672625_18140083828578774_6010025175406040306_n.webp 512w, https:\/\/blogdofinfa.com.br\/wp-content\/uploads\/2026\/09\/791672625_18140083828578774_6010025175406040306_n-240x300.webp 240w\" data-sizes=\"(max-width: 512px) 100vw, 512px\" data-ll-status=\"loaded\" \/><strong>Voc\u00ea sabia?<\/strong>\u00a0\u2013 Que durante o m\u00eas de agosto, o Governo Municipal de Tuparetama realizou 41 castra\u00e7\u00f5es, sendo 26 f\u00eameas e 15 machos. A castra\u00e7\u00e3o \u00e9 uma importante a\u00e7\u00e3o de cuidado e prote\u00e7\u00e3o animal, contribuindo para o controle populacional, a preven\u00e7\u00e3o do abandono e mais sa\u00fade e qualidade de vida para nossos animais.<\/p>\n<p><strong><img decoding=\"async\" class=\"alignleft wp-image-325454 entered litespeed-loaded\" src=\"https:\/\/blogdofinfa.com.br\/wp-content\/uploads\/2026\/09\/Screenshot_20260902_191920_YouTube.webp\" sizes=\"(max-width: 334px) 100vw, 334px\" srcset=\"https:\/\/blogdofinfa.com.br\/wp-content\/uploads\/2026\/09\/Screenshot_20260902_191920_YouTube.webp 600w, https:\/\/blogdofinfa.com.br\/wp-content\/uploads\/2026\/09\/Screenshot_20260902_191920_YouTube-300x192.webp 300w\" alt=\"\" width=\"334\" height=\"214\" data-lazyloaded=\"1\" data-src=\"https:\/\/blogdofinfa.com.br\/wp-content\/uploads\/2026\/09\/Screenshot_20260902_191920_YouTube.webp\" data-srcset=\"https:\/\/blogdofinfa.com.br\/wp-content\/uploads\/2026\/09\/Screenshot_20260902_191920_YouTube.webp 600w, https:\/\/blogdofinfa.com.br\/wp-content\/uploads\/2026\/09\/Screenshot_20260902_191920_YouTube-300x192.webp 300w\" data-sizes=\"(max-width: 334px) 100vw, 334px\" data-ll-status=\"loaded\" \/>Frase<\/strong>\u00a0\u2013<em>\u00a0\u201cO que n\u00e3o quer dizer, de forma e maneira nenhuma, que houve um rompimento do grupo com Sandrinho. A gente est\u00e1 apoiando pessoas diferentes, mas a gente continua unido\u201d.<\/em><strong>\u00a0(Prefeito de Afogados da Ingazeira, Sandrinho Palmeira, em entrevista nesta quarta-feira (02), na R\u00e1dio Paje\u00fa, comentando a decis\u00e3o do presidente da C\u00e2mara, Vicentinho Zuza, e de outros seis vereadores da base governista de apoiar Mendon\u00e7a Filho (PL) na disputa pelo Senado)<img loading=\"lazy\" decoding=\"async\" class=\"aligncenter size-full wp-image-325455 entered litespeed-loaded\" src=\"https:\/\/blogdofinfa.com.br\/wp-content\/uploads\/2026\/09\/images-4.webp\" sizes=\"(max-width: 678px) 100vw, 678px\" srcset=\"https:\/\/blogdofinfa.com.br\/wp-content\/uploads\/2026\/09\/images-4.webp 678w, https:\/\/blogdofinfa.com.br\/wp-content\/uploads\/2026\/09\/images-4-300x200.webp 300w\" alt=\"\" width=\"678\" height=\"452\" data-lazyloaded=\"1\" data-src=\"https:\/\/blogdofinfa.com.br\/wp-content\/uploads\/2026\/09\/images-4.webp\" data-srcset=\"https:\/\/blogdofinfa.com.br\/wp-content\/uploads\/2026\/09\/images-4.webp 678w, https:\/\/blogdofinfa.com.br\/wp-content\/uploads\/2026\/09\/images-4-300x200.webp 300w\" data-sizes=\"(max-width: 678px) 100vw, 678px\" data-ll-status=\"loaded\" \/><\/strong><strong>Agendas<\/strong>\u00a0\u2013 Nesta quinta-feira (03), o candidato ao governo do estado, Jo\u00e3o Campos, tem agenda \u00e0s 11 horas, Encontro com moradores da V\u00e1rzea Fria em S\u00e3o Louren\u00e7o da Mata, \u00e0s 18:15 horas, Minicarreata na Rua Manuel Alves Deus Dar\u00e1, 96 \u2013 Engenho do Meio, Recife e \u00e0s 20:45, inaugura\u00e7\u00e3o do comit\u00ea do deputado estadual e candidato \u00e0 reelei\u00e7\u00e3o Junior Matuto, na Av. Rodolfo Aureliano, 436 \u2013 Vila Torres Galv\u00e3o, Paulista. A candidata a reelei\u00e7\u00e3o, Raquel Lyra, \u00e0s 11:30 horas, Sabatina \u2013 UOL\/Folha de S\u00e3o Paulo (on-line ao vivo), \u00e0s 16 horas, Sabatina \u2013 UPE (Campus da Universidade de Pernambuco), na Avenida Governador Agamenon Magalh\u00e3es, Santo Amaro \u2013 Recife e \u00e0s 17 horas, caminhada em Santo Amaro\/Recife, (concentra\u00e7\u00e3o na Pra\u00e7a do Tacaruna)<\/p>\n<p><strong><img loading=\"lazy\" decoding=\"async\" class=\"alignleft wp-image-325451 entered litespeed-loaded\" src=\"https:\/\/blogdofinfa.com.br\/wp-content\/uploads\/2026\/09\/1200x_0.105477001788401640.webp\" sizes=\"(max-width: 224px) 100vw, 224px\" srcset=\"https:\/\/blogdofinfa.com.br\/wp-content\/uploads\/2026\/09\/1200x_0.105477001788401640.webp 768w, https:\/\/blogdofinfa.com.br\/wp-content\/uploads\/2026\/09\/1200x_0.105477001788401640-300x300.webp 300w, https:\/\/blogdofinfa.com.br\/wp-content\/uploads\/2026\/09\/1200x_0.105477001788401640-150x150.webp 150w\" alt=\"\" width=\"224\" height=\"224\" data-lazyloaded=\"1\" data-src=\"https:\/\/blogdofinfa.com.br\/wp-content\/uploads\/2026\/09\/1200x_0.105477001788401640.webp\" data-srcset=\"https:\/\/blogdofinfa.com.br\/wp-content\/uploads\/2026\/09\/1200x_0.105477001788401640.webp 768w, https:\/\/blogdofinfa.com.br\/wp-content\/uploads\/2026\/09\/1200x_0.105477001788401640-300x300.webp 300w, https:\/\/blogdofinfa.com.br\/wp-content\/uploads\/2026\/09\/1200x_0.105477001788401640-150x150.webp 150w\" data-sizes=\"(max-width: 224px) 100vw, 224px\" data-ll-status=\"loaded\" \/>Disse<\/strong>\u00a0\u2013\u00a0<em>\u201cQuem fez vai pagar muito caro por isso. Eu n\u00e3o acredito que tenha partido da governadora, muito menos de Jo\u00e3o Campos, j\u00e1 que ele teve a mesma dor que a governadora teve, pois ele perdeu seu pai em plena elei\u00e7\u00e3o. \u00c9 uma pr\u00e1tica mesquinha, antiga, nojenta\u201d.<\/em>\u00a0<strong>(Deputado estadual e candidato \u00e0 reelei\u00e7\u00e3o Diogo Moraes, em entrevista na Rede Pernambuco de R\u00e1dios sobre o epis\u00f3dio dos cartazes an\u00f4nimos que foram espelhados com ataques \u00e0 governadora Raquel Lyra)<\/strong><\/p>\n","protected":false},"excerpt":{"rendered":"<p>Apresentou projeto&nbsp;&ndash; O deputado federal Waldemar Oliveira (Avante-PE) apresentou, na C&acirc;mara dos Deputados, um novo projeto de lei que amplia a prote&ccedil;&atilde;o aos consumidores no mercado de apostas esportivas. A proposta prev&ecirc; a responsabiliza&ccedil;&atilde;o civil de pessoas e empresas que participem da divulga&ccedil;&atilde;o de bets quando a publicidade irregular contribuir para causar preju&iacute;zos aos apostadores. &#8230; <a title=\"*Giro pelos blog\u2019s QUINTA 03.09.2026*\" class=\"read-more\" href=\"https:\/\/blogdomarcellopatriota.com.br\/blog\/giro-pelos-blogs-quinta-03-09-2026\/\" aria-label=\"Read more about *Giro pelos blog\u2019s QUINTA 03.09.2026*\">Ler mais<\/a><\/p>\n","protected":false},"author":2,"featured_media":0,"comment_status":"closed","ping_status":"closed","sticky":false,"template":"","format":"standard","meta":{"footnotes":""},"categories":[1],"tags":[],"class_list":["post-110149","post","type-post","status-publish","format-standard","hentry","category-sem-categoria"],"_links":{"self":[{"href":"https:\/\/blogdomarcellopatriota.com.br\/blog\/wp-json\/wp\/v2\/posts\/110149","targetHints":{"allow":["GET"]}}],"collection":[{"href":"https:\/\/blogdomarcellopatriota.com.br\/blog\/wp-json\/wp\/v2\/posts"}],"about":[{"href":"https:\/\/blogdomarcellopatriota.com.br\/blog\/wp-json\/wp\/v2\/types\/post"}],"author":[{"embeddable":true,"href":"https:\/\/blogdomarcellopatriota.com.br\/blog\/wp-json\/wp\/v2\/users\/2"}],"replies":[{"embeddable":true,"href":"https:\/\/blogdomarcellopatriota.com.br\/blog\/wp-json\/wp\/v2\/comments?post=110149"}],"version-history":[{"count":2,"href":"https:\/\/blogdomarcellopatriota.com.br\/blog\/wp-json\/wp\/v2\/posts\/110149\/revisions"}],"predecessor-version":[{"id":110151,"href":"https:\/\/blogdomarcellopatriota.com.br\/blog\/wp-json\/wp\/v2\/posts\/110149\/revisions\/110151"}],"wp:attachment":[{"href":"https:\/\/blogdomarcellopatriota.com.br\/blog\/wp-json\/wp\/v2\/media?parent=110149"}],"wp:term":[{"taxonomy":"category","embeddable":true,"href":"https:\/\/blogdomarcellopatriota.com.br\/blog\/wp-json\/wp\/v2\/categories?post=110149"},{"taxonomy":"post_tag","embeddable":true,"href":"https:\/\/blogdomarcellopatriota.com.br\/blog\/wp-json\/wp\/v2\/tags?post=110149"}],"curies":[{"name":"wp","href":"https:\/\/api.w.org\/{rel}","templated":true}]}}