{"id":110159,"date":"2026-09-03T09:55:57","date_gmt":"2026-09-03T12:55:57","guid":{"rendered":"https:\/\/blogdomarcellopatriota.com.br\/blog\/?p=110159"},"modified":"2026-09-03T10:06:08","modified_gmt":"2026-09-03T13:06:08","slug":"110159-2","status":"publish","type":"post","link":"https:\/\/blogdomarcellopatriota.com.br\/blog\/110159-2\/","title":{"rendered":"C\u00e2mara aprova projeto que reduz tempo de trabalho militar de PMs e bombeiros para aposentadoria"},"content":{"rendered":"<p><em><img decoding=\"async\" class=\"alignleft\" src=\"https:\/\/tse1.mm.bing.net\/th\/id\/OIP.u-uWjnng1fa-syBY7cdZWgHaC1?r=0&amp;pid=Api&amp;P=0&amp;h=180\" \/>Folha de S.Paulo<\/em><\/p>\n<p style=\"text-align: justify;\">A C\u00e2mara dos Deputados aprovou um projeto de lei que reduz o tempo m\u00ednimo de trabalho militar exigido para que policiais militares e bombeiros possam se aposentar. O texto foi aprovado de forma simb\u00f3lica, ou seja, quando n\u00e3o h\u00e1 contagem nominal dos votos. Vai ao Senado.<\/p>\n<p style=\"text-align: justify;\">Em uma semana de esfor\u00e7o concentrado no Congresso Nacional \u00e0s v\u00e9speras da elei\u00e7\u00e3o, a pauta passou com apoio da base governista e da maior parte da oposi\u00e7\u00e3o. O Miss\u00e3o orientou voto contra a proposta.<\/p>\n<p style=\"text-align: justify;\">Segundo o projeto, as mudan\u00e7as t\u00eam car\u00e1ter regulamentar e n\u00e3o implicam em aumento de despesa ou redu\u00e7\u00e3o de receita. O projeto mant\u00e9m o per\u00edodo de 35 anos de servi\u00e7o para a aposentadoria com remunera\u00e7\u00e3o integral de PMs e bombeiros homens, mas estabelece que, no m\u00ednimo, 25 deles devem ter sido de atividade efetivamente militar. Hoje, esse prazo \u00e9 de 30 anos.<\/p>\n<p style=\"text-align: justify;\">A proposta aprovada pelos deputados tamb\u00e9m traz uma diferencia\u00e7\u00e3o para as profissionais mulheres, que poder\u00e3o contribuir com menos tempo de trabalho: 32 anos no total, sendo, ao menos 22 anos na \u00e1rea militar.<\/p>\n<p style=\"text-align: justify;\">Al\u00e9m disso, o texto dobra, de 5 para 10 anos, o limite de servi\u00e7o civil que essas categorias podem somar ao seu hist\u00f3rico de trabalho para se aposentarem. Essas regras valem tanto para empregos n\u00e3o militares na iniciativa privada quanto p\u00fablica, desde que n\u00e3o tenham sido exercidos ao mesmo tempo.<\/p>\n<p style=\"text-align: justify;\">O texto afirma que a exposi\u00e7\u00e3o cotidiana ao crime organizado, ao tr\u00e1fico de drogas, \u00e0 viol\u00eancia urbana e a outras situa\u00e7\u00f5es que \u201cconstantemente colocam em perigo\u201d a integridade f\u00edsica e emocional desses profissionais justificam par\u00e2metros diferenciados para a inatividade e para a gest\u00e3o de pessoal<\/p>\n<p style=\"text-align: justify;\">Um outro trecho da proposta aprovada nesta ter\u00e7a tamb\u00e9m pro\u00edbe que seja feita reserva de vagas para grupos espec\u00edficos em concursos para entrada nas Pol\u00edcias Militares e nos Corpos de Bombeiros, com exce\u00e7\u00e3o de quando a natureza da fun\u00e7\u00e3o exigir essa medida.<\/p>\n<p style=\"text-align: justify;\">Tamb\u00e9m diz que a progress\u00e3o por merecimento deve seguir crit\u00e9rios universais, com prioridade para o m\u00e9rito pessoal e para o militar do primeiro ter\u00e7o do quadro de antiguidade.<\/p>\n","protected":false},"excerpt":{"rendered":"<p>Folha de S.Paulo A C&acirc;mara dos Deputados aprovou um projeto de lei que reduz o tempo m&iacute;nimo de trabalho militar exigido para que policiais militares e bombeiros possam se aposentar. O texto foi aprovado de forma simb&oacute;lica, ou seja, quando n&atilde;o h&aacute; contagem nominal dos votos. Vai ao Senado. Em uma semana de esfor&ccedil;o concentrado &#8230; <a title=\"C\u00e2mara aprova projeto que reduz tempo de trabalho militar de PMs e bombeiros para aposentadoria\" class=\"read-more\" href=\"https:\/\/blogdomarcellopatriota.com.br\/blog\/110159-2\/\" aria-label=\"Read more about C\u00e2mara aprova projeto que reduz tempo de trabalho militar de PMs e bombeiros para aposentadoria\">Ler mais<\/a><\/p>\n","protected":false},"author":2,"featured_media":0,"comment_status":"closed","ping_status":"closed","sticky":false,"template":"","format":"standard","meta":{"footnotes":""},"categories":[1],"tags":[],"class_list":["post-110159","post","type-post","status-publish","format-standard","hentry","category-sem-categoria"],"_links":{"self":[{"href":"https:\/\/blogdomarcellopatriota.com.br\/blog\/wp-json\/wp\/v2\/posts\/110159","targetHints":{"allow":["GET"]}}],"collection":[{"href":"https:\/\/blogdomarcellopatriota.com.br\/blog\/wp-json\/wp\/v2\/posts"}],"about":[{"href":"https:\/\/blogdomarcellopatriota.com.br\/blog\/wp-json\/wp\/v2\/types\/post"}],"author":[{"embeddable":true,"href":"https:\/\/blogdomarcellopatriota.com.br\/blog\/wp-json\/wp\/v2\/users\/2"}],"replies":[{"embeddable":true,"href":"https:\/\/blogdomarcellopatriota.com.br\/blog\/wp-json\/wp\/v2\/comments?post=110159"}],"version-history":[{"count":2,"href":"https:\/\/blogdomarcellopatriota.com.br\/blog\/wp-json\/wp\/v2\/posts\/110159\/revisions"}],"predecessor-version":[{"id":110161,"href":"https:\/\/blogdomarcellopatriota.com.br\/blog\/wp-json\/wp\/v2\/posts\/110159\/revisions\/110161"}],"wp:attachment":[{"href":"https:\/\/blogdomarcellopatriota.com.br\/blog\/wp-json\/wp\/v2\/media?parent=110159"}],"wp:term":[{"taxonomy":"category","embeddable":true,"href":"https:\/\/blogdomarcellopatriota.com.br\/blog\/wp-json\/wp\/v2\/categories?post=110159"},{"taxonomy":"post_tag","embeddable":true,"href":"https:\/\/blogdomarcellopatriota.com.br\/blog\/wp-json\/wp\/v2\/tags?post=110159"}],"curies":[{"name":"wp","href":"https:\/\/api.w.org\/{rel}","templated":true}]}}