{"id":110162,"date":"2026-09-03T18:40:15","date_gmt":"2026-09-03T21:40:15","guid":{"rendered":"https:\/\/blogdomarcellopatriota.com.br\/blog\/?p=110162"},"modified":"2026-09-03T18:40:08","modified_gmt":"2026-09-03T21:40:08","slug":"domingo06-4a-cavalgada-de-tuparetama-acontece-neste-domingo-com-muita-tradicao-cultura-e-musica","status":"publish","type":"post","link":"https:\/\/blogdomarcellopatriota.com.br\/blog\/domingo06-4a-cavalgada-de-tuparetama-acontece-neste-domingo-com-muita-tradicao-cultura-e-musica\/","title":{"rendered":"4\u00aa Cavalgada de Tuparetama acontece neste domingo(06) com muita tradi\u00e7\u00e3o, cultura e m\u00fasica."},"content":{"rendered":"<div class=\"separator\" style=\"text-align: justify;\"><a href=\"https:\/\/blogger.googleusercontent.com\/img\/b\/R29vZ2xl\/AVvXsEilozDdsNCLobDB_5GUuOW7sT94fOawXW2_NKNrlsVN7GzVdHH_wclC3rw07BVTIndeNP10YuvjgFttnnfPakYwY9YpFffAo1Gi3N4RWZmX5eTwYWdM-yrH_7PhGJz_3WpWyLHQHKQ4nRNMAy62cRc2DGocBn7Xuyd2XmVWOSjRiUU5hwBpW_j5XAKtF-pU\/s1600\/c9948009-bce9-40d8-aacf-45e7c5a6811c.jpg\"><img fetchpriority=\"high\" decoding=\"async\" class=\"alignright\" src=\"https:\/\/blogger.googleusercontent.com\/img\/b\/R29vZ2xl\/AVvXsEilozDdsNCLobDB_5GUuOW7sT94fOawXW2_NKNrlsVN7GzVdHH_wclC3rw07BVTIndeNP10YuvjgFttnnfPakYwY9YpFffAo1Gi3N4RWZmX5eTwYWdM-yrH_7PhGJz_3WpWyLHQHKQ4nRNMAy62cRc2DGocBn7Xuyd2XmVWOSjRiUU5hwBpW_j5XAKtF-pU\/w512-h640\/c9948009-bce9-40d8-aacf-45e7c5a6811c.jpg\" width=\"512\" height=\"640\" border=\"0\" data-original-height=\"1600\" data-original-width=\"1280\" \/><\/a>Tuparetama se prepara para receber, neste domingo, 6 de setembro, a 4\u00aa edi\u00e7\u00e3o da Cavalgada de Tuparetama, evento que promete reunir cavaleiros, amazonas, aboiadores, moradores e visitantes em um grande momento de celebra\u00e7\u00e3o da cultura e das tradi\u00e7\u00f5es sertanejas.<\/div>\n<p style=\"text-align: justify;\">A concentra\u00e7\u00e3o dos participantes ser\u00e1 na Churrascaria Varanda Sertaneja, a partir das 8h. A sa\u00edda da cavalgada est\u00e1 prevista para as 10h, dando in\u00edcio ao percurso que levar\u00e1 os participantes at\u00e9 o Parque Maria Clara, no S\u00edtio Cantinho, onde acontecer\u00e1 o tradicional bate-sela.<\/p>\n<p style=\"text-align: justify;\">Al\u00e9m da cavalgada, o p\u00fablico poder\u00e1 aproveitar uma programa\u00e7\u00e3o musical especial, preparada para garantir muita anima\u00e7\u00e3o e confraterniza\u00e7\u00e3o durante o evento.<\/p>\n<p style=\"text-align: justify;\">A iniciativa valoriza uma das manifesta\u00e7\u00f5es culturais mais marcantes do Sert\u00e3o, reunindo a tradi\u00e7\u00e3o do homem e da mulher do campo em um encontro de alegria, m\u00fasica e preserva\u00e7\u00e3o da identidade sertaneja.<\/p>\n<p style=\"text-align: justify;\">A organiza\u00e7\u00e3o convida toda a popula\u00e7\u00e3o para participar desse grande momento.<\/p>\n<p style=\"text-align: justify;\">Prepare o chap\u00e9u, sele o cavalo e venha viver a 4\u00aa Cavalgada de Tuparetama.<\/p>\n<p style=\"text-align: justify;\">O evento conta com o apoio da Prefeitura de Tuparetama.<\/p>\n","protected":false},"excerpt":{"rendered":"<p>Tuparetama se prepara para receber, neste domingo, 6 de setembro, a 4&ordf; edi&ccedil;&atilde;o da Cavalgada de Tuparetama, evento que promete reunir cavaleiros, amazonas, aboiadores, moradores e visitantes em um grande momento de celebra&ccedil;&atilde;o da cultura e das tradi&ccedil;&otilde;es sertanejas. A concentra&ccedil;&atilde;o dos participantes ser&aacute; na Churrascaria Varanda Sertaneja, a partir das 8h. A sa&iacute;da da &#8230; <a title=\"4\u00aa Cavalgada de Tuparetama acontece neste domingo(06) com muita tradi\u00e7\u00e3o, cultura e m\u00fasica.\" class=\"read-more\" href=\"https:\/\/blogdomarcellopatriota.com.br\/blog\/domingo06-4a-cavalgada-de-tuparetama-acontece-neste-domingo-com-muita-tradicao-cultura-e-musica\/\" aria-label=\"Read more about 4\u00aa Cavalgada de Tuparetama acontece neste domingo(06) com muita tradi\u00e7\u00e3o, cultura e m\u00fasica.\">Ler mais<\/a><\/p>\n","protected":false},"author":2,"featured_media":0,"comment_status":"closed","ping_status":"closed","sticky":false,"template":"","format":"standard","meta":{"footnotes":""},"categories":[1],"tags":[],"class_list":["post-110162","post","type-post","status-publish","format-standard","hentry","category-sem-categoria"],"_links":{"self":[{"href":"https:\/\/blogdomarcellopatriota.com.br\/blog\/wp-json\/wp\/v2\/posts\/110162","targetHints":{"allow":["GET"]}}],"collection":[{"href":"https:\/\/blogdomarcellopatriota.com.br\/blog\/wp-json\/wp\/v2\/posts"}],"about":[{"href":"https:\/\/blogdomarcellopatriota.com.br\/blog\/wp-json\/wp\/v2\/types\/post"}],"author":[{"embeddable":true,"href":"https:\/\/blogdomarcellopatriota.com.br\/blog\/wp-json\/wp\/v2\/users\/2"}],"replies":[{"embeddable":true,"href":"https:\/\/blogdomarcellopatriota.com.br\/blog\/wp-json\/wp\/v2\/comments?post=110162"}],"version-history":[{"count":3,"href":"https:\/\/blogdomarcellopatriota.com.br\/blog\/wp-json\/wp\/v2\/posts\/110162\/revisions"}],"predecessor-version":[{"id":110165,"href":"https:\/\/blogdomarcellopatriota.com.br\/blog\/wp-json\/wp\/v2\/posts\/110162\/revisions\/110165"}],"wp:attachment":[{"href":"https:\/\/blogdomarcellopatriota.com.br\/blog\/wp-json\/wp\/v2\/media?parent=110162"}],"wp:term":[{"taxonomy":"category","embeddable":true,"href":"https:\/\/blogdomarcellopatriota.com.br\/blog\/wp-json\/wp\/v2\/categories?post=110162"},{"taxonomy":"post_tag","embeddable":true,"href":"https:\/\/blogdomarcellopatriota.com.br\/blog\/wp-json\/wp\/v2\/tags?post=110162"}],"curies":[{"name":"wp","href":"https:\/\/api.w.org\/{rel}","templated":true}]}}