{"id":110166,"date":"2026-09-03T18:35:54","date_gmt":"2026-09-03T21:35:54","guid":{"rendered":"https:\/\/blogdomarcellopatriota.com.br\/blog\/?p=110166"},"modified":"2026-09-03T18:39:42","modified_gmt":"2026-09-03T21:39:42","slug":"marconi-santana-realiza-grande-reuniao-em-escada-e-destaca-forca-de-sua-caminhada","status":"publish","type":"post","link":"https:\/\/blogdomarcellopatriota.com.br\/blog\/marconi-santana-realiza-grande-reuniao-em-escada-e-destaca-forca-de-sua-caminhada\/","title":{"rendered":"Marconi Santana realiza grande reuni\u00e3o em Escada e destaca for\u00e7a de sua caminhada"},"content":{"rendered":"<div class=\"separator\" style=\"text-align: justify;\"><a href=\"https:\/\/blogger.googleusercontent.com\/img\/b\/R29vZ2xl\/AVvXsEjj_yMagdjVwIZ00P60C7Wil8R8QHHt7yDPcPAu5HylOVENemmeTl59ikal2J7q9m1WV7aaB7FCToLTFN_Mgu7qdncg7CwTi53nt7BGsZ0w55-dlvuP4__HmGuz9LG616yZKrylAe_UBGQnq6UCz6V4FEpC1etTjrAZxQerUR5xnhoanAZKStEJCAZug_yy\/s2924\/IMG_3305.jpeg\"><img fetchpriority=\"high\" decoding=\"async\" class=\"alignleft\" src=\"https:\/\/blogger.googleusercontent.com\/img\/b\/R29vZ2xl\/AVvXsEjj_yMagdjVwIZ00P60C7Wil8R8QHHt7yDPcPAu5HylOVENemmeTl59ikal2J7q9m1WV7aaB7FCToLTFN_Mgu7qdncg7CwTi53nt7BGsZ0w55-dlvuP4__HmGuz9LG616yZKrylAe_UBGQnq6UCz6V4FEpC1etTjrAZxQerUR5xnhoanAZKStEJCAZug_yy\/w512-h640\/IMG_3305.jpeg\" width=\"372\" height=\"465\" border=\"0\" data-original-height=\"2924\" data-original-width=\"2340\" \/><\/a>\u00a0O candidato a deputado estadual Marconi Santana realizou, na noite desta quarta-feira (2), uma grande reuni\u00e3o no munic\u00edpio de Escada, na Zona da Mata de Pernambuco. O encontro contou com casa cheia, di\u00e1logo direto com a popula\u00e7\u00e3o e a presen\u00e7a de diversas pessoas que chegaram para fortalecer o projeto pol\u00edtico do candidato.<\/div>\n<p style=\"text-align: justify;\">Durante a agenda, Marconi Santana destacou a import\u00e2ncia da aproxima\u00e7\u00e3o com as comunidades e do contato direto com os moradores. Segundo ele, a caminhada vem sendo constru\u00edda de cidade em cidade, ouvindo as demandas e conhecendo de perto a realidade da popula\u00e7\u00e3o.<\/p>\n<p style=\"text-align: justify;\">O candidato tamb\u00e9m fez um agradecimento especial \u00e0s lideran\u00e7as comunit\u00e1rias Rildo Braz e Buel de Massauassu, respons\u00e1veis por abrir as portas para a realiza\u00e7\u00e3o do encontro.<\/p>\n<p style=\"text-align: justify;\">\u201cDuas grandes lideran\u00e7as comunit\u00e1rias que conhecem de perto a realidade do povo e abriram as portas para esse encontro t\u00e3o bonito\u201d, destacou Marconi.<\/p>\n<p style=\"text-align: justify;\">Ao avaliar a passagem por Escada, o candidato ressaltou o acolhimento recebido e afirmou que a mobiliza\u00e7\u00e3o demonstra a for\u00e7a do trabalho que vem sendo realizado.<\/p>\n<p style=\"text-align: justify;\">\u201cEscada recebeu a gente com carinho, confian\u00e7a e muita energia. \u00c9 assim, de cidade em cidade, junto de quem conhece o ch\u00e3o e as necessidades de cada comunidade, que estamos construindo essa vit\u00f3ria\u201d, afirmou.<\/p>\n<p style=\"text-align: justify;\">A reuni\u00e3o refor\u00e7ou a mobiliza\u00e7\u00e3o em torno da campanha de Marconi Santana e marcou mais uma agenda de aproxima\u00e7\u00e3o com lideran\u00e7as e moradores do munic\u00edpio.<\/p>\n","protected":false},"excerpt":{"rendered":"<p>&nbsp;O candidato a deputado estadual Marconi Santana realizou, na noite desta quarta-feira (2), uma grande reuni&atilde;o no munic&iacute;pio de Escada, na Zona da Mata de Pernambuco. O encontro contou com casa cheia, di&aacute;logo direto com a popula&ccedil;&atilde;o e a presen&ccedil;a de diversas pessoas que chegaram para fortalecer o projeto pol&iacute;tico do candidato. Durante a agenda, &#8230; <a title=\"Marconi Santana realiza grande reuni\u00e3o em Escada e destaca for\u00e7a de sua caminhada\" class=\"read-more\" href=\"https:\/\/blogdomarcellopatriota.com.br\/blog\/marconi-santana-realiza-grande-reuniao-em-escada-e-destaca-forca-de-sua-caminhada\/\" aria-label=\"Read more about Marconi Santana realiza grande reuni\u00e3o em Escada e destaca for\u00e7a de sua caminhada\">Ler mais<\/a><\/p>\n","protected":false},"author":2,"featured_media":0,"comment_status":"closed","ping_status":"closed","sticky":false,"template":"","format":"standard","meta":{"footnotes":""},"categories":[1],"tags":[],"class_list":["post-110166","post","type-post","status-publish","format-standard","hentry","category-sem-categoria"],"_links":{"self":[{"href":"https:\/\/blogdomarcellopatriota.com.br\/blog\/wp-json\/wp\/v2\/posts\/110166","targetHints":{"allow":["GET"]}}],"collection":[{"href":"https:\/\/blogdomarcellopatriota.com.br\/blog\/wp-json\/wp\/v2\/posts"}],"about":[{"href":"https:\/\/blogdomarcellopatriota.com.br\/blog\/wp-json\/wp\/v2\/types\/post"}],"author":[{"embeddable":true,"href":"https:\/\/blogdomarcellopatriota.com.br\/blog\/wp-json\/wp\/v2\/users\/2"}],"replies":[{"embeddable":true,"href":"https:\/\/blogdomarcellopatriota.com.br\/blog\/wp-json\/wp\/v2\/comments?post=110166"}],"version-history":[{"count":1,"href":"https:\/\/blogdomarcellopatriota.com.br\/blog\/wp-json\/wp\/v2\/posts\/110166\/revisions"}],"predecessor-version":[{"id":110167,"href":"https:\/\/blogdomarcellopatriota.com.br\/blog\/wp-json\/wp\/v2\/posts\/110166\/revisions\/110167"}],"wp:attachment":[{"href":"https:\/\/blogdomarcellopatriota.com.br\/blog\/wp-json\/wp\/v2\/media?parent=110166"}],"wp:term":[{"taxonomy":"category","embeddable":true,"href":"https:\/\/blogdomarcellopatriota.com.br\/blog\/wp-json\/wp\/v2\/categories?post=110166"},{"taxonomy":"post_tag","embeddable":true,"href":"https:\/\/blogdomarcellopatriota.com.br\/blog\/wp-json\/wp\/v2\/tags?post=110166"}],"curies":[{"name":"wp","href":"https:\/\/api.w.org\/{rel}","templated":true}]}}