{"id":110169,"date":"2026-09-03T10:10:31","date_gmt":"2026-09-03T13:10:31","guid":{"rendered":"https:\/\/blogdomarcellopatriota.com.br\/blog\/?p=110169"},"modified":"2026-09-03T10:10:31","modified_gmt":"2026-09-03T13:10:31","slug":"prefeitura-de-serra-senai-e-sebrae-oferecem-150-vagas-em-cursos-gratuitos-de-gastronomia","status":"publish","type":"post","link":"https:\/\/blogdomarcellopatriota.com.br\/blog\/prefeitura-de-serra-senai-e-sebrae-oferecem-150-vagas-em-cursos-gratuitos-de-gastronomia\/","title":{"rendered":"Prefeitura de Serra, Senai e Sebrae oferecem 150 vagas em cursos gratuitos de gastronomia"},"content":{"rendered":"<div class=\"separator\" style=\"text-align: justify;\"><a href=\"https:\/\/blogger.googleusercontent.com\/img\/b\/R29vZ2xl\/AVvXsEgh2glWkzG8wuoyrId56W5JuKwKkzX3AAGhj6AvU96W7bEYWJrnZvzAKo0qNclrzUccUiT3jxg6Ab_2KoLGtYHb6CU0GNYQPPqVm_UjcPO3kzWojnIuDayuRbpvedOJNqqh5Yw2bY1wg1yOkjE1Pi9VygbPjtKQ4FsevxojV6KHE2B5ab2JPqzdul4BgeAk\/s1280\/860396ee-086d-4185-ac26-e2f492cb803e.jpg\"><img fetchpriority=\"high\" decoding=\"async\" class=\"alignleft\" src=\"https:\/\/blogger.googleusercontent.com\/img\/b\/R29vZ2xl\/AVvXsEgh2glWkzG8wuoyrId56W5JuKwKkzX3AAGhj6AvU96W7bEYWJrnZvzAKo0qNclrzUccUiT3jxg6Ab_2KoLGtYHb6CU0GNYQPPqVm_UjcPO3kzWojnIuDayuRbpvedOJNqqh5Yw2bY1wg1yOkjE1Pi9VygbPjtKQ4FsevxojV6KHE2B5ab2JPqzdul4BgeAk\/w480-h640\/860396ee-086d-4185-ac26-e2f492cb803e.jpg\" width=\"405\" height=\"540\" border=\"0\" data-original-height=\"1280\" data-original-width=\"960\" \/><\/a>A Prefeitura de Serra Talhada, atrav\u00e9s do programa Qualifica Serra, est\u00e1 com inscri\u00e7\u00f5es abertas para cursos gratuitos de qualifica\u00e7\u00e3o profissional na \u00e1rea de gastronomia, em parceria com o Senai Petrolina e o Sebrae. As capacita\u00e7\u00f5es contemplam as \u00e1reas de Doces e Geleias, Fabrica\u00e7\u00e3o de Pizzas, T\u00e9cnicas de Panifica\u00e7\u00e3o, Lancheteria \u2013 M\u00f3dulos I, II e III, al\u00e9m de Bolo de Casamento e Doces Finos. Todos os cursos ser\u00e3o realizados na Carreta Escola do Senai.<\/div>\n<p style=\"text-align: justify;\">\u201cEstamos ampliando as oportunidades para que nossa popula\u00e7\u00e3o tenha acesso \u00e0 qualifica\u00e7\u00e3o profissional de forma gratuita e com institui\u00e7\u00f5es reconhecidas pela qualidade do ensino. Esses cursos representam uma oportunidade para quem busca entrar no mercado de trabalho, aperfei\u00e7oar seus conhecimentos ou at\u00e9 mesmo iniciar seu pr\u00f3prio neg\u00f3cio. O Qualifica Serra tem esse compromisso de transformar capacita\u00e7\u00e3o em novas possibilidades para os serra-talhadenses\u201d, destacou a prefeita M\u00e1rcia Conrado.<\/p>\n<p style=\"text-align: justify;\">Para participar, \u00e9 necess\u00e1rio ter 16 anos ou mais e Ensino Fundamental. Menores de 18 anos dever\u00e3o apresentar o RG do respons\u00e1vel no ato da matr\u00edcula. As inscri\u00e7\u00f5es para Lancheteria acontecem de 31 de agosto a 4 de setembro, com aulas de 10 a 30 de setembro, das 18h \u00e0s 22h. Doces e Geleias recebe inscri\u00e7\u00f5es at\u00e9 10 de setembro, com aulas de 10 a 16 de setembro, no turno da tarde. Fabrica\u00e7\u00e3o de Pizzas tem inscri\u00e7\u00f5es at\u00e9 15 de setembro, com aulas de 17 a 24 de setembro, \u00e0 tarde. T\u00e9cnicas de Panifica\u00e7\u00e3o recebe inscri\u00e7\u00f5es at\u00e9 23 de setembro, com aulas de 25 a 30 de setembro, \u00e0 tarde. J\u00e1 Bolo de Casamento e Doces Finos ter\u00e1 inscri\u00e7\u00f5es de 21 a 25 de setembro, com aulas de 1\u00ba a 10 de outubro, no per\u00edodo da noite. Os alunos selecionados receber\u00e3o a confirma\u00e7\u00e3o da matr\u00edcula ou do cadastro reserva por WhatsApp ou e-mail.<\/p>\n<p style=\"text-align: justify;\">Segundo o secret\u00e1rio de Desenvolvimento Econ\u00f4mico e Turismo, Elyzandro Nogueira, \u201cs\u00e3o cursos com uma forte perspectiva pr\u00e1tica, que podem contribuir tanto para a empregabilidade quanto para o empreendedorismo. Nosso objetivo \u00e9 continuar buscando parcerias e ampliando a oferta de capacita\u00e7\u00f5es para a popula\u00e7\u00e3o\u201d, afirmou. Para informa\u00e7\u00f5es sobre inscri\u00e7\u00f5es, os interessados podem entrar em contato pelo WhatsApp (87) 98158-1983.<\/p>\n","protected":false},"excerpt":{"rendered":"<p>A Prefeitura de Serra Talhada, atrav&eacute;s do programa Qualifica Serra, est&aacute; com inscri&ccedil;&otilde;es abertas para cursos gratuitos de qualifica&ccedil;&atilde;o profissional na &aacute;rea de gastronomia, em parceria com o Senai Petrolina e o Sebrae. As capacita&ccedil;&otilde;es contemplam as &aacute;reas de Doces e Geleias, Fabrica&ccedil;&atilde;o de Pizzas, T&eacute;cnicas de Panifica&ccedil;&atilde;o, Lancheteria &ndash; M&oacute;dulos I, II e III, &#8230; <a title=\"Prefeitura de Serra, Senai e Sebrae oferecem 150 vagas em cursos gratuitos de gastronomia\" class=\"read-more\" href=\"https:\/\/blogdomarcellopatriota.com.br\/blog\/prefeitura-de-serra-senai-e-sebrae-oferecem-150-vagas-em-cursos-gratuitos-de-gastronomia\/\" aria-label=\"Read more about Prefeitura de Serra, Senai e Sebrae oferecem 150 vagas em cursos gratuitos de gastronomia\">Ler mais<\/a><\/p>\n","protected":false},"author":2,"featured_media":0,"comment_status":"closed","ping_status":"closed","sticky":false,"template":"","format":"standard","meta":{"footnotes":""},"categories":[1],"tags":[],"class_list":["post-110169","post","type-post","status-publish","format-standard","hentry","category-sem-categoria"],"_links":{"self":[{"href":"https:\/\/blogdomarcellopatriota.com.br\/blog\/wp-json\/wp\/v2\/posts\/110169","targetHints":{"allow":["GET"]}}],"collection":[{"href":"https:\/\/blogdomarcellopatriota.com.br\/blog\/wp-json\/wp\/v2\/posts"}],"about":[{"href":"https:\/\/blogdomarcellopatriota.com.br\/blog\/wp-json\/wp\/v2\/types\/post"}],"author":[{"embeddable":true,"href":"https:\/\/blogdomarcellopatriota.com.br\/blog\/wp-json\/wp\/v2\/users\/2"}],"replies":[{"embeddable":true,"href":"https:\/\/blogdomarcellopatriota.com.br\/blog\/wp-json\/wp\/v2\/comments?post=110169"}],"version-history":[{"count":1,"href":"https:\/\/blogdomarcellopatriota.com.br\/blog\/wp-json\/wp\/v2\/posts\/110169\/revisions"}],"predecessor-version":[{"id":110170,"href":"https:\/\/blogdomarcellopatriota.com.br\/blog\/wp-json\/wp\/v2\/posts\/110169\/revisions\/110170"}],"wp:attachment":[{"href":"https:\/\/blogdomarcellopatriota.com.br\/blog\/wp-json\/wp\/v2\/media?parent=110169"}],"wp:term":[{"taxonomy":"category","embeddable":true,"href":"https:\/\/blogdomarcellopatriota.com.br\/blog\/wp-json\/wp\/v2\/categories?post=110169"},{"taxonomy":"post_tag","embeddable":true,"href":"https:\/\/blogdomarcellopatriota.com.br\/blog\/wp-json\/wp\/v2\/tags?post=110169"}],"curies":[{"name":"wp","href":"https:\/\/api.w.org\/{rel}","templated":true}]}}