{"id":110176,"date":"2026-09-03T18:41:45","date_gmt":"2026-09-03T21:41:45","guid":{"rendered":"https:\/\/blogdomarcellopatriota.com.br\/blog\/?p=110176"},"modified":"2026-09-03T18:41:41","modified_gmt":"2026-09-03T21:41:41","slug":"itapetim-com-cristo-2026-e-debatido-entre-gestao-e-representantes-evangelicos","status":"publish","type":"post","link":"https:\/\/blogdomarcellopatriota.com.br\/blog\/itapetim-com-cristo-2026-e-debatido-entre-gestao-e-representantes-evangelicos\/","title":{"rendered":"Itapetim com Cristo 2026 \u00e9 debatido entre gest\u00e3o e representantes evang\u00e9licos"},"content":{"rendered":"<p style=\"text-align: justify;\"><img fetchpriority=\"high\" decoding=\"async\" class=\"size-medium wp-image-18141 alignleft\" src=\"https:\/\/gazetadopajeu.com\/site\/wp-content\/uploads\/2026\/09\/793159058_28101420722800698_8615308147062664670_n-400x266.jpg\" sizes=\"(max-width: 400px) 100vw, 400px\" srcset=\"https:\/\/gazetadopajeu.com\/site\/wp-content\/uploads\/2026\/09\/793159058_28101420722800698_8615308147062664670_n-400x266.jpg 400w, https:\/\/gazetadopajeu.com\/site\/wp-content\/uploads\/2026\/09\/793159058_28101420722800698_8615308147062664670_n.jpg 600w\" alt=\"\" width=\"400\" height=\"266\" \/>O Governo Municipal de Itapetim, por meio da Secretaria Municipal de Cultura e Turismo, esteve reunido com representantes das congrega\u00e7\u00f5es evang\u00e9licas do munic\u00edpio para dialogar e planejar a realiza\u00e7\u00e3o do Itapetim com Cristo 2026.<\/p>\n<p style=\"text-align: justify;\">Durante o encontro, foram discutidas ideias, propostas e a\u00e7\u00f5es para a constru\u00e7\u00e3o de uma programa\u00e7\u00e3o especial. No m\u00eas de novembro, Itapetim vivenciar\u00e1 uma semana dedicada ao evento, com uma programa\u00e7\u00e3o voltada para a sede do munic\u00edpio, distritos e bairros, levando momentos de f\u00e9, louvor, comunh\u00e3o e esperan\u00e7a para diferentes comunidades.<\/p>\n<p style=\"text-align: justify;\">O Itapetim com Cristo representa um momento de encontro, fraternidade e valoriza\u00e7\u00e3o das manifesta\u00e7\u00f5es religiosas que fazem parte da hist\u00f3ria e da identidade cultural do nosso munic\u00edpio.<\/p>\n<p style=\"text-align: justify;\">Estiveram presentes a prefeita Aline Karina, o secret\u00e1rio de Cultura e Turismo, Vandivaldo Pianc\u00f3, e sua equipe, al\u00e9m dos representantes das congrega\u00e7\u00f5es evang\u00e9licas do munic\u00edpio.<\/p>\n","protected":false},"excerpt":{"rendered":"<p>O Governo Municipal de Itapetim, por meio da Secretaria Municipal de Cultura e Turismo, esteve reunido com representantes das congrega&ccedil;&otilde;es evang&eacute;licas do munic&iacute;pio para dialogar e planejar a realiza&ccedil;&atilde;o do Itapetim com Cristo 2026. Durante o encontro, foram discutidas ideias, propostas e a&ccedil;&otilde;es para a constru&ccedil;&atilde;o de uma programa&ccedil;&atilde;o especial. No m&ecirc;s de novembro, Itapetim &#8230; <a title=\"Itapetim com Cristo 2026 \u00e9 debatido entre gest\u00e3o e representantes evang\u00e9licos\" class=\"read-more\" href=\"https:\/\/blogdomarcellopatriota.com.br\/blog\/itapetim-com-cristo-2026-e-debatido-entre-gestao-e-representantes-evangelicos\/\" aria-label=\"Read more about Itapetim com Cristo 2026 \u00e9 debatido entre gest\u00e3o e representantes evang\u00e9licos\">Ler mais<\/a><\/p>\n","protected":false},"author":2,"featured_media":0,"comment_status":"closed","ping_status":"closed","sticky":false,"template":"","format":"standard","meta":{"footnotes":""},"categories":[1],"tags":[],"class_list":["post-110176","post","type-post","status-publish","format-standard","hentry","category-sem-categoria"],"_links":{"self":[{"href":"https:\/\/blogdomarcellopatriota.com.br\/blog\/wp-json\/wp\/v2\/posts\/110176","targetHints":{"allow":["GET"]}}],"collection":[{"href":"https:\/\/blogdomarcellopatriota.com.br\/blog\/wp-json\/wp\/v2\/posts"}],"about":[{"href":"https:\/\/blogdomarcellopatriota.com.br\/blog\/wp-json\/wp\/v2\/types\/post"}],"author":[{"embeddable":true,"href":"https:\/\/blogdomarcellopatriota.com.br\/blog\/wp-json\/wp\/v2\/users\/2"}],"replies":[{"embeddable":true,"href":"https:\/\/blogdomarcellopatriota.com.br\/blog\/wp-json\/wp\/v2\/comments?post=110176"}],"version-history":[{"count":1,"href":"https:\/\/blogdomarcellopatriota.com.br\/blog\/wp-json\/wp\/v2\/posts\/110176\/revisions"}],"predecessor-version":[{"id":110177,"href":"https:\/\/blogdomarcellopatriota.com.br\/blog\/wp-json\/wp\/v2\/posts\/110176\/revisions\/110177"}],"wp:attachment":[{"href":"https:\/\/blogdomarcellopatriota.com.br\/blog\/wp-json\/wp\/v2\/media?parent=110176"}],"wp:term":[{"taxonomy":"category","embeddable":true,"href":"https:\/\/blogdomarcellopatriota.com.br\/blog\/wp-json\/wp\/v2\/categories?post=110176"},{"taxonomy":"post_tag","embeddable":true,"href":"https:\/\/blogdomarcellopatriota.com.br\/blog\/wp-json\/wp\/v2\/tags?post=110176"}],"curies":[{"name":"wp","href":"https:\/\/api.w.org\/{rel}","templated":true}]}}