{"id":110178,"date":"2026-09-03T20:40:32","date_gmt":"2026-09-03T23:40:32","guid":{"rendered":"https:\/\/blogdomarcellopatriota.com.br\/blog\/?p=110178"},"modified":"2026-09-03T20:41:19","modified_gmt":"2026-09-03T23:41:19","slug":"deputado-gustavo-gouveia-visita-feira-livre-de-quixaba-ao-lado-do-prefeito-ze-pretinho-e-liderancas-politicas-do-municipio","status":"publish","type":"post","link":"https:\/\/blogdomarcellopatriota.com.br\/blog\/deputado-gustavo-gouveia-visita-feira-livre-de-quixaba-ao-lado-do-prefeito-ze-pretinho-e-liderancas-politicas-do-municipio\/","title":{"rendered":"Deputado Gustavo Gouveia visita feira livre de Quixaba ao lado do Prefeito Z\u00e9 Pretinho e lideran\u00e7as pol\u00edticas do munic\u00edpio"},"content":{"rendered":"<p class=\"isSelectedEnd\"><em><strong><img decoding=\"async\" class=\"aligncenter\" src=\"https:\/\/blogdocauerodrigues.com.br\/wp-content\/uploads\/2026\/09\/791130926_951795607207510_1096600060214484039_n.jpg\" \/>Visita aconteceu nesta quarta-feira (2) e refor\u00e7ou a parceria entre o deputado estadual e a gest\u00e3o municipal<\/strong><\/em><\/p>\n<p class=\"isSelectedEnd\" style=\"text-align: justify;\"><img fetchpriority=\"high\" decoding=\"async\" class=\"alignright\" src=\"https:\/\/blogdocauerodrigues.com.br\/wp-content\/uploads\/2026\/09\/791096361_18422943163146487_5106002811062757805_n.jpg#main\" width=\"470\" height=\"627\" \/>Quixaba recebeu, nesta quarta-feira (2), a visita do deputado estadual\u00a0<strong>Gustavo Gouveia<\/strong>, que esteve na feira livre do munic\u00edpio ao lado do prefeito\u00a0<strong>Z\u00e9 Pretinho<\/strong>, do vice-prefeito\u00a0<strong>Z\u00e9 de Joaquim<\/strong>, do ex-prefeito\u00a0<strong>Ti\u00e3o de Gaud\u00eancio<\/strong>, da presidente da C\u00e2mara Municipal,\u00a0<strong>Jodilma Lacava<\/strong>, e dos vereadores\u00a0<strong>Jo\u00e3o Vianney, Lenildo, Zezinho, Lau e Edinho dos Mendes<\/strong>.<\/p>\n<p class=\"isSelectedEnd\" style=\"text-align: justify;\">Durante a passagem pela feira, o deputado conversou com comerciantes, feirantes e moradores, em um momento de proximidade com a popula\u00e7\u00e3o e de di\u00e1logo sobre as demandas e os avan\u00e7os do munic\u00edpio.<\/p>\n<p class=\"isSelectedEnd\" style=\"text-align: justify;\">A visita tamb\u00e9m refor\u00e7ou a parceria pol\u00edtica e administrativa entre Gustavo Gouveia e Quixaba. O deputado \u00e9 apontado pela gest\u00e3o municipal como um importante aliado na busca por investimentos e a\u00e7\u00f5es para o munic\u00edpio, em parceria com a governadora de Pernambuco,\u00a0<strong>Raquel Lyra<\/strong>.<\/p>\n<p class=\"isSelectedEnd\" style=\"text-align: justify;\">Para o prefeito Z\u00e9 Pretinho, a presen\u00e7a do parlamentar demonstra o compromisso com Quixaba e com a popula\u00e7\u00e3o.<\/p>\n<p class=\"isSelectedEnd\" style=\"text-align: justify;\">\u201c<em>Fico muito feliz em contar com um deputado que investe em Quixaba, que tem compromisso com o nosso munic\u00edpio e que trata o nosso povo com carinho e respeito. Hoje foi um dia importante para aproximar ainda mais Gustavo da nossa gente<\/em>\u201d, destacou.<\/p>\n<p class=\"isSelectedEnd\" style=\"text-align: justify;\">Ao lado das principais lideran\u00e7as pol\u00edticas do munic\u00edpio, Gustavo Gouveia percorreu a feira e cumprimentou a popula\u00e7\u00e3o, refor\u00e7ando a rela\u00e7\u00e3o constru\u00edda com Quixaba e o compromisso de continuar contribuindo para a chegada de novos investimentos.<\/p>\n<p class=\"isSelectedEnd\" style=\"text-align: justify;\">A gest\u00e3o municipal tamb\u00e9m agradeceu ao deputado pela visita e pela parceria mantida com o munic\u00edpio.<\/p>\n<p class=\"isSelectedEnd\" style=\"text-align: justify;\">\u201c<em>Quixaba agradece pela visita, pela parceria e por todos os investimentos que voc\u00ea tem ajudado a trazer para o nosso munic\u00edpio<\/em>\u201d, afirmou o prefeito.<\/p>\n<p style=\"text-align: justify;\">A passagem pela feira livre marcou mais um momento de aproxima\u00e7\u00e3o entre o deputado e a popula\u00e7\u00e3o de Quixaba, reunindo representantes do Executivo, Legislativo e lideran\u00e7as pol\u00edticas em torno da continuidade da parceria e da busca por novos avan\u00e7os para o munic\u00edpio.<em><strong>(Por Cau\u00ea Rodrigues<\/strong><\/em>)<\/p>\n","protected":false},"excerpt":{"rendered":"<p>Visita aconteceu nesta quarta-feira (2) e refor&ccedil;ou a parceria entre o deputado estadual e a gest&atilde;o municipal Quixaba recebeu, nesta quarta-feira (2), a visita do deputado estadual&nbsp;Gustavo Gouveia, que esteve na feira livre do munic&iacute;pio ao lado do prefeito&nbsp;Z&eacute; Pretinho, do vice-prefeito&nbsp;Z&eacute; de Joaquim, do ex-prefeito&nbsp;Ti&atilde;o de Gaud&ecirc;ncio, da presidente da C&acirc;mara Municipal,&nbsp;Jodilma Lacava, e &#8230; <a title=\"Deputado Gustavo Gouveia visita feira livre de Quixaba ao lado do Prefeito Z\u00e9 Pretinho e lideran\u00e7as pol\u00edticas do munic\u00edpio\" class=\"read-more\" href=\"https:\/\/blogdomarcellopatriota.com.br\/blog\/deputado-gustavo-gouveia-visita-feira-livre-de-quixaba-ao-lado-do-prefeito-ze-pretinho-e-liderancas-politicas-do-municipio\/\" aria-label=\"Read more about Deputado Gustavo Gouveia visita feira livre de Quixaba ao lado do Prefeito Z\u00e9 Pretinho e lideran\u00e7as pol\u00edticas do munic\u00edpio\">Ler mais<\/a><\/p>\n","protected":false},"author":2,"featured_media":0,"comment_status":"closed","ping_status":"closed","sticky":false,"template":"","format":"standard","meta":{"footnotes":""},"categories":[1],"tags":[],"class_list":["post-110178","post","type-post","status-publish","format-standard","hentry","category-sem-categoria"],"_links":{"self":[{"href":"https:\/\/blogdomarcellopatriota.com.br\/blog\/wp-json\/wp\/v2\/posts\/110178","targetHints":{"allow":["GET"]}}],"collection":[{"href":"https:\/\/blogdomarcellopatriota.com.br\/blog\/wp-json\/wp\/v2\/posts"}],"about":[{"href":"https:\/\/blogdomarcellopatriota.com.br\/blog\/wp-json\/wp\/v2\/types\/post"}],"author":[{"embeddable":true,"href":"https:\/\/blogdomarcellopatriota.com.br\/blog\/wp-json\/wp\/v2\/users\/2"}],"replies":[{"embeddable":true,"href":"https:\/\/blogdomarcellopatriota.com.br\/blog\/wp-json\/wp\/v2\/comments?post=110178"}],"version-history":[{"count":2,"href":"https:\/\/blogdomarcellopatriota.com.br\/blog\/wp-json\/wp\/v2\/posts\/110178\/revisions"}],"predecessor-version":[{"id":110180,"href":"https:\/\/blogdomarcellopatriota.com.br\/blog\/wp-json\/wp\/v2\/posts\/110178\/revisions\/110180"}],"wp:attachment":[{"href":"https:\/\/blogdomarcellopatriota.com.br\/blog\/wp-json\/wp\/v2\/media?parent=110178"}],"wp:term":[{"taxonomy":"category","embeddable":true,"href":"https:\/\/blogdomarcellopatriota.com.br\/blog\/wp-json\/wp\/v2\/categories?post=110178"},{"taxonomy":"post_tag","embeddable":true,"href":"https:\/\/blogdomarcellopatriota.com.br\/blog\/wp-json\/wp\/v2\/tags?post=110178"}],"curies":[{"name":"wp","href":"https:\/\/api.w.org\/{rel}","templated":true}]}}