{"id":110185,"date":"2026-09-04T00:00:51","date_gmt":"2026-09-04T03:00:51","guid":{"rendered":"https:\/\/blogdomarcellopatriota.com.br\/blog\/?p=110185"},"modified":"2026-09-04T11:05:08","modified_gmt":"2026-09-04T14:05:08","slug":"giro-pelos-blogs-sexta-04-09-2026","status":"publish","type":"post","link":"https:\/\/blogdomarcellopatriota.com.br\/blog\/giro-pelos-blogs-sexta-04-09-2026\/","title":{"rendered":"*Giro pelos blog\u2019s SEXTA 04.09.2026*"},"content":{"rendered":"<p>&nbsp;<\/p>\n<p style=\"text-align: justify;\"><strong>\u201cArcorvede tem um elefante branco, culpa da governadora Raquel Lyra\u201d disse Luciano Pacheco \u2013\u00a0<\/strong>O Presidente da C\u00e2mara de Vereadores de Arcoverde e candidato a deputado federal, Luciano Pacheco (MDB), concedeu uma entrevista exclusiva ao blog,\u00a0 Luciano falou sobre sua campanha rumo a C\u00e2mara dos Deputados, criticou a gest\u00e3o da governadora Raquel Lyra e disse que est\u00e1 muito animado com a vit\u00f3ria de Jo\u00e3o Campos.<\/p>\n<p>Assista na \u00edntegra<\/p>\n<div class=\"fluid-width-video-wrapper\"><iframe id=\"fitvid148282\" class=\"entered litespeed-loading\" title=\"&quot;Arcorvede tem um elefante branco, culpa da governadora Raquel Lyra&quot; disse Luciano Pacheco\" src=\"https:\/\/www.youtube.com\/embed\/5s3ZXoJAf38?feature=oembed\" frameborder=\"0\" allowfullscreen=\"allowfullscreen\" data-lazyloaded=\"1\" data-litespeed-src=\"https:\/\/www.youtube.com\/embed\/5s3ZXoJAf38?feature=oembed\" data-ll-status=\"loading\" data-mce-fragment=\"1\"><\/iframe><\/div>\n<p style=\"text-align: justify;\"><strong><img fetchpriority=\"high\" decoding=\"async\" class=\"aligncenter size-full wp-image-325541 entered litespeed-loaded\" src=\"https:\/\/blogdofinfa.com.br\/wp-content\/uploads\/2026\/09\/793001719_18372876691232451_244670332663944676_n-1.webp\" sizes=\"(max-width: 512px) 100vw, 512px\" srcset=\"https:\/\/blogdofinfa.com.br\/wp-content\/uploads\/2026\/09\/793001719_18372876691232451_244670332663944676_n-1.webp 512w, https:\/\/blogdofinfa.com.br\/wp-content\/uploads\/2026\/09\/793001719_18372876691232451_244670332663944676_n-1-240x300.webp 240w\" alt=\"\" width=\"512\" height=\"640\" data-lazyloaded=\"1\" data-src=\"https:\/\/blogdofinfa.com.br\/wp-content\/uploads\/2026\/09\/793001719_18372876691232451_244670332663944676_n-1.webp\" data-srcset=\"https:\/\/blogdofinfa.com.br\/wp-content\/uploads\/2026\/09\/793001719_18372876691232451_244670332663944676_n-1.webp 512w, https:\/\/blogdofinfa.com.br\/wp-content\/uploads\/2026\/09\/793001719_18372876691232451_244670332663944676_n-1-240x300.webp 240w\" data-sizes=\"(max-width: 512px) 100vw, 512px\" data-ll-status=\"loaded\" \/>Inaugura<\/strong>\u00a0\u2013 O candidato a deputado federal, Danilo Sim\u00f5es, inaugura seu comit\u00ea neste s\u00e1bado (05), \u00e0s 19:55 horas, na Rua Gustavo Fittipaldi, 93 em Afogados da Ingazeira, ao lado do Bar do Chef. A sa\u00edda ser\u00e1 na frente da casa de Dona Giza, e contar\u00e1 com a presen\u00e7a do deputado estadual e candidato a reelei\u00e7\u00e3o ROmero Sales.<img decoding=\"async\" class=\"aligncenter size-full wp-image-325546 entered litespeed-loaded\" src=\"https:\/\/blogdofinfa.com.br\/wp-content\/uploads\/2026\/09\/page1-1.webp\" sizes=\"(max-width: 404px) 100vw, 404px\" srcset=\"https:\/\/blogdofinfa.com.br\/wp-content\/uploads\/2026\/09\/page1-1.webp 404w, https:\/\/blogdofinfa.com.br\/wp-content\/uploads\/2026\/09\/page1-1-300x300.webp 300w, https:\/\/blogdofinfa.com.br\/wp-content\/uploads\/2026\/09\/page1-1-150x150.webp 150w\" alt=\"\" width=\"404\" height=\"404\" data-lazyloaded=\"1\" data-src=\"https:\/\/blogdofinfa.com.br\/wp-content\/uploads\/2026\/09\/page1-1.webp\" data-srcset=\"https:\/\/blogdofinfa.com.br\/wp-content\/uploads\/2026\/09\/page1-1.webp 404w, https:\/\/blogdofinfa.com.br\/wp-content\/uploads\/2026\/09\/page1-1-300x300.webp 300w, https:\/\/blogdofinfa.com.br\/wp-content\/uploads\/2026\/09\/page1-1-150x150.webp 150w\" data-sizes=\"(max-width: 404px) 100vw, 404px\" data-ll-status=\"loaded\" \/><strong>Comemorando<\/strong>\u00a0\u2013 O prefeito de Cust\u00f3dia, Manoel Messias, est\u00e1 comemorando a chegada de uma Ambul\u00e2ncia Colo de M\u00e3e, um importante refor\u00e7o para garantir mais cuidado, seguran\u00e7a e acolhimento \u00e0s nossas m\u00e3es e fam\u00edlias.\u00a0<em>\u201cNosso agradecimento ao Governo do Estado de Pernambuco por essa parceria e por olhar com aten\u00e7\u00e3o para as necessidades da nossa popula\u00e7\u00e3o. Seguimos trabalhando para cuidar cada vez melhor do nosso povo.\u201d<\/em>, disse o gestor euf\u00f3rico.<img decoding=\"async\" class=\"aligncenter wp-image-325542 entered litespeed-loaded\" src=\"https:\/\/blogdofinfa.com.br\/wp-content\/uploads\/2026\/09\/DUPLA-768x518-1.webp\" sizes=\"(max-width: 590px) 100vw, 590px\" srcset=\"https:\/\/blogdofinfa.com.br\/wp-content\/uploads\/2026\/09\/DUPLA-768x518-1.webp 768w, https:\/\/blogdofinfa.com.br\/wp-content\/uploads\/2026\/09\/DUPLA-768x518-1-300x202.webp 300w\" alt=\"\" width=\"590\" height=\"398\" data-lazyloaded=\"1\" data-src=\"https:\/\/blogdofinfa.com.br\/wp-content\/uploads\/2026\/09\/DUPLA-768x518-1.webp\" data-srcset=\"https:\/\/blogdofinfa.com.br\/wp-content\/uploads\/2026\/09\/DUPLA-768x518-1.webp 768w, https:\/\/blogdofinfa.com.br\/wp-content\/uploads\/2026\/09\/DUPLA-768x518-1-300x202.webp 300w\" data-sizes=\"(max-width: 590px) 100vw, 590px\" data-ll-status=\"loaded\" \/><\/p>\n<p style=\"text-align: justify;\"><strong>Carro da Sa\u00fade de Bel\u00e9m do S\u00e3o Francisco \u00e9 usado para recolher bandeiras de candidatos do prefeito<\/strong>\u00a0\u2013 Um ve\u00edculo da Secretaria de Sa\u00fade de Bel\u00e9m do S\u00e3o Francisco foi flagrado recolhendo bandeiras de candidatos apoiados pelo prefeito Calby Carvalho (Republicanos).\u00a0<strong>Informa\u00e7\u00e3o Blog do Magno Martins<img loading=\"lazy\" decoding=\"async\" class=\"aligncenter size-full wp-image-325545 entered litespeed-loaded\" src=\"https:\/\/blogdofinfa.com.br\/wp-content\/uploads\/2026\/09\/page-1.webp\" sizes=\"(max-width: 404px) 100vw, 404px\" srcset=\"https:\/\/blogdofinfa.com.br\/wp-content\/uploads\/2026\/09\/page-1.webp 404w, https:\/\/blogdofinfa.com.br\/wp-content\/uploads\/2026\/09\/page-1-300x300.webp 300w, https:\/\/blogdofinfa.com.br\/wp-content\/uploads\/2026\/09\/page-1-150x150.webp 150w\" alt=\"\" width=\"404\" height=\"404\" data-lazyloaded=\"1\" data-src=\"https:\/\/blogdofinfa.com.br\/wp-content\/uploads\/2026\/09\/page-1.webp\" data-srcset=\"https:\/\/blogdofinfa.com.br\/wp-content\/uploads\/2026\/09\/page-1.webp 404w, https:\/\/blogdofinfa.com.br\/wp-content\/uploads\/2026\/09\/page-1-300x300.webp 300w, https:\/\/blogdofinfa.com.br\/wp-content\/uploads\/2026\/09\/page-1-150x150.webp 150w\" data-sizes=\"(max-width: 404px) 100vw, 404px\" data-ll-status=\"loaded\" \/>Grande evento<\/strong>\u00a0\u2013 O deputado estadual e candidato a reelei\u00e7\u00e3o, Diogo Moraes, participou na noite desta quinta-feira (03), de um grande evento na cidade de S\u00e3o Bento do Una.\u00a0<em>\u201cFoi momento de prestar contas do que j\u00e1 fizemos pelo munic\u00edpio e por Pernambuco, mas, principalmente, de ouvir as pessoas e sentir de perto o carinho e a confian\u00e7a em nosso trabalho. Ao lado do prefeito Alexandre Batit\u00e9, do vice-prefeito Paulo Renato e de todo o conjunto de vereadores, estivemos nas ruas, conversando com a popula\u00e7\u00e3o e dialogando olho no olho. \u00c9 essa conex\u00e3o com o povo que nos d\u00e1 ainda mais for\u00e7a para seguir trabalhando e fazendo a diferen\u00e7a\u201d,<\/em>\u00a0pontuou Diogo.<\/p>\n<p style=\"text-align: justify;\"><strong><img loading=\"lazy\" decoding=\"async\" class=\"alignleft wp-image-325548 entered litespeed-loaded\" src=\"https:\/\/blogdofinfa.com.br\/wp-content\/uploads\/2026\/09\/WhatsApp-Image-2026-09-03-at-19.58.06-768x512-1.webp\" sizes=\"(max-width: 294px) 100vw, 294px\" srcset=\"https:\/\/blogdofinfa.com.br\/wp-content\/uploads\/2026\/09\/WhatsApp-Image-2026-09-03-at-19.58.06-768x512-1.webp 768w, https:\/\/blogdofinfa.com.br\/wp-content\/uploads\/2026\/09\/WhatsApp-Image-2026-09-03-at-19.58.06-768x512-1-300x200.webp 300w\" alt=\"\" width=\"294\" height=\"196\" data-lazyloaded=\"1\" data-src=\"https:\/\/blogdofinfa.com.br\/wp-content\/uploads\/2026\/09\/WhatsApp-Image-2026-09-03-at-19.58.06-768x512-1.webp\" data-srcset=\"https:\/\/blogdofinfa.com.br\/wp-content\/uploads\/2026\/09\/WhatsApp-Image-2026-09-03-at-19.58.06-768x512-1.webp 768w, https:\/\/blogdofinfa.com.br\/wp-content\/uploads\/2026\/09\/WhatsApp-Image-2026-09-03-at-19.58.06-768x512-1-300x200.webp 300w\" data-sizes=\"(max-width: 294px) 100vw, 294px\" data-ll-status=\"loaded\" \/>Ganhou apoio<\/strong>\u00a0\u2013 O candidato ao senado, Eduardo da Fonte, nesta quinta-feira (03), ganhou o apoio do ex-prefeito de Ouricuri Ricardo Ramos. O acordo foi fechado ap\u00f3s encontro na sede do Partido Progressista (PP), no bairro do Pina, Zona Sul do Recife.<\/p>\n<p style=\"text-align: justify;\"><strong>Frase<\/strong>\u00a0\u2013\u00a0<em>\u201cEu respirei e n\u00e3o imaginei nunca que aquilo seria a abertura do guia\u201d.<\/em><strong>\u00a0(Governadora e candidata a reelei\u00e7\u00e3o Raquel Lyra, na sabatina promovida pela Folha\/UOL ontem, sobre os segundos de sil\u00eancio que abriram seu primeiro guia eleitoral na televis\u00e3o, exibido em 28 de agosto)<\/strong><\/p>\n<p style=\"text-align: justify;\"><strong><img loading=\"lazy\" decoding=\"async\" class=\"aligncenter size-full wp-image-325549 entered litespeed-loaded\" src=\"https:\/\/blogdofinfa.com.br\/wp-content\/uploads\/2026\/09\/792148230_18140159596578774_8312424038174629795_n.webp\" sizes=\"(max-width: 512px) 100vw, 512px\" srcset=\"https:\/\/blogdofinfa.com.br\/wp-content\/uploads\/2026\/09\/792148230_18140159596578774_8312424038174629795_n.webp 512w, https:\/\/blogdofinfa.com.br\/wp-content\/uploads\/2026\/09\/792148230_18140159596578774_8312424038174629795_n-240x300.webp 240w\" alt=\"\" width=\"512\" height=\"640\" data-lazyloaded=\"1\" data-src=\"https:\/\/blogdofinfa.com.br\/wp-content\/uploads\/2026\/09\/792148230_18140159596578774_8312424038174629795_n.webp\" data-srcset=\"https:\/\/blogdofinfa.com.br\/wp-content\/uploads\/2026\/09\/792148230_18140159596578774_8312424038174629795_n.webp 512w, https:\/\/blogdofinfa.com.br\/wp-content\/uploads\/2026\/09\/792148230_18140159596578774_8312424038174629795_n-240x300.webp 240w\" data-sizes=\"(max-width: 512px) 100vw, 512px\" data-ll-status=\"loaded\" \/>Palestra \u2013\u00a0<\/strong>O prefeito de Tuparetama, Di\u00f3genes Patriota, anunciou que na pr\u00f3xima sexta-feira (11) \u00e0s 8 horas, na Associa\u00e7\u00e3o de Carna\u00faba, haver\u00e1 um importante momento de aprendizado com a palestra \u201cTecnologia na Gest\u00e3o Produtiva na Pecu\u00e1ria Leiteira \u2013 Metodologia Balde Cheio\u201d, ministrada por Cristian Cavalcante. O encontro tamb\u00e9m contar\u00e1 com a participa\u00e7\u00e3o do Banco do Nordeste, trazendo informa\u00e7\u00f5es sobre acesso ao cr\u00e9dito e oportunidades para os nossos produtores.\u00a0<em>\u201cInvestir em conhecimento e novas tecnologias \u00e9 fortalecer quem produz, gerar renda e desenvolver cada vez mais o nosso campo\u201d,<\/em>\u00a0disse o prefeito.<\/p>\n<p style=\"text-align: justify;\"><strong><img loading=\"lazy\" decoding=\"async\" class=\"alignleft wp-image-325544 entered litespeed-loaded\" src=\"https:\/\/blogdofinfa.com.br\/wp-content\/uploads\/2026\/09\/793070074_18614958958051874_6346395496857455658_n.webp\" sizes=\"(max-width: 385px) 100vw, 385px\" srcset=\"https:\/\/blogdofinfa.com.br\/wp-content\/uploads\/2026\/09\/793070074_18614958958051874_6346395496857455658_n.webp 1024w, https:\/\/blogdofinfa.com.br\/wp-content\/uploads\/2026\/09\/793070074_18614958958051874_6346395496857455658_n-300x175.webp 300w\" alt=\"\" width=\"385\" height=\"225\" data-lazyloaded=\"1\" data-src=\"https:\/\/blogdofinfa.com.br\/wp-content\/uploads\/2026\/09\/793070074_18614958958051874_6346395496857455658_n.webp\" data-srcset=\"https:\/\/blogdofinfa.com.br\/wp-content\/uploads\/2026\/09\/793070074_18614958958051874_6346395496857455658_n.webp 1024w, https:\/\/blogdofinfa.com.br\/wp-content\/uploads\/2026\/09\/793070074_18614958958051874_6346395496857455658_n-300x175.webp 300w\" data-sizes=\"(max-width: 385px) 100vw, 385px\" data-ll-status=\"loaded\" \/>Disse<\/strong>\u00a0\u2013<em>\u00a0\u201cO Banco do Nordeste vai injetar na economia dos estados da regi\u00e3o e nos munic\u00edpios do Norte de Minas Gerais e do Esp\u00edrito Santo, R$ 60,9 bilh\u00f5es do Fundo Constitucional de Desenvolvimento do Nordeste (FNE), em 2027. Esse montante \u00e9 o dobro do disponibilizado em 2022 e 15,9% superior ao de 2026. Divulgamos os detalhes desse grande an\u00fancio nesta quinta-feira, na sede do BNB, em Fortaleza, em evento que contou com a participa\u00e7\u00e3o do superintendente da Sudene, Francisco Alexandre. Um avan\u00e7o importante para que o Nordeste continue crescendo de maneira consolidada acima da m\u00e9dia nacional\u201d<\/em>.<strong>\u00a0(Paulo C\u00e2mara, Presidente do Banco do Nordeste)<img loading=\"lazy\" decoding=\"async\" class=\"aligncenter wp-image-325547 entered litespeed-loaded\" src=\"https:\/\/blogdofinfa.com.br\/wp-content\/uploads\/2026\/09\/romerinho.webp\" sizes=\"(max-width: 490px) 100vw, 490px\" srcset=\"https:\/\/blogdofinfa.com.br\/wp-content\/uploads\/2026\/09\/romerinho.webp 581w, https:\/\/blogdofinfa.com.br\/wp-content\/uploads\/2026\/09\/romerinho-300x300.webp 300w, https:\/\/blogdofinfa.com.br\/wp-content\/uploads\/2026\/09\/romerinho-150x150.webp 150w\" alt=\"\" width=\"490\" height=\"489\" data-lazyloaded=\"1\" data-src=\"https:\/\/blogdofinfa.com.br\/wp-content\/uploads\/2026\/09\/romerinho.webp\" data-srcset=\"https:\/\/blogdofinfa.com.br\/wp-content\/uploads\/2026\/09\/romerinho.webp 581w, https:\/\/blogdofinfa.com.br\/wp-content\/uploads\/2026\/09\/romerinho-300x300.webp 300w, https:\/\/blogdofinfa.com.br\/wp-content\/uploads\/2026\/09\/romerinho-150x150.webp 150w\" data-sizes=\"(max-width: 490px) 100vw, 490px\" data-ll-status=\"loaded\" \/><\/strong><\/p>\n<p style=\"text-align: justify;\"><strong>Carreata<\/strong>\u00a0\u2013 O candidato a deputado estadual, Romerinho Jatob\u00e1, participa nesta sexta-feira (04), de um Carreata dos Deputados na cidade de Pesqueira, ao lado de deputado federal e candidato a reelei\u00e7\u00e3o Felipe Carreras, organizada por Rossine e seu grupo pol\u00edtico. A concentra\u00e7\u00e3o e sa\u00edda ser\u00e1 na Avenida Central \u00e0s 18:40 horas.<\/p>\n","protected":false},"excerpt":{"rendered":"<p>&nbsp; &ldquo;Arcorvede tem um elefante branco, culpa da governadora Raquel Lyra&rdquo; disse Luciano Pacheco &ndash;&nbsp;O Presidente da C&acirc;mara de Vereadores de Arcoverde e candidato a deputado federal, Luciano Pacheco (MDB), concedeu uma entrevista exclusiva ao blog,&nbsp; Luciano falou sobre sua campanha rumo a C&acirc;mara dos Deputados, criticou a gest&atilde;o da governadora Raquel Lyra e disse &#8230; <a title=\"*Giro pelos blog\u2019s SEXTA 04.09.2026*\" class=\"read-more\" href=\"https:\/\/blogdomarcellopatriota.com.br\/blog\/giro-pelos-blogs-sexta-04-09-2026\/\" aria-label=\"Read more about *Giro pelos blog\u2019s SEXTA 04.09.2026*\">Ler mais<\/a><\/p>\n","protected":false},"author":2,"featured_media":0,"comment_status":"closed","ping_status":"closed","sticky":false,"template":"","format":"standard","meta":{"footnotes":""},"categories":[1],"tags":[],"class_list":["post-110185","post","type-post","status-publish","format-standard","hentry","category-sem-categoria"],"_links":{"self":[{"href":"https:\/\/blogdomarcellopatriota.com.br\/blog\/wp-json\/wp\/v2\/posts\/110185","targetHints":{"allow":["GET"]}}],"collection":[{"href":"https:\/\/blogdomarcellopatriota.com.br\/blog\/wp-json\/wp\/v2\/posts"}],"about":[{"href":"https:\/\/blogdomarcellopatriota.com.br\/blog\/wp-json\/wp\/v2\/types\/post"}],"author":[{"embeddable":true,"href":"https:\/\/blogdomarcellopatriota.com.br\/blog\/wp-json\/wp\/v2\/users\/2"}],"replies":[{"embeddable":true,"href":"https:\/\/blogdomarcellopatriota.com.br\/blog\/wp-json\/wp\/v2\/comments?post=110185"}],"version-history":[{"count":1,"href":"https:\/\/blogdomarcellopatriota.com.br\/blog\/wp-json\/wp\/v2\/posts\/110185\/revisions"}],"predecessor-version":[{"id":110186,"href":"https:\/\/blogdomarcellopatriota.com.br\/blog\/wp-json\/wp\/v2\/posts\/110185\/revisions\/110186"}],"wp:attachment":[{"href":"https:\/\/blogdomarcellopatriota.com.br\/blog\/wp-json\/wp\/v2\/media?parent=110185"}],"wp:term":[{"taxonomy":"category","embeddable":true,"href":"https:\/\/blogdomarcellopatriota.com.br\/blog\/wp-json\/wp\/v2\/categories?post=110185"},{"taxonomy":"post_tag","embeddable":true,"href":"https:\/\/blogdomarcellopatriota.com.br\/blog\/wp-json\/wp\/v2\/tags?post=110185"}],"curies":[{"name":"wp","href":"https:\/\/api.w.org\/{rel}","templated":true}]}}