{"id":110190,"date":"2026-09-04T16:50:56","date_gmt":"2026-09-04T19:50:56","guid":{"rendered":"https:\/\/blogdomarcellopatriota.com.br\/blog\/?p=110190"},"modified":"2026-09-04T16:56:22","modified_gmt":"2026-09-04T19:56:22","slug":"oportunidade-a-carreta-do-senac-chegou-em-brejinho-com-diversos-cursos-gratuitos","status":"publish","type":"post","link":"https:\/\/blogdomarcellopatriota.com.br\/blog\/oportunidade-a-carreta-do-senac-chegou-em-brejinho-com-diversos-cursos-gratuitos\/","title":{"rendered":"Oportunidade \/ A Carreta do SENAC chegou em Brejinho com diversos cursos gratuitos"},"content":{"rendered":"<figure id=\"attachment_17882\" class=\"wp-caption alignleft\" aria-describedby=\"caption-attachment-17882\"><img fetchpriority=\"high\" decoding=\"async\" class=\"size-medium wp-image-17882\" src=\"https:\/\/gazetadopajeu.com\/site\/wp-content\/uploads\/2026\/08\/curso1_4-400x225.jpg\" sizes=\"(max-width: 400px) 100vw, 400px\" srcset=\"https:\/\/gazetadopajeu.com\/site\/wp-content\/uploads\/2026\/08\/curso1_4-400x225.jpg 400w, https:\/\/gazetadopajeu.com\/site\/wp-content\/uploads\/2026\/08\/curso1_4.jpg 768w\" alt=\"\" width=\"400\" height=\"225\" \/><figcaption id=\"caption-attachment-17882\" class=\"wp-caption-text\">*<\/figcaption><\/figure>\n<p style=\"text-align: justify;\">Numa parceria entre a Prefeitura de Brejinho, Ag\u00eancia de Desenvolvimento Econ\u00f4mico, SEBRAE e SENAC, o munic\u00edpio recebeu uma importante oportunidade de qualifica\u00e7\u00e3o profissional com a Carreta do SENAC, trazendo cursos gratuitos nas \u00e1reas de moda e beleza, ampliando o acesso \u00e0 capacita\u00e7\u00e3o e contribuindo para a gera\u00e7\u00e3o de oportunidades e renda.<\/p>\n<p style=\"text-align: justify;\">Ao todo, ser\u00e3o 9 cursos, com op\u00e7\u00f5es para quem deseja iniciar uma nova atividade profissional ou aprimorar seus conhecimentos: Penteado, Alongamento de c\u00edlios, B\u00e1sico de depila\u00e7\u00e3o, Unha em gel, T\u00e9cnicas de maquiagem para olhos, Design de sobrancelhas, Atualiza\u00e7\u00e3o em t\u00e9cnicas de cortes femininos e modelagem com escova e Cabeleireiro.<\/p>\n<p style=\"text-align: justify;\">Os cursos possuem diferentes cargas hor\u00e1rias, requisitos e per\u00edodos de realiza\u00e7\u00e3o, com 15 vagas por turma. As inscri\u00e7\u00f5es acontecem exclusivamente de forma presencial, na ADEBRE, conforme o cronograma de cada curso.<\/p>\n","protected":false},"excerpt":{"rendered":"<p>* Numa parceria entre a Prefeitura de Brejinho, Ag&ecirc;ncia de Desenvolvimento Econ&ocirc;mico, SEBRAE e SENAC, o munic&iacute;pio recebeu uma importante oportunidade de qualifica&ccedil;&atilde;o profissional com a Carreta do SENAC, trazendo cursos gratuitos nas &aacute;reas de moda e beleza, ampliando o acesso &agrave; capacita&ccedil;&atilde;o e contribuindo para a gera&ccedil;&atilde;o de oportunidades e renda. Ao todo, ser&atilde;o &#8230; <a title=\"Oportunidade \/ A Carreta do SENAC chegou em Brejinho com diversos cursos gratuitos\" class=\"read-more\" href=\"https:\/\/blogdomarcellopatriota.com.br\/blog\/oportunidade-a-carreta-do-senac-chegou-em-brejinho-com-diversos-cursos-gratuitos\/\" aria-label=\"Read more about Oportunidade \/ A Carreta do SENAC chegou em Brejinho com diversos cursos gratuitos\">Ler mais<\/a><\/p>\n","protected":false},"author":2,"featured_media":0,"comment_status":"closed","ping_status":"closed","sticky":false,"template":"","format":"standard","meta":{"footnotes":""},"categories":[1],"tags":[],"class_list":["post-110190","post","type-post","status-publish","format-standard","hentry","category-sem-categoria"],"_links":{"self":[{"href":"https:\/\/blogdomarcellopatriota.com.br\/blog\/wp-json\/wp\/v2\/posts\/110190","targetHints":{"allow":["GET"]}}],"collection":[{"href":"https:\/\/blogdomarcellopatriota.com.br\/blog\/wp-json\/wp\/v2\/posts"}],"about":[{"href":"https:\/\/blogdomarcellopatriota.com.br\/blog\/wp-json\/wp\/v2\/types\/post"}],"author":[{"embeddable":true,"href":"https:\/\/blogdomarcellopatriota.com.br\/blog\/wp-json\/wp\/v2\/users\/2"}],"replies":[{"embeddable":true,"href":"https:\/\/blogdomarcellopatriota.com.br\/blog\/wp-json\/wp\/v2\/comments?post=110190"}],"version-history":[{"count":1,"href":"https:\/\/blogdomarcellopatriota.com.br\/blog\/wp-json\/wp\/v2\/posts\/110190\/revisions"}],"predecessor-version":[{"id":110191,"href":"https:\/\/blogdomarcellopatriota.com.br\/blog\/wp-json\/wp\/v2\/posts\/110190\/revisions\/110191"}],"wp:attachment":[{"href":"https:\/\/blogdomarcellopatriota.com.br\/blog\/wp-json\/wp\/v2\/media?parent=110190"}],"wp:term":[{"taxonomy":"category","embeddable":true,"href":"https:\/\/blogdomarcellopatriota.com.br\/blog\/wp-json\/wp\/v2\/categories?post=110190"},{"taxonomy":"post_tag","embeddable":true,"href":"https:\/\/blogdomarcellopatriota.com.br\/blog\/wp-json\/wp\/v2\/tags?post=110190"}],"curies":[{"name":"wp","href":"https:\/\/api.w.org\/{rel}","templated":true}]}}