{"id":110192,"date":"2026-09-04T16:31:56","date_gmt":"2026-09-04T19:31:56","guid":{"rendered":"https:\/\/blogdomarcellopatriota.com.br\/blog\/?p=110192"},"modified":"2026-09-04T16:31:56","modified_gmt":"2026-09-04T19:31:56","slug":"marconi-santana-anuncia-apoio-a-mendonca-filho-para-o-senado","status":"publish","type":"post","link":"https:\/\/blogdomarcellopatriota.com.br\/blog\/marconi-santana-anuncia-apoio-a-mendonca-filho-para-o-senado\/","title":{"rendered":"Marconi Santana anuncia apoio a Mendon\u00e7a Filho para o Senado"},"content":{"rendered":"<div class=\"chamada text-center mb-3\"><img fetchpriority=\"high\" decoding=\"async\" class=\"attachment-large size-large wp-post-image alignleft\" src=\"https:\/\/i0.wp.com\/nilljunior.com.br\/wp-content\/uploads\/2026\/09\/Screenshot_20260904_123514_Instagram.jpg?fit=518%2C400&amp;ssl=1\" sizes=\"auto, (max-width: 518px) 100vw, 518px\" srcset=\"https:\/\/i0.wp.com\/nilljunior.com.br\/wp-content\/uploads\/2026\/09\/Screenshot_20260904_123514_Instagram.jpg?w=1079&amp;ssl=1 1079w, https:\/\/i0.wp.com\/nilljunior.com.br\/wp-content\/uploads\/2026\/09\/Screenshot_20260904_123514_Instagram.jpg?resize=300%2C232&amp;ssl=1 300w, https:\/\/i0.wp.com\/nilljunior.com.br\/wp-content\/uploads\/2026\/09\/Screenshot_20260904_123514_Instagram.jpg?resize=518%2C400&amp;ssl=1 518w, https:\/\/i0.wp.com\/nilljunior.com.br\/wp-content\/uploads\/2026\/09\/Screenshot_20260904_123514_Instagram.jpg?resize=768%2C594&amp;ssl=1 768w\" alt=\"\" width=\"518\" height=\"400\" data-attachment-id=\"334583\" data-permalink=\"https:\/\/nilljunior.com.br\/marconi-santana-anuncia-apoio-a-mendonca-filho-para-o-senado\/screenshot_20260904_123514_instagram\/\" data-orig-file=\"https:\/\/i0.wp.com\/nilljunior.com.br\/wp-content\/uploads\/2026\/09\/Screenshot_20260904_123514_Instagram.jpg?fit=1079%2C834&amp;ssl=1\" data-orig-size=\"1079,834\" data-comments-opened=\"0\" data-image-meta=\"{&quot;aperture&quot;:&quot;0&quot;,&quot;credit&quot;:&quot;&quot;,&quot;camera&quot;:&quot;&quot;,&quot;caption&quot;:&quot;&quot;,&quot;created_timestamp&quot;:&quot;0&quot;,&quot;copyright&quot;:&quot;&quot;,&quot;focal_length&quot;:&quot;0&quot;,&quot;iso&quot;:&quot;0&quot;,&quot;shutter_speed&quot;:&quot;0&quot;,&quot;title&quot;:&quot;&quot;,&quot;orientation&quot;:&quot;0&quot;}\" data-image-title=\"Screenshot_20260904_123514_Instagram\" data-image-description=\"\" data-image-caption=\"\" data-large-file=\"https:\/\/i0.wp.com\/nilljunior.com.br\/wp-content\/uploads\/2026\/09\/Screenshot_20260904_123514_Instagram.jpg?fit=518%2C400&amp;ssl=1\" \/><\/div>\n<p style=\"text-align: justify;\">O candidato a deputado estadual Marconi Santana anunciou, nesta sexta-feira (4), por meio das redes sociais, uma de suas escolhas para a disputa pelo Senado em Pernambuco. Marconi declarou apoio a Mendon\u00e7a Filho (PL), oficializado candidato a uma das duas vagas destinadas ao estado nas elei\u00e7\u00f5es deste ano.<\/p>\n<p style=\"text-align: justify;\">No an\u00fancio, Marconi classificou a alian\u00e7a como \u201cuma constru\u00e7\u00e3o baseada em di\u00e1logo, confian\u00e7a e na defesa dos interesses de Pernambuco\u201d.<\/p>\n<p style=\"text-align: justify;\">O movimento acrescenta mais uma defini\u00e7\u00e3o ao desenho pol\u00edtico do ex-prefeito de Flores nesta reta da campanha, mantendo tamb\u00e9m sua parceria com a governadora Raquel Lyra.<\/p>\n<p style=\"text-align: justify;\">\u201cCom muita honra, estou fechado com Mendon\u00e7a para o Senado. Uma alian\u00e7a constru\u00edda com respeito, confian\u00e7a e, principalmente, com a vontade de fazer Pernambuco avan\u00e7ar\u201d, afirmou Marconi nas redes sociais.<\/p>\n<p style=\"text-align: justify;\">Segundo Marconi, a aproxima\u00e7\u00e3o tamb\u00e9m encontra um ponto de converg\u00eancia na rela\u00e7\u00e3o com o Governo do Estado. \u201cEm entrevista recente, Mendon\u00e7a declarou que, caso eleito, pretende trabalhar no Senado em defesa de Pernambuco e em parceria com Raquel Lyra\u201d, destacou.<\/p>\n<p style=\"text-align: justify;\">O prefeito Giba Ribeiro tamb\u00e9m participou do an\u00fancio, assim como aliados.<\/p>\n","protected":false},"excerpt":{"rendered":"<p>O candidato a deputado estadual Marconi Santana anunciou, nesta sexta-feira (4), por meio das redes sociais, uma de suas escolhas para a disputa pelo Senado em Pernambuco. Marconi declarou apoio a Mendon&ccedil;a Filho (PL), oficializado candidato a uma das duas vagas destinadas ao estado nas elei&ccedil;&otilde;es deste ano. No an&uacute;ncio, Marconi classificou a alian&ccedil;a como &#8230; <a title=\"Marconi Santana anuncia apoio a Mendon\u00e7a Filho para o Senado\" class=\"read-more\" href=\"https:\/\/blogdomarcellopatriota.com.br\/blog\/marconi-santana-anuncia-apoio-a-mendonca-filho-para-o-senado\/\" aria-label=\"Read more about Marconi Santana anuncia apoio a Mendon\u00e7a Filho para o Senado\">Ler mais<\/a><\/p>\n","protected":false},"author":2,"featured_media":0,"comment_status":"closed","ping_status":"closed","sticky":false,"template":"","format":"standard","meta":{"footnotes":""},"categories":[1],"tags":[],"class_list":["post-110192","post","type-post","status-publish","format-standard","hentry","category-sem-categoria"],"_links":{"self":[{"href":"https:\/\/blogdomarcellopatriota.com.br\/blog\/wp-json\/wp\/v2\/posts\/110192","targetHints":{"allow":["GET"]}}],"collection":[{"href":"https:\/\/blogdomarcellopatriota.com.br\/blog\/wp-json\/wp\/v2\/posts"}],"about":[{"href":"https:\/\/blogdomarcellopatriota.com.br\/blog\/wp-json\/wp\/v2\/types\/post"}],"author":[{"embeddable":true,"href":"https:\/\/blogdomarcellopatriota.com.br\/blog\/wp-json\/wp\/v2\/users\/2"}],"replies":[{"embeddable":true,"href":"https:\/\/blogdomarcellopatriota.com.br\/blog\/wp-json\/wp\/v2\/comments?post=110192"}],"version-history":[{"count":1,"href":"https:\/\/blogdomarcellopatriota.com.br\/blog\/wp-json\/wp\/v2\/posts\/110192\/revisions"}],"predecessor-version":[{"id":110193,"href":"https:\/\/blogdomarcellopatriota.com.br\/blog\/wp-json\/wp\/v2\/posts\/110192\/revisions\/110193"}],"wp:attachment":[{"href":"https:\/\/blogdomarcellopatriota.com.br\/blog\/wp-json\/wp\/v2\/media?parent=110192"}],"wp:term":[{"taxonomy":"category","embeddable":true,"href":"https:\/\/blogdomarcellopatriota.com.br\/blog\/wp-json\/wp\/v2\/categories?post=110192"},{"taxonomy":"post_tag","embeddable":true,"href":"https:\/\/blogdomarcellopatriota.com.br\/blog\/wp-json\/wp\/v2\/tags?post=110192"}],"curies":[{"name":"wp","href":"https:\/\/api.w.org\/{rel}","templated":true}]}}