{"id":110194,"date":"2026-09-04T22:33:45","date_gmt":"2026-09-05T01:33:45","guid":{"rendered":"https:\/\/blogdomarcellopatriota.com.br\/blog\/?p=110194"},"modified":"2026-09-04T22:33:42","modified_gmt":"2026-09-05T01:33:42","slug":"itapetim-recebeu-caravana-do-cro","status":"publish","type":"post","link":"https:\/\/blogdomarcellopatriota.com.br\/blog\/itapetim-recebeu-caravana-do-cro\/","title":{"rendered":"Itapetim recebeu Caravana do CRO"},"content":{"rendered":"<p style=\"text-align: justify;\"><img fetchpriority=\"high\" decoding=\"async\" class=\"size-medium wp-image-18194 alignleft\" src=\"https:\/\/gazetadopajeu.com\/site\/wp-content\/uploads\/2026\/09\/795664589_1858418232957872_2843940758368823734_n-400x266.jpg\" sizes=\"(max-width: 400px) 100vw, 400px\" srcset=\"https:\/\/gazetadopajeu.com\/site\/wp-content\/uploads\/2026\/09\/795664589_1858418232957872_2843940758368823734_n-400x266.jpg 400w, https:\/\/gazetadopajeu.com\/site\/wp-content\/uploads\/2026\/09\/795664589_1858418232957872_2843940758368823734_n.jpg 600w\" alt=\"\" width=\"400\" height=\"266\" \/>Itapetim recebeu a Caravana do Conselho Regional de Odontologia (CRO), promovendo um importante momento de troca de conhecimentos, aprendizado, orienta\u00e7\u00e3o e fortalecimento da sa\u00fade bucal no munic\u00edpio.<\/p>\n<p style=\"text-align: justify;\">A a\u00e7\u00e3o refor\u00e7a o compromisso do Governo Municipal de Itapetim, por meio da Secretaria de Sa\u00fade, com um atendimento cada vez mais humanizado e de qualidade para os itapetinenses.<\/p>\n<p style=\"text-align: justify;\">A programa\u00e7\u00e3o tamb\u00e9m contou com um momento de educa\u00e7\u00e3o e motiva\u00e7\u00e3o em sa\u00fade bucal na Escola Santo Ant\u00f4nio, com palestras, escova\u00e7\u00e3o supervisionada e entrega de kits de higiene bucal.<\/p>\n<p style=\"text-align: justify;\">O Governo Municipal agradece ao Conselho Regional de Odontologia, aos profissionais envolvidos e a todos que contribu\u00edram para a realiza\u00e7\u00e3o da a\u00e7\u00e3o, fortalecendo o cuidado com a sa\u00fade bucal da popula\u00e7\u00e3o.<\/p>\n","protected":false},"excerpt":{"rendered":"<p>Itapetim recebeu a Caravana do Conselho Regional de Odontologia (CRO), promovendo um importante momento de troca de conhecimentos, aprendizado, orienta&ccedil;&atilde;o e fortalecimento da sa&uacute;de bucal no munic&iacute;pio. A a&ccedil;&atilde;o refor&ccedil;a o compromisso do Governo Municipal de Itapetim, por meio da Secretaria de Sa&uacute;de, com um atendimento cada vez mais humanizado e de qualidade para os &#8230; <a title=\"Itapetim recebeu Caravana do CRO\" class=\"read-more\" href=\"https:\/\/blogdomarcellopatriota.com.br\/blog\/itapetim-recebeu-caravana-do-cro\/\" aria-label=\"Read more about Itapetim recebeu Caravana do CRO\">Ler mais<\/a><\/p>\n","protected":false},"author":2,"featured_media":0,"comment_status":"closed","ping_status":"closed","sticky":false,"template":"","format":"standard","meta":{"footnotes":""},"categories":[1],"tags":[],"class_list":["post-110194","post","type-post","status-publish","format-standard","hentry","category-sem-categoria"],"_links":{"self":[{"href":"https:\/\/blogdomarcellopatriota.com.br\/blog\/wp-json\/wp\/v2\/posts\/110194","targetHints":{"allow":["GET"]}}],"collection":[{"href":"https:\/\/blogdomarcellopatriota.com.br\/blog\/wp-json\/wp\/v2\/posts"}],"about":[{"href":"https:\/\/blogdomarcellopatriota.com.br\/blog\/wp-json\/wp\/v2\/types\/post"}],"author":[{"embeddable":true,"href":"https:\/\/blogdomarcellopatriota.com.br\/blog\/wp-json\/wp\/v2\/users\/2"}],"replies":[{"embeddable":true,"href":"https:\/\/blogdomarcellopatriota.com.br\/blog\/wp-json\/wp\/v2\/comments?post=110194"}],"version-history":[{"count":2,"href":"https:\/\/blogdomarcellopatriota.com.br\/blog\/wp-json\/wp\/v2\/posts\/110194\/revisions"}],"predecessor-version":[{"id":110213,"href":"https:\/\/blogdomarcellopatriota.com.br\/blog\/wp-json\/wp\/v2\/posts\/110194\/revisions\/110213"}],"wp:attachment":[{"href":"https:\/\/blogdomarcellopatriota.com.br\/blog\/wp-json\/wp\/v2\/media?parent=110194"}],"wp:term":[{"taxonomy":"category","embeddable":true,"href":"https:\/\/blogdomarcellopatriota.com.br\/blog\/wp-json\/wp\/v2\/categories?post=110194"},{"taxonomy":"post_tag","embeddable":true,"href":"https:\/\/blogdomarcellopatriota.com.br\/blog\/wp-json\/wp\/v2\/tags?post=110194"}],"curies":[{"name":"wp","href":"https:\/\/api.w.org\/{rel}","templated":true}]}}