{"id":110196,"date":"2026-09-04T16:34:07","date_gmt":"2026-09-04T19:34:07","guid":{"rendered":"https:\/\/blogdomarcellopatriota.com.br\/blog\/?p=110196"},"modified":"2026-09-04T16:34:07","modified_gmt":"2026-09-04T19:34:07","slug":"prefeitura-de-afogados-inaugurou-pavimentacao-de-ruas","status":"publish","type":"post","link":"https:\/\/blogdomarcellopatriota.com.br\/blog\/prefeitura-de-afogados-inaugurou-pavimentacao-de-ruas\/","title":{"rendered":"Prefeitura de Afogados inaugurou pavimenta\u00e7\u00e3o de ruas"},"content":{"rendered":"<div class=\"featured-image mb-4 text-center\"><img fetchpriority=\"high\" decoding=\"async\" class=\"img-fluid wp-post-image alignleft\" src=\"https:\/\/i0.wp.com\/nilljunior.com.br\/wp-content\/uploads\/2026\/09\/IMG-20260903-WA0226.jpg?fit=600%2C400&amp;ssl=1\" sizes=\"(max-width: 600px) 100vw, 600px\" srcset=\"https:\/\/i0.wp.com\/nilljunior.com.br\/wp-content\/uploads\/2026\/09\/IMG-20260903-WA0226.jpg?w=1600&amp;ssl=1 1600w, https:\/\/i0.wp.com\/nilljunior.com.br\/wp-content\/uploads\/2026\/09\/IMG-20260903-WA0226.jpg?resize=300%2C200&amp;ssl=1 300w, https:\/\/i0.wp.com\/nilljunior.com.br\/wp-content\/uploads\/2026\/09\/IMG-20260903-WA0226.jpg?resize=600%2C400&amp;ssl=1 600w, https:\/\/i0.wp.com\/nilljunior.com.br\/wp-content\/uploads\/2026\/09\/IMG-20260903-WA0226.jpg?resize=150%2C100&amp;ssl=1 150w, https:\/\/i0.wp.com\/nilljunior.com.br\/wp-content\/uploads\/2026\/09\/IMG-20260903-WA0226.jpg?resize=768%2C512&amp;ssl=1 768w, https:\/\/i0.wp.com\/nilljunior.com.br\/wp-content\/uploads\/2026\/09\/IMG-20260903-WA0226.jpg?resize=1536%2C1023&amp;ssl=1 1536w\" alt=\"\" width=\"600\" height=\"400\" data-attachment-id=\"334568\" data-permalink=\"https:\/\/nilljunior.com.br\/prefeitura-de-afogados-inaugurou-pavimentacao-de-uma-rua-e-duas-travessas\/img-20260903-wa0226\/\" data-orig-file=\"https:\/\/i0.wp.com\/nilljunior.com.br\/wp-content\/uploads\/2026\/09\/IMG-20260903-WA0226.jpg?fit=1600%2C1066&amp;ssl=1\" data-orig-size=\"1600,1066\" data-comments-opened=\"0\" data-image-meta=\"{&quot;aperture&quot;:&quot;0&quot;,&quot;credit&quot;:&quot;&quot;,&quot;camera&quot;:&quot;&quot;,&quot;caption&quot;:&quot;&quot;,&quot;created_timestamp&quot;:&quot;0&quot;,&quot;copyright&quot;:&quot;&quot;,&quot;focal_length&quot;:&quot;0&quot;,&quot;iso&quot;:&quot;0&quot;,&quot;shutter_speed&quot;:&quot;0&quot;,&quot;title&quot;:&quot;&quot;,&quot;orientation&quot;:&quot;0&quot;}\" data-image-title=\"IMG-20260903-WA0226\" data-image-description=\"\" data-image-caption=\"\" data-large-file=\"https:\/\/i0.wp.com\/nilljunior.com.br\/wp-content\/uploads\/2026\/09\/IMG-20260903-WA0226.jpg?fit=600%2C400&amp;ssl=1\" \/><\/div>\n<div class=\"entry-content\">\n<p style=\"text-align: justify;\">Dentro do programa \u201cMinha Rua \u00e9 10\u201d, foi inaugurada via e travessas no bairro Padre Pedro Pereira.<\/p>\n<p style=\"text-align: justify;\">O Prefeito Sandrinho Palmeira e o vice, Daniel Valadares, inauguraram a pavimenta\u00e7\u00e3o em piso intertravado da Rua Pedro Soares de Siqueira e de suas duas travessas, ainda sem denomina\u00e7\u00e3o.<\/p>\n<p style=\"text-align: justify;\">A obra representa investimentos de R$ 392 mil, com a execu\u00e7\u00e3o se quase tr\u00eas mil metros quadrados de novo pavimento. A rua \u00e9 uma das mais antigas do bairro. \u201cA gente luta por esse cal\u00e7amento h\u00e1 mais de quarenta anos. E a Prefeitura agora atendeu nossos pedidos e fez muito mais do que a gente esperava,\u201d declarou L\u00facia Santos, representante do conselho de moradores do bairro.<\/p>\n<p style=\"text-align: justify;\">A inaugura\u00e7\u00e3o contou com as presen\u00e7as dos vereadores Raimundo Lima, C\u00e9sar Ten\u00f3rio, Reinaldo Lima, Douglas Rodrigues, Lucineide Cordeiro, Simone da feira, M\u00e1rio Martins e Gal Mariano, autora do requerimento que solicitou a pavimenta\u00e7\u00e3o, al\u00e9m de servidores do munic\u00edpio e dos moradores da rua e das duas travessas pavimentadas.<\/p>\n<p style=\"text-align: justify;\">Em sua fala durante a inaugura\u00e7\u00e3o, o prefeito Sandrinho Palmeira destacou que ir\u00e1 fazer uma pra\u00e7a para conviv\u00eancia comunit\u00e1ria no entorno da rua e das travessas inauguradas. \u201cEssa \u00e9 a rua mais antiga desse bairro t\u00e3o importante que \u00e9 o Padre Pedro Pereira. Essa pavimenta\u00e7\u00e3o \u00e9 uma reivindica\u00e7\u00e3o de mais de quarenta anos e chegamos pra atender com essa t\u00e3o importante obra, beneficiando a popula\u00e7\u00e3o que aqui reside,\u201d afirmou Sandrinho. Para a pr\u00f3xima semana, expectativa de mais obras de pavimenta\u00e7\u00e3o a serem inauguradas.<\/p>\n<\/div>\n","protected":false},"excerpt":{"rendered":"<p>Dentro do programa &ldquo;Minha Rua &eacute; 10&rdquo;, foi inaugurada via e travessas no bairro Padre Pedro Pereira. O Prefeito Sandrinho Palmeira e o vice, Daniel Valadares, inauguraram a pavimenta&ccedil;&atilde;o em piso intertravado da Rua Pedro Soares de Siqueira e de suas duas travessas, ainda sem denomina&ccedil;&atilde;o. A obra representa investimentos de R$ 392 mil, com &#8230; <a title=\"Prefeitura de Afogados inaugurou pavimenta\u00e7\u00e3o de ruas\" class=\"read-more\" href=\"https:\/\/blogdomarcellopatriota.com.br\/blog\/prefeitura-de-afogados-inaugurou-pavimentacao-de-ruas\/\" aria-label=\"Read more about Prefeitura de Afogados inaugurou pavimenta\u00e7\u00e3o de ruas\">Ler mais<\/a><\/p>\n","protected":false},"author":2,"featured_media":0,"comment_status":"closed","ping_status":"closed","sticky":false,"template":"","format":"standard","meta":{"footnotes":""},"categories":[1],"tags":[],"class_list":["post-110196","post","type-post","status-publish","format-standard","hentry","category-sem-categoria"],"_links":{"self":[{"href":"https:\/\/blogdomarcellopatriota.com.br\/blog\/wp-json\/wp\/v2\/posts\/110196","targetHints":{"allow":["GET"]}}],"collection":[{"href":"https:\/\/blogdomarcellopatriota.com.br\/blog\/wp-json\/wp\/v2\/posts"}],"about":[{"href":"https:\/\/blogdomarcellopatriota.com.br\/blog\/wp-json\/wp\/v2\/types\/post"}],"author":[{"embeddable":true,"href":"https:\/\/blogdomarcellopatriota.com.br\/blog\/wp-json\/wp\/v2\/users\/2"}],"replies":[{"embeddable":true,"href":"https:\/\/blogdomarcellopatriota.com.br\/blog\/wp-json\/wp\/v2\/comments?post=110196"}],"version-history":[{"count":1,"href":"https:\/\/blogdomarcellopatriota.com.br\/blog\/wp-json\/wp\/v2\/posts\/110196\/revisions"}],"predecessor-version":[{"id":110197,"href":"https:\/\/blogdomarcellopatriota.com.br\/blog\/wp-json\/wp\/v2\/posts\/110196\/revisions\/110197"}],"wp:attachment":[{"href":"https:\/\/blogdomarcellopatriota.com.br\/blog\/wp-json\/wp\/v2\/media?parent=110196"}],"wp:term":[{"taxonomy":"category","embeddable":true,"href":"https:\/\/blogdomarcellopatriota.com.br\/blog\/wp-json\/wp\/v2\/categories?post=110196"},{"taxonomy":"post_tag","embeddable":true,"href":"https:\/\/blogdomarcellopatriota.com.br\/blog\/wp-json\/wp\/v2\/tags?post=110196"}],"curies":[{"name":"wp","href":"https:\/\/api.w.org\/{rel}","templated":true}]}}