{"id":110198,"date":"2026-09-04T22:32:07","date_gmt":"2026-09-05T01:32:07","guid":{"rendered":"https:\/\/blogdomarcellopatriota.com.br\/blog\/?p=110198"},"modified":"2026-09-04T22:34:22","modified_gmt":"2026-09-05T01:34:22","slug":"prefeitura-de-afogados-entregou-fardamentos-a-bandas-marciais","status":"publish","type":"post","link":"https:\/\/blogdomarcellopatriota.com.br\/blog\/prefeitura-de-afogados-entregou-fardamentos-a-bandas-marciais\/","title":{"rendered":"Prefeitura de Afogados entregou fardamentos a bandas marciais"},"content":{"rendered":"<div class=\"separator\" style=\"text-align: justify;\"><a href=\"https:\/\/blogger.googleusercontent.com\/img\/b\/R29vZ2xl\/AVvXsEjsSR1D2w5NbzT1Lgulm1ifVnwfcMo2wNgnFcEBjNhM6KTq68DfjHXoKW7DQBt9m3_aVy1j7qq_smFimT0_xFFALQdrHzcQHz09GgHl-ypt9jEQ2uSTQhHZhWHZNuFVVz4jd79h7GM1FQa0g-R1_23iyekkUEX8UsVcQNdctkPq6Y7zTxqWJan910wwz2k9\/s1600\/ca9badd3-8ca9-48e8-bd0a-a8f7ee7c22e4.jpg\"><img fetchpriority=\"high\" decoding=\"async\" class=\"alignleft\" src=\"https:\/\/blogger.googleusercontent.com\/img\/b\/R29vZ2xl\/AVvXsEjsSR1D2w5NbzT1Lgulm1ifVnwfcMo2wNgnFcEBjNhM6KTq68DfjHXoKW7DQBt9m3_aVy1j7qq_smFimT0_xFFALQdrHzcQHz09GgHl-ypt9jEQ2uSTQhHZhWHZNuFVVz4jd79h7GM1FQa0g-R1_23iyekkUEX8UsVcQNdctkPq6Y7zTxqWJan910wwz2k9\/w400-h266\/ca9badd3-8ca9-48e8-bd0a-a8f7ee7c22e4.jpg\" width=\"400\" height=\"266\" border=\"0\" data-original-height=\"1066\" data-original-width=\"1600\" \/><\/a>\u00a0A Prefeitura de Afogados entregou novos fardamentos \u00e0s bandas marciais das Escolas Ana Melo, Dom Mota, Francisca Lira e Geraldo Cipriano. A banda da Gizelda Sim\u00f5es j\u00e1 havia recebido fardamento no ano passado. E este ano, de acordo com a secretaria de educa\u00e7\u00e3o de Afogados, Wivianne Fonseca, j\u00e1 foi providenciada a licita\u00e7\u00e3o para compra de instrumentos\u00a0 musicais para a cria\u00e7\u00e3o da banda marcial da Escola Padre Carlos Cottart.<\/div>\n<p style=\"text-align: justify;\">A entrega foi feita pelo Prefeito Sandrinho Palmeira e pelo seu vice, Daniel Valadares, no audit\u00f3rio da secretaria de educa\u00e7\u00e3o, na presen\u00e7a de m\u00fasicos, professores, gestores escolares e alunos integrantes das bandas.<\/p>\n<p style=\"text-align: justify;\">\u201cEssa parece uma a\u00e7\u00e3o simples, mas ouvimos relatos de professores sobre como a m\u00fasica ajuda no aprendizado das crian\u00e7as e adolescentes, na disciplina e na melhoria do conv\u00edvio dentro do ambiente escolar. Sem contar na melhora da autoestima durante as apresenta\u00e7\u00f5es. Esse ano j\u00e1 veremos esses novos fardamentos na avenida Rio Branco, durante o desfile de sete de setembro,\u201d destacou o Prefeito Sandrinho Palmeira.<\/p>\n<p style=\"text-align: justify;\">De acordo com a secretaria de educa\u00e7\u00e3o, foram investidos quase duzentos mil Reais na aquisi\u00e7\u00e3o de cal\u00e7as, blus\u00f5es, quepes e botas para as bandas das quatro escolas.<\/p>\n<p style=\"text-align: justify;\">Futmesa &#8211; na mesma solenidade, o Prefeito Sandrinho entregou bolas e mesa oficial para a pr\u00e1tica do \u201cFutmesa\u201d, atividade esportiva que vem ganhando popularidade e praticantes em todo o Brasil.<\/p>\n","protected":false},"excerpt":{"rendered":"<p>&nbsp;A Prefeitura de Afogados entregou novos fardamentos &agrave;s bandas marciais das Escolas Ana Melo, Dom Mota, Francisca Lira e Geraldo Cipriano. A banda da Gizelda Sim&otilde;es j&aacute; havia recebido fardamento no ano passado. E este ano, de acordo com a secretaria de educa&ccedil;&atilde;o de Afogados, Wivianne Fonseca, j&aacute; foi providenciada a licita&ccedil;&atilde;o para compra de &#8230; <a title=\"Prefeitura de Afogados entregou fardamentos a bandas marciais\" class=\"read-more\" href=\"https:\/\/blogdomarcellopatriota.com.br\/blog\/prefeitura-de-afogados-entregou-fardamentos-a-bandas-marciais\/\" aria-label=\"Read more about Prefeitura de Afogados entregou fardamentos a bandas marciais\">Ler mais<\/a><\/p>\n","protected":false},"author":2,"featured_media":0,"comment_status":"closed","ping_status":"closed","sticky":false,"template":"","format":"standard","meta":{"footnotes":""},"categories":[1],"tags":[],"class_list":["post-110198","post","type-post","status-publish","format-standard","hentry","category-sem-categoria"],"_links":{"self":[{"href":"https:\/\/blogdomarcellopatriota.com.br\/blog\/wp-json\/wp\/v2\/posts\/110198","targetHints":{"allow":["GET"]}}],"collection":[{"href":"https:\/\/blogdomarcellopatriota.com.br\/blog\/wp-json\/wp\/v2\/posts"}],"about":[{"href":"https:\/\/blogdomarcellopatriota.com.br\/blog\/wp-json\/wp\/v2\/types\/post"}],"author":[{"embeddable":true,"href":"https:\/\/blogdomarcellopatriota.com.br\/blog\/wp-json\/wp\/v2\/users\/2"}],"replies":[{"embeddable":true,"href":"https:\/\/blogdomarcellopatriota.com.br\/blog\/wp-json\/wp\/v2\/comments?post=110198"}],"version-history":[{"count":2,"href":"https:\/\/blogdomarcellopatriota.com.br\/blog\/wp-json\/wp\/v2\/posts\/110198\/revisions"}],"predecessor-version":[{"id":110214,"href":"https:\/\/blogdomarcellopatriota.com.br\/blog\/wp-json\/wp\/v2\/posts\/110198\/revisions\/110214"}],"wp:attachment":[{"href":"https:\/\/blogdomarcellopatriota.com.br\/blog\/wp-json\/wp\/v2\/media?parent=110198"}],"wp:term":[{"taxonomy":"category","embeddable":true,"href":"https:\/\/blogdomarcellopatriota.com.br\/blog\/wp-json\/wp\/v2\/categories?post=110198"},{"taxonomy":"post_tag","embeddable":true,"href":"https:\/\/blogdomarcellopatriota.com.br\/blog\/wp-json\/wp\/v2\/tags?post=110198"}],"curies":[{"name":"wp","href":"https:\/\/api.w.org\/{rel}","templated":true}]}}