{"id":110200,"date":"2026-09-04T16:47:46","date_gmt":"2026-09-04T19:47:46","guid":{"rendered":"https:\/\/blogdomarcellopatriota.com.br\/blog\/?p=110200"},"modified":"2026-09-04T16:47:46","modified_gmt":"2026-09-04T19:47:46","slug":"luciano-duque-fortalece-agenda-em-afogados-da-ingazeira-e-ingazeira-e-recebe-novos-apoios","status":"publish","type":"post","link":"https:\/\/blogdomarcellopatriota.com.br\/blog\/luciano-duque-fortalece-agenda-em-afogados-da-ingazeira-e-ingazeira-e-recebe-novos-apoios\/","title":{"rendered":"Luciano Duque fortalece agenda em Afogados da Ingazeira e Ingazeira e recebe novos apoios"},"content":{"rendered":"<div class=\"separator\" style=\"text-align: justify;\"><a href=\"https:\/\/blogger.googleusercontent.com\/img\/b\/R29vZ2xl\/AVvXsEgQiz2Ir-Vug2_rrMlknI62EvrBdST8MMLp_zByMCzs1y7KtM-t7kbh1FXGaQ8AM0NdNmjZUdQnm1z8-tOqtM_xI_P2RKU0T8l-pXMqdxYTWwjtctqa2O39UBd6kyJr3ru6pCmaLGbJhh_5V7ksCicykB6oOdoU6EpRIxLtTZ8XBjvYqfqwz6nLuaYMy6KF\/s1600\/b570e030-6a4c-4011-979b-0b2dc92cd94d.jpg\"><img fetchpriority=\"high\" decoding=\"async\" class=\"alignleft\" src=\"https:\/\/blogger.googleusercontent.com\/img\/b\/R29vZ2xl\/AVvXsEgQiz2Ir-Vug2_rrMlknI62EvrBdST8MMLp_zByMCzs1y7KtM-t7kbh1FXGaQ8AM0NdNmjZUdQnm1z8-tOqtM_xI_P2RKU0T8l-pXMqdxYTWwjtctqa2O39UBd6kyJr3ru6pCmaLGbJhh_5V7ksCicykB6oOdoU6EpRIxLtTZ8XBjvYqfqwz6nLuaYMy6KF\/w400-h266\/b570e030-6a4c-4011-979b-0b2dc92cd94d.jpg\" width=\"400\" height=\"266\" border=\"0\" data-original-height=\"1066\" data-original-width=\"1600\" \/><\/a>O deputado estadual Luciano Duque cumpriu, nesta sexta-feira (4), agenda no Sert\u00e3o do Paje\u00fa, acompanhado pelo candidato a deputado federal Miguel Duque, com atividades em Afogados da Ingazeira e Ingazeira. Ao lado da lideran\u00e7a M\u00e1rio Viana, o parlamentar visitou estabelecimentos comerciais no centro de Afogados da Ingazeira, conversou com comerciantes, trabalhadores e moradores e recebeu o apoio do empres\u00e1rio Tadeu Tavares.<\/div>\n<p style=\"text-align: justify;\">Na sequ\u00eancia, Luciano percorreu o com\u00e9rcio e a feira livre de Ingazeira, ampliando o di\u00e1logo com a popula\u00e7\u00e3o e ouvindo de perto as demandas de quem trabalha e movimenta a economia local. A caminhada contou com a presen\u00e7a das lideran\u00e7as Alcineide, Argemiro Jr. e Josias Corumba, al\u00e9m do vereador de Iguaracy Amaury da Ra\u00e7\u00e3o.<\/p>\n<p style=\"text-align: justify;\">\u201cEstar em Afogados da Ingazeira e em Ingazeira, conversar com as pessoas e receber esse carinho nos d\u00e1 ainda mais disposi\u00e7\u00e3o para seguir trabalhando pelo Paje\u00fa e por todo o interior. Agrade\u00e7o a todas as lideran\u00e7as que caminham conosco, mas, principalmente, a cada pessoa que nos recebeu e demonstrou sua confian\u00e7a no nosso trabalho\u201d, afirmou Luciano Duque.<\/p>\n<p>A agenda refor\u00e7a a presen\u00e7a de Luciano Duque no Sert\u00e3o do Paje\u00fa e a mobiliza\u00e7\u00e3o de lideran\u00e7as da regi\u00e3o em torno de sua caminhada.<\/p>\n","protected":false},"excerpt":{"rendered":"<p>O deputado estadual Luciano Duque cumpriu, nesta sexta-feira (4), agenda no Sert&atilde;o do Paje&uacute;, acompanhado pelo candidato a deputado federal Miguel Duque, com atividades em Afogados da Ingazeira e Ingazeira. Ao lado da lideran&ccedil;a M&aacute;rio Viana, o parlamentar visitou estabelecimentos comerciais no centro de Afogados da Ingazeira, conversou com comerciantes, trabalhadores e moradores e recebeu &#8230; <a title=\"Luciano Duque fortalece agenda em Afogados da Ingazeira e Ingazeira e recebe novos apoios\" class=\"read-more\" href=\"https:\/\/blogdomarcellopatriota.com.br\/blog\/luciano-duque-fortalece-agenda-em-afogados-da-ingazeira-e-ingazeira-e-recebe-novos-apoios\/\" aria-label=\"Read more about Luciano Duque fortalece agenda em Afogados da Ingazeira e Ingazeira e recebe novos apoios\">Ler mais<\/a><\/p>\n","protected":false},"author":2,"featured_media":0,"comment_status":"closed","ping_status":"closed","sticky":false,"template":"","format":"standard","meta":{"footnotes":""},"categories":[1],"tags":[],"class_list":["post-110200","post","type-post","status-publish","format-standard","hentry","category-sem-categoria"],"_links":{"self":[{"href":"https:\/\/blogdomarcellopatriota.com.br\/blog\/wp-json\/wp\/v2\/posts\/110200","targetHints":{"allow":["GET"]}}],"collection":[{"href":"https:\/\/blogdomarcellopatriota.com.br\/blog\/wp-json\/wp\/v2\/posts"}],"about":[{"href":"https:\/\/blogdomarcellopatriota.com.br\/blog\/wp-json\/wp\/v2\/types\/post"}],"author":[{"embeddable":true,"href":"https:\/\/blogdomarcellopatriota.com.br\/blog\/wp-json\/wp\/v2\/users\/2"}],"replies":[{"embeddable":true,"href":"https:\/\/blogdomarcellopatriota.com.br\/blog\/wp-json\/wp\/v2\/comments?post=110200"}],"version-history":[{"count":1,"href":"https:\/\/blogdomarcellopatriota.com.br\/blog\/wp-json\/wp\/v2\/posts\/110200\/revisions"}],"predecessor-version":[{"id":110201,"href":"https:\/\/blogdomarcellopatriota.com.br\/blog\/wp-json\/wp\/v2\/posts\/110200\/revisions\/110201"}],"wp:attachment":[{"href":"https:\/\/blogdomarcellopatriota.com.br\/blog\/wp-json\/wp\/v2\/media?parent=110200"}],"wp:term":[{"taxonomy":"category","embeddable":true,"href":"https:\/\/blogdomarcellopatriota.com.br\/blog\/wp-json\/wp\/v2\/categories?post=110200"},{"taxonomy":"post_tag","embeddable":true,"href":"https:\/\/blogdomarcellopatriota.com.br\/blog\/wp-json\/wp\/v2\/tags?post=110200"}],"curies":[{"name":"wp","href":"https:\/\/api.w.org\/{rel}","templated":true}]}}