{"id":110203,"date":"2026-09-04T16:59:31","date_gmt":"2026-09-04T19:59:31","guid":{"rendered":"https:\/\/blogdomarcellopatriota.com.br\/blog\/?p=110203"},"modified":"2026-09-04T16:59:56","modified_gmt":"2026-09-04T19:59:56","slug":"raquel-vira-ao-pajeu-em-agenda-que-inclui-triunfo-quixaba-afogados-e-tabira","status":"publish","type":"post","link":"https:\/\/blogdomarcellopatriota.com.br\/blog\/raquel-vira-ao-pajeu-em-agenda-que-inclui-triunfo-quixaba-afogados-e-tabira\/","title":{"rendered":"Raquel vir\u00e1 ao Paje\u00fa em agenda que inclui Triunfo, Quixaba, Afogados e Tabira, na quarta(08)"},"content":{"rendered":"<div class=\"featured-image mb-4 text-center\"><img fetchpriority=\"high\" decoding=\"async\" class=\"img-fluid wp-post-image alignleft\" src=\"https:\/\/i0.wp.com\/nilljunior.com.br\/wp-content\/uploads\/2026\/09\/Screenshot_20260904_073330_Instagram.jpg?fit=425%2C400&amp;ssl=1\" sizes=\"(max-width: 425px) 100vw, 425px\" srcset=\"https:\/\/i0.wp.com\/nilljunior.com.br\/wp-content\/uploads\/2026\/09\/Screenshot_20260904_073330_Instagram.jpg?w=1080&amp;ssl=1 1080w, https:\/\/i0.wp.com\/nilljunior.com.br\/wp-content\/uploads\/2026\/09\/Screenshot_20260904_073330_Instagram.jpg?resize=266%2C250&amp;ssl=1 266w, https:\/\/i0.wp.com\/nilljunior.com.br\/wp-content\/uploads\/2026\/09\/Screenshot_20260904_073330_Instagram.jpg?resize=425%2C400&amp;ssl=1 425w, https:\/\/i0.wp.com\/nilljunior.com.br\/wp-content\/uploads\/2026\/09\/Screenshot_20260904_073330_Instagram.jpg?resize=768%2C722&amp;ssl=1 768w\" alt=\"\" width=\"425\" height=\"400\" data-attachment-id=\"334561\" data-permalink=\"https:\/\/nilljunior.com.br\/raquel-vira-ao-pajeu-em-agenda-que-inclui-triunfo-quixaba-afogados-e-tabira\/screenshot_20260904_073330_instagram\/\" data-orig-file=\"https:\/\/i0.wp.com\/nilljunior.com.br\/wp-content\/uploads\/2026\/09\/Screenshot_20260904_073330_Instagram.jpg?fit=1080%2C1016&amp;ssl=1\" data-orig-size=\"1080,1016\" data-comments-opened=\"0\" data-image-meta=\"{&quot;aperture&quot;:&quot;0&quot;,&quot;credit&quot;:&quot;&quot;,&quot;camera&quot;:&quot;&quot;,&quot;caption&quot;:&quot;&quot;,&quot;created_timestamp&quot;:&quot;0&quot;,&quot;copyright&quot;:&quot;&quot;,&quot;focal_length&quot;:&quot;0&quot;,&quot;iso&quot;:&quot;0&quot;,&quot;shutter_speed&quot;:&quot;0&quot;,&quot;title&quot;:&quot;&quot;,&quot;orientation&quot;:&quot;0&quot;}\" data-image-title=\"Screenshot_20260904_073330_Instagram\" data-image-description=\"\" data-image-caption=\"\" data-large-file=\"https:\/\/i0.wp.com\/nilljunior.com.br\/wp-content\/uploads\/2026\/09\/Screenshot_20260904_073330_Instagram.jpg?fit=425%2C400&amp;ssl=1\" \/><\/div>\n<div class=\"entry-content\">\n<p>Do Blog Juliana Lima<\/p>\n<p style=\"text-align: justify;\">Como o blog j\u00e1 antecipou, em primeira m\u00e3o, a governadora de Pernambuco, Raquel Lyra, cumprir\u00e1 agenda em quatro cidades do Paje\u00fa na pr\u00f3xima quarta-feira (9).<\/p>\n<p style=\"text-align: justify;\">O roteiro, confirmado pelo gerente regional de articula\u00e7\u00e3o pol\u00edtica da Casa Civil, Edson Henrique, ser\u00e1 na seguinte ordem: Triunfo, Quixaba, Afogados da Ingazeira e Tabira.<\/p>\n<p style=\"text-align: justify;\">Em Triunfo, Raquel ser\u00e1 recebida pelo prefeito Luciano Bonfim. Em Quixaba, pelo prefeito Z\u00e9 Pretinho. Em Afogados da Ingazeira, a governadora ter\u00e1 agenda com o grupo de oposi\u00e7\u00e3o e outros aliados. J\u00e1 em Tabira, ser\u00e1 recebida pelo prefeito Fl\u00e1vio Marques.<\/p>\n<p style=\"text-align: justify;\">Das quatro cidades que ser\u00e3o visitadas, apenas em Afogados da Ingazeira o prefeito apoia o candidato da oposi\u00e7\u00e3o ao Governo de Pernambuco, Jo\u00e3o Campos.<\/p>\n<p style=\"text-align: justify;\">A defini\u00e7\u00e3o dos hor\u00e1rios e da programa\u00e7\u00e3o em cada munic\u00edpio ainda ser\u00e1 divulgada.<\/p>\n<\/div>\n","protected":false},"excerpt":{"rendered":"<p>Do Blog Juliana Lima Como o blog j&aacute; antecipou, em primeira m&atilde;o, a governadora de Pernambuco, Raquel Lyra, cumprir&aacute; agenda em quatro cidades do Paje&uacute; na pr&oacute;xima quarta-feira (9). O roteiro, confirmado pelo gerente regional de articula&ccedil;&atilde;o pol&iacute;tica da Casa Civil, Edson Henrique, ser&aacute; na seguinte ordem: Triunfo, Quixaba, Afogados da Ingazeira e Tabira. Em &#8230; <a title=\"Raquel vir\u00e1 ao Paje\u00fa em agenda que inclui Triunfo, Quixaba, Afogados e Tabira, na quarta(08)\" class=\"read-more\" href=\"https:\/\/blogdomarcellopatriota.com.br\/blog\/raquel-vira-ao-pajeu-em-agenda-que-inclui-triunfo-quixaba-afogados-e-tabira\/\" aria-label=\"Read more about Raquel vir\u00e1 ao Paje\u00fa em agenda que inclui Triunfo, Quixaba, Afogados e Tabira, na quarta(08)\">Ler mais<\/a><\/p>\n","protected":false},"author":2,"featured_media":0,"comment_status":"closed","ping_status":"closed","sticky":false,"template":"","format":"standard","meta":{"footnotes":""},"categories":[1],"tags":[],"class_list":["post-110203","post","type-post","status-publish","format-standard","hentry","category-sem-categoria"],"_links":{"self":[{"href":"https:\/\/blogdomarcellopatriota.com.br\/blog\/wp-json\/wp\/v2\/posts\/110203","targetHints":{"allow":["GET"]}}],"collection":[{"href":"https:\/\/blogdomarcellopatriota.com.br\/blog\/wp-json\/wp\/v2\/posts"}],"about":[{"href":"https:\/\/blogdomarcellopatriota.com.br\/blog\/wp-json\/wp\/v2\/types\/post"}],"author":[{"embeddable":true,"href":"https:\/\/blogdomarcellopatriota.com.br\/blog\/wp-json\/wp\/v2\/users\/2"}],"replies":[{"embeddable":true,"href":"https:\/\/blogdomarcellopatriota.com.br\/blog\/wp-json\/wp\/v2\/comments?post=110203"}],"version-history":[{"count":2,"href":"https:\/\/blogdomarcellopatriota.com.br\/blog\/wp-json\/wp\/v2\/posts\/110203\/revisions"}],"predecessor-version":[{"id":110205,"href":"https:\/\/blogdomarcellopatriota.com.br\/blog\/wp-json\/wp\/v2\/posts\/110203\/revisions\/110205"}],"wp:attachment":[{"href":"https:\/\/blogdomarcellopatriota.com.br\/blog\/wp-json\/wp\/v2\/media?parent=110203"}],"wp:term":[{"taxonomy":"category","embeddable":true,"href":"https:\/\/blogdomarcellopatriota.com.br\/blog\/wp-json\/wp\/v2\/categories?post=110203"},{"taxonomy":"post_tag","embeddable":true,"href":"https:\/\/blogdomarcellopatriota.com.br\/blog\/wp-json\/wp\/v2\/tags?post=110203"}],"curies":[{"name":"wp","href":"https:\/\/api.w.org\/{rel}","templated":true}]}}