{"id":110215,"date":"2026-09-05T11:19:21","date_gmt":"2026-09-05T14:19:21","guid":{"rendered":"https:\/\/blogdomarcellopatriota.com.br\/blog\/?p=110215"},"modified":"2026-09-05T11:19:21","modified_gmt":"2026-09-05T14:19:21","slug":"dr-junior-comemora-chegada-de-novo-trator-para-fortalecer-agricultura-em-ouro-velho-pb","status":"publish","type":"post","link":"https:\/\/blogdomarcellopatriota.com.br\/blog\/dr-junior-comemora-chegada-de-novo-trator-para-fortalecer-agricultura-em-ouro-velho-pb\/","title":{"rendered":"Dr. J\u00fanior comemora chegada de novo trator para fortalecer agricultura em Ouro Velho-PB"},"content":{"rendered":"<p style=\"text-align: justify;\"><img fetchpriority=\"high\" decoding=\"async\" class=\"alignleft\" src=\"https:\/\/blogger.googleusercontent.com\/img\/b\/R29vZ2xl\/AVvXsEh44g5sqUQGqGODuMu1kGxcIWCg4ZSldNBB4YwHxzcc5cIhEuFaKXzntZWLT3Y2-fcdgRRlukSFRk9rdjFvn4uh1J76wSZunTj0yj8DjMjScoyKR917bSCEFHQuvHo6eFcMqGgs8zUH7XqQecX1h1QarbNrmloE6rc4EjvHP3ueJ4v2WZ4s6tKOQptWLbKc\/w640-h432-rw\/1003005127.jpg\" width=\"396\" height=\"268\" \/>A Prefeitura de Ouro Velho ampliou a estrutura de apoio aos produtores rurais do munic\u00edpio com a chegada de mais um trator, acompanhado de uma grade de ara\u00e7\u00e3o e um carro\u00e7\u00e3o. A conquista foi comemorada pelo prefeito Dr. J\u00fanior, que destacou os investimentos realizados para fortalecer o homem e a mulher do campo.<\/p>\n<p style=\"text-align: justify;\">Os novos equipamentos passam a refor\u00e7ar a frota dispon\u00edvel para atender \u00e0s demandas da agricultura local, contribuindo principalmente com os servi\u00e7os de prepara\u00e7\u00e3o do solo e outras atividades desenvolvidas nas propriedades rurais.<\/p>\n<p style=\"text-align: justify;\">Para o prefeito Dr. J\u00fanior, a chegada do maquin\u00e1rio representa mais um avan\u00e7o para o setor agr\u00edcola do munic\u00edpio.<\/p>\n<p style=\"text-align: justify;\">\u201c\u00c9 mais uma importante conquista para Ouro Velho e, especialmente, para os nossos agricultores. Esse trator, juntamente com a grade de ara\u00e7\u00e3o e o carro\u00e7\u00e3o, vai ampliar nossa capacidade de atender quem vive e produz no campo. Seguimos trabalhando para oferecer melhores condi\u00e7\u00f5es e fortalecer cada vez mais a agricultura do nosso munic\u00edpio\u201d, destacou o prefeito.<\/p>\n<p style=\"text-align: justify;\">Dr. J\u00fanior tamb\u00e9m agradeceu ao deputado federal Wilson Santiago e ao deputado estadual Wilson Santiago Filho pela parceria e pelo apoio destinado ao munic\u00edpio.<\/p>\n<p style=\"text-align: justify;\">\u201cQuero agradecer ao deputado federal Wilson Santiago e ao deputado estadual Wilson Santiago Filho, que t\u00eam sido grandes parceiros de Ouro Velho. S\u00e3o parcerias como essas que nos ajudam a continuar trazendo investimentos e benef\u00edcios para nossa popula\u00e7\u00e3o\u201d, afirmou.<\/p>\n<p style=\"text-align: justify;\">A gest\u00e3o municipal destacou que continuar\u00e1 buscando novos investimentos e parcerias para ampliar a assist\u00eancia aos produtores e fortalecer o desenvolvimento da zona rural de Ouro Velho.<\/p>\n","protected":false},"excerpt":{"rendered":"<p>A Prefeitura de Ouro Velho ampliou a estrutura de apoio aos produtores rurais do munic&iacute;pio com a chegada de mais um trator, acompanhado de uma grade de ara&ccedil;&atilde;o e um carro&ccedil;&atilde;o. A conquista foi comemorada pelo prefeito Dr. J&uacute;nior, que destacou os investimentos realizados para fortalecer o homem e a mulher do campo. Os novos &#8230; <a title=\"Dr. J\u00fanior comemora chegada de novo trator para fortalecer agricultura em Ouro Velho-PB\" class=\"read-more\" href=\"https:\/\/blogdomarcellopatriota.com.br\/blog\/dr-junior-comemora-chegada-de-novo-trator-para-fortalecer-agricultura-em-ouro-velho-pb\/\" aria-label=\"Read more about Dr. J\u00fanior comemora chegada de novo trator para fortalecer agricultura em Ouro Velho-PB\">Ler mais<\/a><\/p>\n","protected":false},"author":2,"featured_media":0,"comment_status":"closed","ping_status":"closed","sticky":false,"template":"","format":"standard","meta":{"footnotes":""},"categories":[1],"tags":[],"class_list":["post-110215","post","type-post","status-publish","format-standard","hentry","category-sem-categoria"],"_links":{"self":[{"href":"https:\/\/blogdomarcellopatriota.com.br\/blog\/wp-json\/wp\/v2\/posts\/110215","targetHints":{"allow":["GET"]}}],"collection":[{"href":"https:\/\/blogdomarcellopatriota.com.br\/blog\/wp-json\/wp\/v2\/posts"}],"about":[{"href":"https:\/\/blogdomarcellopatriota.com.br\/blog\/wp-json\/wp\/v2\/types\/post"}],"author":[{"embeddable":true,"href":"https:\/\/blogdomarcellopatriota.com.br\/blog\/wp-json\/wp\/v2\/users\/2"}],"replies":[{"embeddable":true,"href":"https:\/\/blogdomarcellopatriota.com.br\/blog\/wp-json\/wp\/v2\/comments?post=110215"}],"version-history":[{"count":1,"href":"https:\/\/blogdomarcellopatriota.com.br\/blog\/wp-json\/wp\/v2\/posts\/110215\/revisions"}],"predecessor-version":[{"id":110216,"href":"https:\/\/blogdomarcellopatriota.com.br\/blog\/wp-json\/wp\/v2\/posts\/110215\/revisions\/110216"}],"wp:attachment":[{"href":"https:\/\/blogdomarcellopatriota.com.br\/blog\/wp-json\/wp\/v2\/media?parent=110215"}],"wp:term":[{"taxonomy":"category","embeddable":true,"href":"https:\/\/blogdomarcellopatriota.com.br\/blog\/wp-json\/wp\/v2\/categories?post=110215"},{"taxonomy":"post_tag","embeddable":true,"href":"https:\/\/blogdomarcellopatriota.com.br\/blog\/wp-json\/wp\/v2\/tags?post=110215"}],"curies":[{"name":"wp","href":"https:\/\/api.w.org\/{rel}","templated":true}]}}