{"id":110222,"date":"2026-09-05T19:01:42","date_gmt":"2026-09-05T22:01:42","guid":{"rendered":"https:\/\/blogdomarcellopatriota.com.br\/blog\/?p=110222"},"modified":"2026-09-05T19:01:42","modified_gmt":"2026-09-05T22:01:42","slug":"brejinho-celebra-a-independencia-com-desfile-que-emociona-o-publico-e-exalta-a-diversidade-brasileira","status":"publish","type":"post","link":"https:\/\/blogdomarcellopatriota.com.br\/blog\/brejinho-celebra-a-independencia-com-desfile-que-emociona-o-publico-e-exalta-a-diversidade-brasileira\/","title":{"rendered":"Brejinho celebra a Independ\u00eancia com desfile que emociona o p\u00fablico e exalta a diversidade brasileira"},"content":{"rendered":"<p style=\"text-align: justify;\"><img decoding=\"async\" class=\"aligncenter\" src=\"https:\/\/scontent.fcpv2-2.fna.fbcdn.net\/v\/t39.99422-6\/797957273_2071765173440456_6467104379936414092_n.png?stp=dst-jpg_tt6&amp;cstp=mx1280x853&amp;ctp=s1280x853&amp;_nc_cat=105&amp;ccb=1-7&amp;_nc_sid=127cfc&amp;_nc_ohc=_tphmAgR82IQ7kNvwHqs01r&amp;_nc_oc=AdqwPQkIaEFMu0ErJLHyvgzX_jAXAKeV-ZnBAOiaCKE59UcvPBaFe0KMAq78CypGACrRt-JV_HT-i6f_qe3mJEQ4&amp;_nc_zt=14&amp;_nc_ht=scontent.fcpv2-2.fna&amp;_nc_gid=MfqcvypQ3QZX7wEQ_-9CPQ&amp;_nc_ss=7b2a8&amp;oh=00_AQKBKbB_JRbQaFtDpxr5UXCOKgpN06nBaaYRhXrCP7h7lQ&amp;oe=6AA269AC\" alt=\"Pode ser uma imagem de clarinete e trompete\" \/><img fetchpriority=\"high\" decoding=\"async\" class=\"alignright\" src=\"https:\/\/scontent.fcpv2-2.fna.fbcdn.net\/v\/t39.99422-6\/797644918_834334113035321_24286764716305009_n.png?stp=dst-jpg_tt6&amp;cstp=mx1080x1350&amp;ctp=s1080x1350&amp;_nc_cat=105&amp;ccb=1-7&amp;_nc_sid=127cfc&amp;_nc_ohc=ZL47-0x38eQQ7kNvwF2gKkS&amp;_nc_oc=AdpynQs_SgC0E2zx4GyD7KZ5u33oqVJGC9Ot0efbGpzE1S6nHMYpqkde9RFBSp2CcA5Sleoz20E8kuQCTKIZut6n&amp;_nc_zt=14&amp;_nc_ht=scontent.fcpv2-2.fna&amp;_nc_gid=46RVnoOVsfcfpA77lzTT9A&amp;_nc_ss=7b2a8&amp;oh=00_AQKkcJgJ4m_1vdn51LfmwIisv8atnFsPFB91s6n9opl5fA&amp;oe=6AA27353\" alt=\"Pode ser uma imagem de uma ou mais pessoas e texto\" width=\"519\" height=\"649\" \/>Brejinho realizou, na tarde desta sexta-feira (04), mais um tradicional &#8216;Desfile da Independ\u00eancia&#8217;, reunindo estudantes, professores, fam\u00edlias e a popula\u00e7\u00e3o pelas ruas do centro da cidade. O evento, que j\u00e1 faz parte do calend\u00e1rio educacional e cultural do munic\u00edpio, teve como tema em 2026 \u201cBrasil de Norte a Sul: Um Pa\u00eds, Culturas Mil!!!\u201d, valorizando a diversidade cultural e as diferentes identidades que formam o Brasil.<\/p>\n<p style=\"text-align: justify;\">A organiza\u00e7\u00e3o ficou por conta da Escola Municipal S\u00e3o Sebasti\u00e3o, maior centro educacional do munic\u00edpio e institui\u00e7\u00e3o que h\u00e1 d\u00e9cadas mant\u00e9m viva a tradi\u00e7\u00e3o da realiza\u00e7\u00e3o do desfile c\u00edvico em Brejinho.<\/p>\n<p style=\"text-align: justify;\">Os pelot\u00f5es deram um verdadeiro show \u00e0 parte. Com apresenta\u00e7\u00f5es cuidadosamente preparadas, os estudantes encantaram o p\u00fablico, que acompanhou cada momento com entusiasmo e muitos aplausos. Figurinos, coreografias, m\u00fasicas e representa\u00e7\u00f5es culturais deram brilho ao evento e transformaram as ruas do centro da cidade em um grande palco de celebra\u00e7\u00e3o \u00e0 P\u00e1tria.<\/p>\n<p style=\"text-align: justify;\">Durante o evento, o secret\u00e1rio municipal de Educa\u00e7\u00e3o, Abrah\u00e3o Filho, justificou a aus\u00eancia do prefeito Gilson Bento, que se encontra em viagem, e destacou o simbolismo do desfile para a comunidade escolar e para o munic\u00edpio. O secret\u00e1rio tamb\u00e9m ressaltou a dedica\u00e7\u00e3o de professores, gestores, alunos, servidores e de todos os envolvidos na organiza\u00e7\u00e3o.<\/p>\n<p style=\"text-align: justify;\">Abrah\u00e3o Filho agradeceu o empenho de toda a equipe e afirmou que a educa\u00e7\u00e3o de Brejinho est\u00e1 no caminho certo, avan\u00e7ando e alcan\u00e7ando resultados importantes nos sistemas de avalia\u00e7\u00e3o educacional, a exemplo do IDEB e do IDEPE.<\/p>\n<p style=\"text-align: justify;\">E as comemora\u00e7\u00f5es da Independ\u00eancia continuam. Na pr\u00f3xima segunda-feira (07), ser\u00e1 a vez das escolas Manoel Francisco dos Santos, de Vila de F\u00e1tima, e Severina Travasso de Lucena de Lagoinha, realizarem seus desfiles c\u00edvicos, levando novamente estudantes e comunidade \u00e0s ruas para celebrar a Independ\u00eancia do Brasil.<\/p>\n","protected":false},"excerpt":{"rendered":"<p>Brejinho realizou, na tarde desta sexta-feira (04), mais um tradicional &lsquo;Desfile da Independ&ecirc;ncia&rsquo;, reunindo estudantes, professores, fam&iacute;lias e a popula&ccedil;&atilde;o pelas ruas do centro da cidade. O evento, que j&aacute; faz parte do calend&aacute;rio educacional e cultural do munic&iacute;pio, teve como tema em 2026 &ldquo;Brasil de Norte a Sul: Um Pa&iacute;s, Culturas Mil!!!&rdquo;, valorizando a &#8230; <a title=\"Brejinho celebra a Independ\u00eancia com desfile que emociona o p\u00fablico e exalta a diversidade brasileira\" class=\"read-more\" href=\"https:\/\/blogdomarcellopatriota.com.br\/blog\/brejinho-celebra-a-independencia-com-desfile-que-emociona-o-publico-e-exalta-a-diversidade-brasileira\/\" aria-label=\"Read more about Brejinho celebra a Independ\u00eancia com desfile que emociona o p\u00fablico e exalta a diversidade brasileira\">Ler mais<\/a><\/p>\n","protected":false},"author":2,"featured_media":0,"comment_status":"closed","ping_status":"closed","sticky":false,"template":"","format":"standard","meta":{"footnotes":""},"categories":[1],"tags":[],"class_list":["post-110222","post","type-post","status-publish","format-standard","hentry","category-sem-categoria"],"_links":{"self":[{"href":"https:\/\/blogdomarcellopatriota.com.br\/blog\/wp-json\/wp\/v2\/posts\/110222","targetHints":{"allow":["GET"]}}],"collection":[{"href":"https:\/\/blogdomarcellopatriota.com.br\/blog\/wp-json\/wp\/v2\/posts"}],"about":[{"href":"https:\/\/blogdomarcellopatriota.com.br\/blog\/wp-json\/wp\/v2\/types\/post"}],"author":[{"embeddable":true,"href":"https:\/\/blogdomarcellopatriota.com.br\/blog\/wp-json\/wp\/v2\/users\/2"}],"replies":[{"embeddable":true,"href":"https:\/\/blogdomarcellopatriota.com.br\/blog\/wp-json\/wp\/v2\/comments?post=110222"}],"version-history":[{"count":2,"href":"https:\/\/blogdomarcellopatriota.com.br\/blog\/wp-json\/wp\/v2\/posts\/110222\/revisions"}],"predecessor-version":[{"id":110226,"href":"https:\/\/blogdomarcellopatriota.com.br\/blog\/wp-json\/wp\/v2\/posts\/110222\/revisions\/110226"}],"wp:attachment":[{"href":"https:\/\/blogdomarcellopatriota.com.br\/blog\/wp-json\/wp\/v2\/media?parent=110222"}],"wp:term":[{"taxonomy":"category","embeddable":true,"href":"https:\/\/blogdomarcellopatriota.com.br\/blog\/wp-json\/wp\/v2\/categories?post=110222"},{"taxonomy":"post_tag","embeddable":true,"href":"https:\/\/blogdomarcellopatriota.com.br\/blog\/wp-json\/wp\/v2\/tags?post=110222"}],"curies":[{"name":"wp","href":"https:\/\/api.w.org\/{rel}","templated":true}]}}