{"id":110224,"date":"2026-09-05T18:59:02","date_gmt":"2026-09-05T21:59:02","guid":{"rendered":"https:\/\/blogdomarcellopatriota.com.br\/blog\/?p=110224"},"modified":"2026-09-05T18:59:54","modified_gmt":"2026-09-05T21:59:54","slug":"em-serra-talhada-primeira-noite-da-festa-de-setembro-reune-cerca-de-30-mil-pessoas","status":"publish","type":"post","link":"https:\/\/blogdomarcellopatriota.com.br\/blog\/em-serra-talhada-primeira-noite-da-festa-de-setembro-reune-cerca-de-30-mil-pessoas\/","title":{"rendered":"Em Serra Talhada, primeira noite da Festa de Setembro re\u00fane cerca de 30 mil pessoas"},"content":{"rendered":"<div class=\"chamada text-center mb-3\"><img fetchpriority=\"high\" decoding=\"async\" class=\"attachment-large size-large wp-post-image alignleft\" src=\"https:\/\/i0.wp.com\/nilljunior.com.br\/wp-content\/uploads\/2026\/09\/5a9ce61e-767b-4044-a7c5-dab4253e7df0-scaled.jpeg?fit=600%2C313&amp;ssl=1\" sizes=\"auto, (max-width: 600px) 100vw, 600px\" srcset=\"https:\/\/i0.wp.com\/nilljunior.com.br\/wp-content\/uploads\/2026\/09\/5a9ce61e-767b-4044-a7c5-dab4253e7df0-scaled.jpeg?w=2560&amp;ssl=1 2560w, https:\/\/i0.wp.com\/nilljunior.com.br\/wp-content\/uploads\/2026\/09\/5a9ce61e-767b-4044-a7c5-dab4253e7df0-scaled.jpeg?resize=300%2C156&amp;ssl=1 300w, https:\/\/i0.wp.com\/nilljunior.com.br\/wp-content\/uploads\/2026\/09\/5a9ce61e-767b-4044-a7c5-dab4253e7df0-scaled.jpeg?resize=600%2C313&amp;ssl=1 600w, https:\/\/i0.wp.com\/nilljunior.com.br\/wp-content\/uploads\/2026\/09\/5a9ce61e-767b-4044-a7c5-dab4253e7df0-scaled.jpeg?resize=768%2C400&amp;ssl=1 768w, https:\/\/i0.wp.com\/nilljunior.com.br\/wp-content\/uploads\/2026\/09\/5a9ce61e-767b-4044-a7c5-dab4253e7df0-scaled.jpeg?resize=1536%2C800&amp;ssl=1 1536w, https:\/\/i0.wp.com\/nilljunior.com.br\/wp-content\/uploads\/2026\/09\/5a9ce61e-767b-4044-a7c5-dab4253e7df0-scaled.jpeg?resize=2048%2C1067&amp;ssl=1 2048w\" alt=\"\" width=\"600\" height=\"313\" data-attachment-id=\"334707\" data-permalink=\"https:\/\/nilljunior.com.br\/em-serra-talhada-primeira-noite-da-festa-de-setembro-reune-cerca-de-30-mil-pessoas\/5a9ce61e-767b-4044-a7c5-dab4253e7df0\/\" data-orig-file=\"https:\/\/i0.wp.com\/nilljunior.com.br\/wp-content\/uploads\/2026\/09\/5a9ce61e-767b-4044-a7c5-dab4253e7df0-scaled.jpeg?fit=2560%2C1333&amp;ssl=1\" data-orig-size=\"2560,1333\" data-comments-opened=\"0\" data-image-meta=\"{&quot;aperture&quot;:&quot;0&quot;,&quot;credit&quot;:&quot;&quot;,&quot;camera&quot;:&quot;&quot;,&quot;caption&quot;:&quot;&quot;,&quot;created_timestamp&quot;:&quot;1788632396&quot;,&quot;copyright&quot;:&quot;&quot;,&quot;focal_length&quot;:&quot;0&quot;,&quot;iso&quot;:&quot;0&quot;,&quot;shutter_speed&quot;:&quot;0&quot;,&quot;title&quot;:&quot;&quot;,&quot;orientation&quot;:&quot;0&quot;}\" data-image-title=\"5a9ce61e-767b-4044-a7c5-dab4253e7df0\" data-image-description=\"\" data-image-caption=\"\" data-large-file=\"https:\/\/i0.wp.com\/nilljunior.com.br\/wp-content\/uploads\/2026\/09\/5a9ce61e-767b-4044-a7c5-dab4253e7df0-scaled.jpeg?fit=600%2C313&amp;ssl=1\" \/><\/div>\n<p style=\"text-align: justify;\">Programa\u00e7\u00e3o na Lagoa Maria Tim\u00f3teo teve shows de Z\u00e9 Vaqueiro, Henry Freitas, Kelly Freitas e Wilton Bello nessa sexta-feira (4).<\/p>\n<p style=\"text-align: justify;\">O primeiro dia de shows do Polo Nacional da Festa de Setembro reuniu mais de 30 mil pessoas, segundo estimativa divulgada pela Prefeitura de Serra Talhada. A programa\u00e7\u00e3o foi realizada nessa sexta-feira (4), na Lagoa Maria Tim\u00f3teo.<\/p>\n<p style=\"text-align: justify;\">Subiram ao palco Z\u00e9 Vaqueiro, Henry Freitas, Kelly Freitas e Wilton Bello.<\/p>\n<p style=\"text-align: justify;\">A prefeita M\u00e1rcia Conrado comentou a realiza\u00e7\u00e3o do evento e destacou a expectativa de impacto da programa\u00e7\u00e3o sobre o com\u00e9rcio e os servi\u00e7os do munic\u00edpio.<\/p>\n<p style=\"text-align: justify;\">\u201c\u00c9 uma alegria muito grande ver a nossa Festa de Setembro reunindo milhares de pessoas [\u2026] e movimentando a economia\u201d, afirmou.<\/p>\n<p style=\"text-align: justify;\">A programa\u00e7\u00e3o do Polo Nacional continua neste s\u00e1bado (5). Est\u00e3o previstos shows de Wesley Safad\u00e3o, Taty Girl, Jo\u00e3o Pedro e Lucas, al\u00e9m de outras atra\u00e7\u00f5es.<\/p>\n<p style=\"text-align: justify;\">M\u00e1rcia tamb\u00e9m convidou moradores de Serra Talhada e de outros munic\u00edpios para acompanhar a programa\u00e7\u00e3o deste s\u00e1bado.<\/p>\n","protected":false},"excerpt":{"rendered":"<p>Programa&ccedil;&atilde;o na Lagoa Maria Tim&oacute;teo teve shows de Z&eacute; Vaqueiro, Henry Freitas, Kelly Freitas e Wilton Bello nessa sexta-feira (4). O primeiro dia de shows do Polo Nacional da Festa de Setembro reuniu mais de 30 mil pessoas, segundo estimativa divulgada pela Prefeitura de Serra Talhada. A programa&ccedil;&atilde;o foi realizada nessa sexta-feira (4), na Lagoa &#8230; <a title=\"Em Serra Talhada, primeira noite da Festa de Setembro re\u00fane cerca de 30 mil pessoas\" class=\"read-more\" href=\"https:\/\/blogdomarcellopatriota.com.br\/blog\/em-serra-talhada-primeira-noite-da-festa-de-setembro-reune-cerca-de-30-mil-pessoas\/\" aria-label=\"Read more about Em Serra Talhada, primeira noite da Festa de Setembro re\u00fane cerca de 30 mil pessoas\">Ler mais<\/a><\/p>\n","protected":false},"author":2,"featured_media":0,"comment_status":"closed","ping_status":"closed","sticky":false,"template":"","format":"standard","meta":{"footnotes":""},"categories":[1],"tags":[],"class_list":["post-110224","post","type-post","status-publish","format-standard","hentry","category-sem-categoria"],"_links":{"self":[{"href":"https:\/\/blogdomarcellopatriota.com.br\/blog\/wp-json\/wp\/v2\/posts\/110224","targetHints":{"allow":["GET"]}}],"collection":[{"href":"https:\/\/blogdomarcellopatriota.com.br\/blog\/wp-json\/wp\/v2\/posts"}],"about":[{"href":"https:\/\/blogdomarcellopatriota.com.br\/blog\/wp-json\/wp\/v2\/types\/post"}],"author":[{"embeddable":true,"href":"https:\/\/blogdomarcellopatriota.com.br\/blog\/wp-json\/wp\/v2\/users\/2"}],"replies":[{"embeddable":true,"href":"https:\/\/blogdomarcellopatriota.com.br\/blog\/wp-json\/wp\/v2\/comments?post=110224"}],"version-history":[{"count":1,"href":"https:\/\/blogdomarcellopatriota.com.br\/blog\/wp-json\/wp\/v2\/posts\/110224\/revisions"}],"predecessor-version":[{"id":110225,"href":"https:\/\/blogdomarcellopatriota.com.br\/blog\/wp-json\/wp\/v2\/posts\/110224\/revisions\/110225"}],"wp:attachment":[{"href":"https:\/\/blogdomarcellopatriota.com.br\/blog\/wp-json\/wp\/v2\/media?parent=110224"}],"wp:term":[{"taxonomy":"category","embeddable":true,"href":"https:\/\/blogdomarcellopatriota.com.br\/blog\/wp-json\/wp\/v2\/categories?post=110224"},{"taxonomy":"post_tag","embeddable":true,"href":"https:\/\/blogdomarcellopatriota.com.br\/blog\/wp-json\/wp\/v2\/tags?post=110224"}],"curies":[{"name":"wp","href":"https:\/\/api.w.org\/{rel}","templated":true}]}}