{"id":110227,"date":"2026-09-05T19:12:10","date_gmt":"2026-09-05T22:12:10","guid":{"rendered":"https:\/\/blogdomarcellopatriota.com.br\/blog\/?p=110227"},"modified":"2026-09-05T19:12:10","modified_gmt":"2026-09-05T22:12:10","slug":"ete-celia-siqueira-de-sjegito-1o-lugar-entre-as-escolas-tecnicas-estaduais-de-pernambuco","status":"publish","type":"post","link":"https:\/\/blogdomarcellopatriota.com.br\/blog\/ete-celia-siqueira-de-sjegito-1o-lugar-entre-as-escolas-tecnicas-estaduais-de-pernambuco\/","title":{"rendered":"ETE C\u00e9lia Siqueira de SJEgito, 1\u00ba lugar entre as Escolas T\u00e9cnicas Estaduais de Pernambuco"},"content":{"rendered":"<p><img fetchpriority=\"high\" decoding=\"async\" class=\"alignleft\" src=\"https:\/\/scontent.fcpv2-2.fna.fbcdn.net\/v\/t39.30808-6\/790803655_28035486332814463_7631472202809448308_n.jpg?stp=dst-jpg_tt6&amp;cstp=mx800x450&amp;ctp=s800x450&amp;_nc_cat=105&amp;ccb=1-7&amp;_nc_sid=bd9a62&amp;_nc_eui2=AeFbIhn-L7HBvFTScA-eZBL1vTvVFUFOAyO9O9UVQU4DI7Hnx5r4cLX8Ec-zdjZZzHYFbHfhVQCIeXXZ4pDgQUjQ&amp;_nc_ohc=dEZzPYmEwaQQ7kNvwFtAklH&amp;_nc_oc=AdrH0PuYpUT3JzlcDsZI618i4K2jOfAOcU2dLInCroiuFUViFgWt199OuBsvXZhiUNuXbFx1hinwJAN2H0kN5SeS&amp;_nc_pt=1&amp;_nc_zt=23&amp;_nc_ht=scontent.fcpv2-2.fna&amp;_nc_gid=c7FfDvrQlSBYBDZSsHXH9w&amp;_nc_ss=7b2a8&amp;oh=00_AQKXdQg9VzdGoo9QUN_MWLmguXfwG3jTB9mgyfDGl4Rhcg&amp;oe=6AA26C1C\" alt=\"Pode ser uma imagem de uma ou mais pessoas e texto que diz &quot;ETE ETE A CHCA ESTADUAL ROFESSORA CELIA SIQUEIRA&quot;\" width=\"428\" height=\"241\" \/>ETE Prof\u00aa C\u00e9lia Siqueira se destaca nos resultados do SAEPE<\/p>\n<p style=\"text-align: justify;\">A ETE Prof\u00aa C\u00e9lia Siqueira comemora mais uma importante conquista na educa\u00e7\u00e3o p\u00fablica. Os resultados mais recentes do SAEPE confirmam o excelente desempenho da escola e evidenciam o trabalho desenvolvido diariamente por estudantes, professores, equipe gestora e toda a comunidade escolar.<\/p>\n<p style=\"text-align: justify;\">Al\u00e9m de apresentar desempenho superior \u00e0s refer\u00eancias de Pernambuco e do Brasil, a escola alcan\u00e7ou o 1\u00ba lugar entre as Escolas T\u00e9cnicas Estaduais de Pernambuco, consolidando-se como uma das institui\u00e7\u00f5es de destaque da Rede Estadual.<\/p>\n<p style=\"text-align: justify;\">O resultado \u00e9 fruto de um trabalho coletivo marcado pelo compromisso com a aprendizagem, acompanhamento pedag\u00f3gico, dedica\u00e7\u00e3o dos estudantes e atua\u00e7\u00e3o permanente dos profissionais da escola.<\/p>\n<p style=\"text-align: justify;\">Mais do que n\u00fameros, os indicadores representam avan\u00e7os concretos na aprendizagem e refor\u00e7am a responsabilidade da ETE Prof\u00aa C\u00e9lia Siqueira em continuar oferecendo uma educa\u00e7\u00e3o p\u00fablica de qualidade, capaz de ampliar oportunidades e transformar trajet\u00f3rias.<\/p>\n<p style=\"text-align: justify;\">Parab\u00e9ns a todos que fazem parte dessa conquista!<\/p>\n","protected":false},"excerpt":{"rendered":"<p>ETE Prof&ordf; C&eacute;lia Siqueira se destaca nos resultados do SAEPE A ETE Prof&ordf; C&eacute;lia Siqueira comemora mais uma importante conquista na educa&ccedil;&atilde;o p&uacute;blica. Os resultados mais recentes do SAEPE confirmam o excelente desempenho da escola e evidenciam o trabalho desenvolvido diariamente por estudantes, professores, equipe gestora e toda a comunidade escolar. Al&eacute;m de apresentar desempenho &#8230; <a title=\"ETE C\u00e9lia Siqueira de SJEgito, 1\u00ba lugar entre as Escolas T\u00e9cnicas Estaduais de Pernambuco\" class=\"read-more\" href=\"https:\/\/blogdomarcellopatriota.com.br\/blog\/ete-celia-siqueira-de-sjegito-1o-lugar-entre-as-escolas-tecnicas-estaduais-de-pernambuco\/\" aria-label=\"Read more about ETE C\u00e9lia Siqueira de SJEgito, 1\u00ba lugar entre as Escolas T\u00e9cnicas Estaduais de Pernambuco\">Ler mais<\/a><\/p>\n","protected":false},"author":2,"featured_media":0,"comment_status":"closed","ping_status":"closed","sticky":false,"template":"","format":"standard","meta":{"footnotes":""},"categories":[1],"tags":[],"class_list":["post-110227","post","type-post","status-publish","format-standard","hentry","category-sem-categoria"],"_links":{"self":[{"href":"https:\/\/blogdomarcellopatriota.com.br\/blog\/wp-json\/wp\/v2\/posts\/110227","targetHints":{"allow":["GET"]}}],"collection":[{"href":"https:\/\/blogdomarcellopatriota.com.br\/blog\/wp-json\/wp\/v2\/posts"}],"about":[{"href":"https:\/\/blogdomarcellopatriota.com.br\/blog\/wp-json\/wp\/v2\/types\/post"}],"author":[{"embeddable":true,"href":"https:\/\/blogdomarcellopatriota.com.br\/blog\/wp-json\/wp\/v2\/users\/2"}],"replies":[{"embeddable":true,"href":"https:\/\/blogdomarcellopatriota.com.br\/blog\/wp-json\/wp\/v2\/comments?post=110227"}],"version-history":[{"count":2,"href":"https:\/\/blogdomarcellopatriota.com.br\/blog\/wp-json\/wp\/v2\/posts\/110227\/revisions"}],"predecessor-version":[{"id":110229,"href":"https:\/\/blogdomarcellopatriota.com.br\/blog\/wp-json\/wp\/v2\/posts\/110227\/revisions\/110229"}],"wp:attachment":[{"href":"https:\/\/blogdomarcellopatriota.com.br\/blog\/wp-json\/wp\/v2\/media?parent=110227"}],"wp:term":[{"taxonomy":"category","embeddable":true,"href":"https:\/\/blogdomarcellopatriota.com.br\/blog\/wp-json\/wp\/v2\/categories?post=110227"},{"taxonomy":"post_tag","embeddable":true,"href":"https:\/\/blogdomarcellopatriota.com.br\/blog\/wp-json\/wp\/v2\/tags?post=110227"}],"curies":[{"name":"wp","href":"https:\/\/api.w.org\/{rel}","templated":true}]}}