{"id":110230,"date":"2026-09-06T00:13:18","date_gmt":"2026-09-06T03:13:18","guid":{"rendered":"https:\/\/blogdomarcellopatriota.com.br\/blog\/?p=110230"},"modified":"2026-09-06T00:13:18","modified_gmt":"2026-09-06T03:13:18","slug":"coluna-do-domingao-campanha-em-pernambuco-caiu-de-nivel","status":"publish","type":"post","link":"https:\/\/blogdomarcellopatriota.com.br\/blog\/coluna-do-domingao-campanha-em-pernambuco-caiu-de-nivel\/","title":{"rendered":"Coluna do Doming\u00e3o: campanha em Pernambuco caiu de n\u00edvel"},"content":{"rendered":"<div class=\"featured-image mb-4 text-center\"><img fetchpriority=\"high\" decoding=\"async\" class=\"img-fluid wp-post-image alignleft\" src=\"https:\/\/i0.wp.com\/nilljunior.com.br\/wp-content\/uploads\/2026\/09\/Screenshot_20260905_182945_ChatGPT.jpg?fit=400%2C400&amp;ssl=1\" sizes=\"(max-width: 400px) 100vw, 400px\" srcset=\"https:\/\/i0.wp.com\/nilljunior.com.br\/wp-content\/uploads\/2026\/09\/Screenshot_20260905_182945_ChatGPT.jpg?w=1079&amp;ssl=1 1079w, https:\/\/i0.wp.com\/nilljunior.com.br\/wp-content\/uploads\/2026\/09\/Screenshot_20260905_182945_ChatGPT.jpg?resize=250%2C250&amp;ssl=1 250w, https:\/\/i0.wp.com\/nilljunior.com.br\/wp-content\/uploads\/2026\/09\/Screenshot_20260905_182945_ChatGPT.jpg?resize=400%2C400&amp;ssl=1 400w, https:\/\/i0.wp.com\/nilljunior.com.br\/wp-content\/uploads\/2026\/09\/Screenshot_20260905_182945_ChatGPT.jpg?resize=768%2C769&amp;ssl=1 768w\" alt=\"\" width=\"313\" height=\"313\" data-attachment-id=\"334722\" data-permalink=\"https:\/\/nilljunior.com.br\/coluna-do-domingao-com-omissao-dos-lideres-redes-virtuais-e-setores-da-imprensa-campanha-em-pernambuco-caiu-de-nivel\/screenshot_20260905_182945_chatgpt\/\" data-orig-file=\"https:\/\/i0.wp.com\/nilljunior.com.br\/wp-content\/uploads\/2026\/09\/Screenshot_20260905_182945_ChatGPT.jpg?fit=1079%2C1080&amp;ssl=1\" data-orig-size=\"1079,1080\" data-comments-opened=\"0\" data-image-meta=\"{&quot;aperture&quot;:&quot;0&quot;,&quot;credit&quot;:&quot;&quot;,&quot;camera&quot;:&quot;&quot;,&quot;caption&quot;:&quot;&quot;,&quot;created_timestamp&quot;:&quot;0&quot;,&quot;copyright&quot;:&quot;&quot;,&quot;focal_length&quot;:&quot;0&quot;,&quot;iso&quot;:&quot;0&quot;,&quot;shutter_speed&quot;:&quot;0&quot;,&quot;title&quot;:&quot;&quot;,&quot;orientation&quot;:&quot;0&quot;}\" data-image-title=\"Screenshot_20260905_182945_ChatGPT\" data-image-description=\"\" data-image-caption=\"\" data-large-file=\"https:\/\/i0.wp.com\/nilljunior.com.br\/wp-content\/uploads\/2026\/09\/Screenshot_20260905_182945_ChatGPT.jpg?fit=400%2C400&amp;ssl=1\" \/><\/div>\n<div class=\"entry-content\">\n<p style=\"text-align: justify;\">Em maior ou menor medida, a campanha de Pernambuco tomou os notici\u00e1rios por temas e quest\u00f5es que atacam mais uma vez o que se espera de um debate com nomes da altura de Raquel Lyra e Jo\u00e3o Campos, que polarizam a disputa.<\/p>\n<p style=\"text-align: justify;\">Em mais uma semana, ataques cruzados da exist\u00eancia de gabinetes do \u00f3dio, investiga\u00e7\u00f5es sobre os panfletos ap\u00f3crifos no Recife atacando Raquel, golpes baixos nas redes, postagens direcionadas em setores da imprensa, \u201cinfluenciadores desinfluenciadores\u201d, que at\u00e9 poucos dias atr\u00e1s usavam frauda e agora s\u00e3o especialistas em apontar o que cada nome tem de pior, dentre outras quest\u00f5es que empobrecem o debate.<\/p>\n<p style=\"text-align: justify;\">N\u00e3o \u00e9 de hoje, este jornalista j\u00e1 vinha prevendo que essa n\u00e3o \u00e9 uma campanha de constru\u00e7\u00e3o, mas de desconstru\u00e7\u00e3o: n\u00e3o \u00e9 sobre enobrecer o que cada projeto tem de melhor, mas de atacar aquilo que se entende, vai ajudar a engajar mais hatters, mais ataques,\u00a0 mais \u00f3dio.<\/p>\n<p style=\"text-align: justify;\">Acompanho o jornalismo em Pernambuco a muito tempo e posso afirmar que o cen\u00e1rio \u00e9 ainda pior. E que \u00e9 desafiador demais se propor a fazer jornalismo em um cen\u00e1rio de terra arrasada, onde buscar equil\u00edbrio editorial lhe transforma numa esp\u00e9cie de extraterrestre, algo que n\u00e3o existe, o \u201cduvido que seja\u201d porque \u201cquase todo mundo n\u00e3o \u00e9\u201d. Claro, essa nobre profiss\u00e3o exige posicionamentos, mas deve deixar \u00e0 sociedade o ju\u00edzo final sobre o que \u00e9 melhor para seu futuro, sem omitir alertas para aquilo que est\u00e1 travestido do bem, mas se revela uma amea\u00e7a. Ter posi\u00e7\u00f5es n\u00e3o pode significar ter lado. \u00c9 uma linha t\u00eanue, mas ela existe.<\/p>\n<p style=\"text-align: justify;\">Essa elei\u00e7\u00e3o est\u00e1 alimentando principalmente a partir dos blogs e dos pseudo \u201cinfluenciadores\u201d uma rede de ataques direcionados que nunca foram t\u00e3o baixos. Mesmo ve\u00edculos ligados a jornalistas assumem uma posi\u00e7\u00e3o escancarada, rotulados pela pr\u00f3pria opini\u00e3o p\u00fablica dada a evidente tend\u00eancia editorial. Essa rede de desconstru\u00e7\u00e3o atinge por consequ\u00eancia ve\u00edculos menores, que se proliferam aos montes nesse per\u00edodo, \u201copinadores\u201d e \u201cespecialistas\u201d dos quais nem se ouvia falar, e chega na base, a milit\u00e2ncia dos palanques, muitos operacionalizados para alimentar ainda mais de ataques as redes. \u00c9 uma teia de \u00f3dio, que se retroalimenta.<\/p>\n<p style=\"text-align: justify;\">Isso \u00e9 o que t\u00eam se tornado a campanha em Pernambuco. Os candidatos at\u00e9 assumem posi\u00e7\u00f5es p\u00fablicas condenando, mas a impress\u00e3o \u00e9 de que condenam, mas n\u00e3o combatem. Chegam \u00e0 conclus\u00e3o de que impedir os far\u00e1 perder terreno, pois o outro lado n\u00e3o cessar\u00e1. Claro, salvo descoberta em contr\u00e1rio, n\u00e3o h\u00e1 nada que de fato os ligue a esse modus operandi. Muito menos o centro, o n\u00facleo das campanhas. Mas nada prova \u00e0 sociedade que est\u00e3o lutando contra isso dentro de casa. O que est\u00e1 em jogo, o poder em Pernambuco, parece ser muito maior.<\/p>\n<p style=\"text-align: justify;\">Outro debate \u00e9 se h\u00e1 mecanismos que possam limitar isso na Justi\u00e7a Eleitoral. Aparentemente, essa \u00e9 uma discuss\u00e3o que precisa ser alimentada em perspectiva de futuro, para as pr\u00f3ximas elei\u00e7\u00f5es nos munic\u00edpios e no pa\u00eds. \u00c9 um debate latente, urgente, pro futuro. Por essa de agora, a impress\u00e3o \u00e9 de que a pol\u00edtica j\u00e1 perdeu pro jogo raso. Fazer jornalismo ficou pra poucos\u2026<\/p>\n<p style=\"text-align: justify;\"><strong>Vorcaro fazendo escola<\/strong><\/p>\n<p style=\"text-align: justify;\"><img decoding=\"async\" class=\"alignleft size-thumbnail wp-image-334621\" src=\"https:\/\/i0.wp.com\/nilljunior.com.br\/wp-content\/uploads\/2026\/09\/daniel_vorcaro-822310.jpg?resize=150%2C100&amp;ssl=1\" sizes=\"auto, (max-width: 150px) 100vw, 150px\" srcset=\"https:\/\/i0.wp.com\/nilljunior.com.br\/wp-content\/uploads\/2026\/09\/daniel_vorcaro-822310.jpg?resize=150%2C100&amp;ssl=1 150w, https:\/\/i0.wp.com\/nilljunior.com.br\/wp-content\/uploads\/2026\/09\/daniel_vorcaro-822310.jpg?resize=721%2C483&amp;ssl=1 721w, https:\/\/i0.wp.com\/nilljunior.com.br\/wp-content\/uploads\/2026\/09\/daniel_vorcaro-822310.jpg?zoom=2&amp;resize=150%2C100&amp;ssl=1 300w, https:\/\/i0.wp.com\/nilljunior.com.br\/wp-content\/uploads\/2026\/09\/daniel_vorcaro-822310.jpg?zoom=3&amp;resize=150%2C100&amp;ssl=1 450w\" alt=\"\" width=\"150\" height=\"100\" data-recalc-dims=\"1\" data-attachment-id=\"334621\" data-permalink=\"https:\/\/nilljunior.com.br\/caso-master-vorcaro-acusa-pf-de-vazamentos-seletivos-e-relata-tortura-durante-prisoes\/daniel_vorcaro-822310\/\" data-orig-file=\"https:\/\/i0.wp.com\/nilljunior.com.br\/wp-content\/uploads\/2026\/09\/daniel_vorcaro-822310.jpg?fit=1200%2C750&amp;ssl=1\" data-orig-size=\"1200,750\" data-comments-opened=\"0\" data-image-meta=\"{&quot;aperture&quot;:&quot;0&quot;,&quot;credit&quot;:&quot;&quot;,&quot;camera&quot;:&quot;&quot;,&quot;caption&quot;:&quot;&quot;,&quot;created_timestamp&quot;:&quot;0&quot;,&quot;copyright&quot;:&quot;&quot;,&quot;focal_length&quot;:&quot;0&quot;,&quot;iso&quot;:&quot;0&quot;,&quot;shutter_speed&quot;:&quot;0&quot;,&quot;title&quot;:&quot;&quot;,&quot;orientation&quot;:&quot;0&quot;}\" data-image-title=\"daniel_vorcaro-822310\" data-image-description=\"\" data-image-caption=\"\" data-large-file=\"https:\/\/i0.wp.com\/nilljunior.com.br\/wp-content\/uploads\/2026\/09\/daniel_vorcaro-822310.jpg?fit=600%2C375&amp;ssl=1\" \/>Quem entende da cria\u00e7\u00e3o de redes de ataques \u00e9 Daniel Vorcaro, dono do Banco Master. Segundo a PF, ele financiou campanhas de difama\u00e7\u00e3o e estrat\u00e9gias de intimida\u00e7\u00e3o contra jornalistas e o Banco Central.\u00a0A Pol\u00edcia Federal apontou o uso de recursos para pagar influenciadores digitais e perfis com o objetivo de promover ataques virtuais e descredibilizar diretores do Banco Central. Relat\u00f3rios tamb\u00e9m mostraram tentativas de coopta\u00e7\u00e3o e propostas financeiras elevadas para influenciar a cobertura de jornalistas, a exemplo de abordagens ligadas ao nome da jornalista Malu Gaspar.<\/p>\n<p style=\"text-align: justify;\"><strong>Debate<\/strong><\/p>\n<p style=\"text-align: justify;\"><img decoding=\"async\" class=\"wp-image-333558  alignleft\" src=\"https:\/\/i0.wp.com\/nilljunior.com.br\/wp-content\/uploads\/2026\/08\/Screenshot_20260825_154757_ChatGPT-1.jpg?resize=487%2C400&amp;ssl=1\" sizes=\"auto, (max-width: 487px) 100vw, 487px\" srcset=\"https:\/\/i0.wp.com\/nilljunior.com.br\/wp-content\/uploads\/2026\/08\/Screenshot_20260825_154757_ChatGPT-1.jpg?resize=487%2C400&amp;ssl=1 487w, https:\/\/i0.wp.com\/nilljunior.com.br\/wp-content\/uploads\/2026\/08\/Screenshot_20260825_154757_ChatGPT-1.jpg?resize=300%2C247&amp;ssl=1 300w, https:\/\/i0.wp.com\/nilljunior.com.br\/wp-content\/uploads\/2026\/08\/Screenshot_20260825_154757_ChatGPT-1.jpg?resize=768%2C631&amp;ssl=1 768w, https:\/\/i0.wp.com\/nilljunior.com.br\/wp-content\/uploads\/2026\/08\/Screenshot_20260825_154757_ChatGPT-1.jpg?w=1015&amp;ssl=1 1015w\" alt=\"\" width=\"129\" height=\"106\" data-recalc-dims=\"1\" data-attachment-id=\"333558\" data-permalink=\"https:\/\/nilljunior.com.br\/no-pais-debates-ficaram-saturados-em-pernambuco-povo-quer-saber-quando-vai-ter-debate\/screenshot_20260825_154757_chatgpt-2\/\" data-orig-file=\"https:\/\/i0.wp.com\/nilljunior.com.br\/wp-content\/uploads\/2026\/08\/Screenshot_20260825_154757_ChatGPT-1.jpg?fit=1015%2C834&amp;ssl=1\" data-orig-size=\"1015,834\" data-comments-opened=\"0\" data-image-meta=\"{&quot;aperture&quot;:&quot;0&quot;,&quot;credit&quot;:&quot;&quot;,&quot;camera&quot;:&quot;&quot;,&quot;caption&quot;:&quot;&quot;,&quot;created_timestamp&quot;:&quot;0&quot;,&quot;copyright&quot;:&quot;&quot;,&quot;focal_length&quot;:&quot;0&quot;,&quot;iso&quot;:&quot;0&quot;,&quot;shutter_speed&quot;:&quot;0&quot;,&quot;title&quot;:&quot;&quot;,&quot;orientation&quot;:&quot;1&quot;}\" data-image-title=\"Screenshot_20260825_154757_ChatGPT\" data-image-description=\"\" data-image-caption=\"\" data-large-file=\"https:\/\/i0.wp.com\/nilljunior.com.br\/wp-content\/uploads\/2026\/08\/Screenshot_20260825_154757_ChatGPT-1.jpg?fit=487%2C400&amp;ssl=1\" \/>Sexta-feira, finalmente,\u00a0 tem o primeiro debate com os candidatos ao governo de Pernambuco,\u00a0 promovido pela R\u00e1dio Cidade FM de Caruaru e reunindo Raquel Lyra,\u00a0 Jo\u00e3o Campos e Ivan Moraes. A R\u00e1dio Paje\u00fa retransmite como integrante da rede, entre 9h40 e 11h da manh\u00e3. \u00c0 noite, a TV Nova realiza o primeiro debate na TV, 21 horas. Para esse, s\u00f3 foram anunciados Raquel e Jo\u00e3o.<\/p>\n<p style=\"text-align: justify;\"><strong>Pesquisa<\/strong><\/p>\n<p style=\"text-align: justify;\"><img loading=\"lazy\" decoding=\"async\" class=\"alignleft size-thumbnail wp-image-333072\" src=\"https:\/\/i0.wp.com\/nilljunior.com.br\/wp-content\/uploads\/2026\/08\/raquel-lyra-joao-campos.webp?resize=150%2C100&amp;ssl=1\" sizes=\"auto, (max-width: 150px) 100vw, 150px\" srcset=\"https:\/\/i0.wp.com\/nilljunior.com.br\/wp-content\/uploads\/2026\/08\/raquel-lyra-joao-campos.webp?resize=150%2C100&amp;ssl=1 150w, https:\/\/i0.wp.com\/nilljunior.com.br\/wp-content\/uploads\/2026\/08\/raquel-lyra-joao-campos.webp?resize=300%2C200&amp;ssl=1 300w, https:\/\/i0.wp.com\/nilljunior.com.br\/wp-content\/uploads\/2026\/08\/raquel-lyra-joao-campos.webp?resize=600%2C400&amp;ssl=1 600w, https:\/\/i0.wp.com\/nilljunior.com.br\/wp-content\/uploads\/2026\/08\/raquel-lyra-joao-campos.webp?resize=768%2C512&amp;ssl=1 768w, https:\/\/i0.wp.com\/nilljunior.com.br\/wp-content\/uploads\/2026\/08\/raquel-lyra-joao-campos.webp?resize=721%2C483&amp;ssl=1 721w, https:\/\/i0.wp.com\/nilljunior.com.br\/wp-content\/uploads\/2026\/08\/raquel-lyra-joao-campos.webp?w=900&amp;ssl=1 900w\" alt=\"\" width=\"150\" height=\"100\" data-recalc-dims=\"1\" data-attachment-id=\"333072\" data-permalink=\"https:\/\/nilljunior.com.br\/nova-pesquisa-datafolha-mede-cenario-eleitoral-de-pernambuco-nesta-sexta-feira-21\/raquel-lyra-joao-campos\/\" data-orig-file=\"https:\/\/i0.wp.com\/nilljunior.com.br\/wp-content\/uploads\/2026\/08\/raquel-lyra-joao-campos.webp?fit=900%2C600&amp;ssl=1\" data-orig-size=\"900,600\" data-comments-opened=\"0\" data-image-meta=\"{&quot;aperture&quot;:&quot;0&quot;,&quot;credit&quot;:&quot;&quot;,&quot;camera&quot;:&quot;&quot;,&quot;caption&quot;:&quot;&quot;,&quot;created_timestamp&quot;:&quot;0&quot;,&quot;copyright&quot;:&quot;&quot;,&quot;focal_length&quot;:&quot;0&quot;,&quot;iso&quot;:&quot;0&quot;,&quot;shutter_speed&quot;:&quot;0&quot;,&quot;title&quot;:&quot;&quot;,&quot;orientation&quot;:&quot;0&quot;}\" data-image-title=\"raquel-lyra-joao-campos\" data-image-description=\"\" data-image-caption=\"\" data-large-file=\"https:\/\/i0.wp.com\/nilljunior.com.br\/wp-content\/uploads\/2026\/08\/raquel-lyra-joao-campos.webp?fit=600%2C400&amp;ssl=1\" \/>Uma nova rodada da pesquisa Quaest sobre as elei\u00e7\u00f5es de Pernambuco ser\u00e1 divulgada na pr\u00f3xima ter\u00e7a-feira (8). O levantamento est\u00e1 em campo desde a sexta-feira (4) e seguir\u00e1 com entrevistas at\u00e9 segunda-feira (7). Se Raquel ampliar a diferen\u00e7a,\u00a0 a campanha pode ganhar status de fatura liquidada. Se Jo\u00e3o reduzir a diferen\u00e7a,\u00a0 cria ambiente de \u201crevirada\u201d.<\/p>\n<p style=\"text-align: justify;\"><strong>Quem chega?<\/strong><\/p>\n<p style=\"text-align: justify;\"><img loading=\"lazy\" decoding=\"async\" class=\"alignleft size-thumbnail wp-image-334736\" src=\"https:\/\/i0.wp.com\/nilljunior.com.br\/wp-content\/uploads\/2026\/09\/Screenshot_20260905_234254_Chrome.jpg?resize=150%2C100&amp;ssl=1\" sizes=\"auto, (max-width: 150px) 100vw, 150px\" srcset=\"https:\/\/i0.wp.com\/nilljunior.com.br\/wp-content\/uploads\/2026\/09\/Screenshot_20260905_234254_Chrome.jpg?resize=150%2C100&amp;ssl=1 150w, https:\/\/i0.wp.com\/nilljunior.com.br\/wp-content\/uploads\/2026\/09\/Screenshot_20260905_234254_Chrome.jpg?resize=721%2C483&amp;ssl=1 721w, https:\/\/i0.wp.com\/nilljunior.com.br\/wp-content\/uploads\/2026\/09\/Screenshot_20260905_234254_Chrome.jpg?zoom=2&amp;resize=150%2C100&amp;ssl=1 300w, https:\/\/i0.wp.com\/nilljunior.com.br\/wp-content\/uploads\/2026\/09\/Screenshot_20260905_234254_Chrome.jpg?zoom=3&amp;resize=150%2C100&amp;ssl=1 450w\" alt=\"\" width=\"150\" height=\"100\" data-recalc-dims=\"1\" data-attachment-id=\"334736\" data-permalink=\"https:\/\/nilljunior.com.br\/coluna-do-domingao-com-omissao-dos-lideres-redes-virtuais-e-setores-da-imprensa-campanha-em-pernambuco-caiu-de-nivel\/screenshot_20260905_234254_chrome\/\" data-orig-file=\"https:\/\/i0.wp.com\/nilljunior.com.br\/wp-content\/uploads\/2026\/09\/Screenshot_20260905_234254_Chrome.jpg?fit=785%2C613&amp;ssl=1\" data-orig-size=\"785,613\" data-comments-opened=\"0\" data-image-meta=\"{&quot;aperture&quot;:&quot;0&quot;,&quot;credit&quot;:&quot;&quot;,&quot;camera&quot;:&quot;&quot;,&quot;caption&quot;:&quot;&quot;,&quot;created_timestamp&quot;:&quot;0&quot;,&quot;copyright&quot;:&quot;&quot;,&quot;focal_length&quot;:&quot;0&quot;,&quot;iso&quot;:&quot;0&quot;,&quot;shutter_speed&quot;:&quot;0&quot;,&quot;title&quot;:&quot;&quot;,&quot;orientation&quot;:&quot;0&quot;}\" data-image-title=\"Screenshot_20260905_234254_Chrome\" data-image-description=\"\" data-image-caption=\"\" data-large-file=\"https:\/\/i0.wp.com\/nilljunior.com.br\/wp-content\/uploads\/2026\/09\/Screenshot_20260905_234254_Chrome.jpg?fit=512%2C400&amp;ssl=1\" \/>No Paje\u00fa,\u00a0 na corrida \u00e0 ALEPE,\u00a0 as casas de apostas n\u00e3o descartam as possibilidades de nomes como Marconi Santana (PSD) e Breno Ara\u00fajo (PT) pelos apoios constru\u00eddos e ritmo de campanha. Antes,\u00a0 j\u00e1 eram dados como quase l\u00e1 Luciano Duque (Podemos), Sebasti\u00e3o Oliveira (AVANTE). Os demais fazem n\u00famero,\u00a0 salvo eventuais exce\u00e7\u00f5es.<\/p>\n<p style=\"text-align: justify;\"><strong>Orienta\u00e7\u00e3o<\/strong><\/p>\n<p style=\"text-align: justify;\"><img loading=\"lazy\" decoding=\"async\" class=\"alignleft size-thumbnail wp-image-334577\" src=\"https:\/\/i0.wp.com\/nilljunior.com.br\/wp-content\/uploads\/2026\/09\/Screenshot_20260904_101511_WhatsApp.jpg?resize=150%2C100&amp;ssl=1\" sizes=\"auto, (max-width: 150px) 100vw, 150px\" srcset=\"https:\/\/i0.wp.com\/nilljunior.com.br\/wp-content\/uploads\/2026\/09\/Screenshot_20260904_101511_WhatsApp.jpg?resize=150%2C100&amp;ssl=1 150w, https:\/\/i0.wp.com\/nilljunior.com.br\/wp-content\/uploads\/2026\/09\/Screenshot_20260904_101511_WhatsApp.jpg?resize=721%2C483&amp;ssl=1 721w, https:\/\/i0.wp.com\/nilljunior.com.br\/wp-content\/uploads\/2026\/09\/Screenshot_20260904_101511_WhatsApp.jpg?zoom=2&amp;resize=150%2C100&amp;ssl=1 300w, https:\/\/i0.wp.com\/nilljunior.com.br\/wp-content\/uploads\/2026\/09\/Screenshot_20260904_101511_WhatsApp.jpg?zoom=3&amp;resize=150%2C100&amp;ssl=1 450w\" alt=\"\" width=\"150\" height=\"100\" data-recalc-dims=\"1\" data-attachment-id=\"334577\" data-permalink=\"https:\/\/nilljunior.com.br\/prefeitura-de-afogados-recebe-reforco-de-duas-novas-ambulancias\/screenshot_20260904_101511_whatsapp\/\" data-orig-file=\"https:\/\/i0.wp.com\/nilljunior.com.br\/wp-content\/uploads\/2026\/09\/Screenshot_20260904_101511_WhatsApp.jpg?fit=1080%2C1062&amp;ssl=1\" data-orig-size=\"1080,1062\" data-comments-opened=\"0\" data-image-meta=\"{&quot;aperture&quot;:&quot;0&quot;,&quot;credit&quot;:&quot;&quot;,&quot;camera&quot;:&quot;&quot;,&quot;caption&quot;:&quot;&quot;,&quot;created_timestamp&quot;:&quot;0&quot;,&quot;copyright&quot;:&quot;&quot;,&quot;focal_length&quot;:&quot;0&quot;,&quot;iso&quot;:&quot;0&quot;,&quot;shutter_speed&quot;:&quot;0&quot;,&quot;title&quot;:&quot;&quot;,&quot;orientation&quot;:&quot;0&quot;}\" data-image-title=\"Screenshot_20260904_101511_WhatsApp\" data-image-description=\"\" data-image-caption=\"\" data-large-file=\"https:\/\/i0.wp.com\/nilljunior.com.br\/wp-content\/uploads\/2026\/09\/Screenshot_20260904_101511_WhatsApp.jpg?fit=407%2C400&amp;ssl=1\" \/>O prefeito de Afogados da Ingazeira, Sandrinho Palmeira, n\u00e3o apenas definiu a ida do Secret\u00e1rio Arthur Amorim para Recife, onde recebeu duas ambul\u00e2ncias do Governo Raquel Lyra. E avisou: qualquer programa do Estado que aporte em Afogados, como a Carreta da Mulher, por exemplo, n\u00e3o ter\u00e1 nenhuma obje\u00e7\u00e3o por crit\u00e9rios pol\u00edticos. Ao contr\u00e1rio, ser\u00e1 apoiada com as devidas contrapartidas.<\/p>\n<p style=\"text-align: justify;\"><strong>Sem Z\u00e9<\/strong><\/p>\n<p style=\"text-align: justify;\"><img loading=\"lazy\" decoding=\"async\" class=\"alignleft size-thumbnail wp-image-334735\" src=\"https:\/\/i0.wp.com\/nilljunior.com.br\/wp-content\/uploads\/2026\/09\/Screenshot_20260905_234138_Chrome.jpg?resize=150%2C100&amp;ssl=1\" sizes=\"auto, (max-width: 150px) 100vw, 150px\" srcset=\"https:\/\/i0.wp.com\/nilljunior.com.br\/wp-content\/uploads\/2026\/09\/Screenshot_20260905_234138_Chrome.jpg?resize=150%2C100&amp;ssl=1 150w, https:\/\/i0.wp.com\/nilljunior.com.br\/wp-content\/uploads\/2026\/09\/Screenshot_20260905_234138_Chrome.jpg?resize=721%2C483&amp;ssl=1 721w, https:\/\/i0.wp.com\/nilljunior.com.br\/wp-content\/uploads\/2026\/09\/Screenshot_20260905_234138_Chrome.jpg?zoom=2&amp;resize=150%2C100&amp;ssl=1 300w, https:\/\/i0.wp.com\/nilljunior.com.br\/wp-content\/uploads\/2026\/09\/Screenshot_20260905_234138_Chrome.jpg?zoom=3&amp;resize=150%2C100&amp;ssl=1 450w\" alt=\"\" width=\"150\" height=\"100\" data-recalc-dims=\"1\" data-attachment-id=\"334735\" data-permalink=\"https:\/\/nilljunior.com.br\/coluna-do-domingao-com-omissao-dos-lideres-redes-virtuais-e-setores-da-imprensa-campanha-em-pernambuco-caiu-de-nivel\/screenshot_20260905_234138_chrome\/\" data-orig-file=\"https:\/\/i0.wp.com\/nilljunior.com.br\/wp-content\/uploads\/2026\/09\/Screenshot_20260905_234138_Chrome.jpg?fit=764%2C663&amp;ssl=1\" data-orig-size=\"764,663\" data-comments-opened=\"0\" data-image-meta=\"{&quot;aperture&quot;:&quot;0&quot;,&quot;credit&quot;:&quot;&quot;,&quot;camera&quot;:&quot;&quot;,&quot;caption&quot;:&quot;&quot;,&quot;created_timestamp&quot;:&quot;0&quot;,&quot;copyright&quot;:&quot;&quot;,&quot;focal_length&quot;:&quot;0&quot;,&quot;iso&quot;:&quot;0&quot;,&quot;shutter_speed&quot;:&quot;0&quot;,&quot;title&quot;:&quot;&quot;,&quot;orientation&quot;:&quot;0&quot;}\" data-image-title=\"Screenshot_20260905_234138_Chrome\" data-image-description=\"\" data-image-caption=\"\" data-large-file=\"https:\/\/i0.wp.com\/nilljunior.com.br\/wp-content\/uploads\/2026\/09\/Screenshot_20260905_234138_Chrome.jpg?fit=461%2C400&amp;ssl=1\" \/>Nomes do entorno do candidato a Deputado Federal, Danilo Sim\u00f5es (PSD), entendem que melhor agora o \u201capartamento\u201d de Z\u00e9 Neg\u00e3o e Edson Henrique, pensando na constr\u00e7\u00e3o de uma frente de oposi\u00e7\u00e3o para 2028. A ideia \u00e9 de que Danilo tem tempo para recompor os espa\u00e7os pol\u00edticos perdidos com a sa\u00edda do vereador afogadense.<\/p>\n<p style=\"text-align: justify;\"><strong>Seita<\/strong><\/p>\n<div style=\"text-align: justify;\" data-bfc=\"\" data-ved=\"2ahUKEwjQ-o_LrdiWAxWALbkGHWYBHEkQi4wTegoIAggACAAIFBAO\" data-hveid=\"CAIIAAgACBQQDg\" data-copy-service-computed-style=\"font-family: &quot;Google Sans&quot;, Arial, sans-serif; font-size: 16px; font-weight: 400; margin: 0px; text-decoration: none; border-bottom: 0px rgb(10, 10, 10);\">\n<p>O evento de ontem em Serra Talhada mostra que o bolsonarismo segue sendo um fen\u00f4meno mesmo em uma regi\u00e3o dominada pelo lulismo. Nem as evid\u00eancias contra o cl\u00e3 demovem seus apoiadores,\u00a0 em parte tamb\u00e9m pelo anti-lulismo,\u00a0 alimentado em igrejas evang\u00e9licas que garantem,\u00a0 Fl\u00e1vio Bolsonaro \u00e9 \u201co filho do enviado\u201d\u2026<\/p>\n<p><iframe id=\"instagram-embed-0\" class=\"instagram-media instagram-media-rendered\" src=\"https:\/\/www.instagram.com\/reel\/Dc7HYJ7AVkw\/embed\/captioned\/?cr=1&amp;v=14&amp;wp=500&amp;rd=https%3A%2F%2Fnilljunior.com.br&amp;rp=%2Fcoluna-do-domingao-com-omissao-dos-lideres-redes-virtuais-e-setores-da-imprensa-campanha-em-pernambuco-caiu-de-nivel%2F#%7B%22ci%22%3A0%2C%22os%22%3A4675.5999999940395%7D\" height=\"1099\" frameborder=\"0\" scrolling=\"no\" allowfullscreen=\"allowfullscreen\" data-instgrm-payload-id=\"instagram-media-payload-0\" data-mce-fragment=\"1\"><\/iframe>&nbsp;<\/p>\n<p><strong>Basta no Supremo\u00a0<\/strong><\/p>\n<p><img loading=\"lazy\" decoding=\"async\" class=\"size-thumbnail wp-image-334733 alignleft\" src=\"https:\/\/i0.wp.com\/nilljunior.com.br\/wp-content\/uploads\/2026\/09\/Screenshot_20260905_233642_Gallery.jpg?resize=150%2C100&amp;ssl=1\" sizes=\"auto, (max-width: 150px) 100vw, 150px\" srcset=\"https:\/\/i0.wp.com\/nilljunior.com.br\/wp-content\/uploads\/2026\/09\/Screenshot_20260905_233642_Gallery.jpg?resize=150%2C100&amp;ssl=1 150w, https:\/\/i0.wp.com\/nilljunior.com.br\/wp-content\/uploads\/2026\/09\/Screenshot_20260905_233642_Gallery.jpg?resize=721%2C483&amp;ssl=1 721w, https:\/\/i0.wp.com\/nilljunior.com.br\/wp-content\/uploads\/2026\/09\/Screenshot_20260905_233642_Gallery.jpg?zoom=2&amp;resize=150%2C100&amp;ssl=1 300w, https:\/\/i0.wp.com\/nilljunior.com.br\/wp-content\/uploads\/2026\/09\/Screenshot_20260905_233642_Gallery.jpg?zoom=3&amp;resize=150%2C100&amp;ssl=1 450w\" alt=\"\" width=\"150\" height=\"100\" data-recalc-dims=\"1\" data-attachment-id=\"334733\" data-permalink=\"https:\/\/nilljunior.com.br\/coluna-do-domingao-com-omissao-dos-lideres-redes-virtuais-e-setores-da-imprensa-campanha-em-pernambuco-caiu-de-nivel\/screenshot_20260905_233642_gallery\/\" data-orig-file=\"https:\/\/i0.wp.com\/nilljunior.com.br\/wp-content\/uploads\/2026\/09\/Screenshot_20260905_233642_Gallery.jpg?fit=1080%2C912&amp;ssl=1\" data-orig-size=\"1080,912\" data-comments-opened=\"0\" data-image-meta=\"{&quot;aperture&quot;:&quot;0&quot;,&quot;credit&quot;:&quot;&quot;,&quot;camera&quot;:&quot;&quot;,&quot;caption&quot;:&quot;&quot;,&quot;created_timestamp&quot;:&quot;0&quot;,&quot;copyright&quot;:&quot;&quot;,&quot;focal_length&quot;:&quot;0&quot;,&quot;iso&quot;:&quot;0&quot;,&quot;shutter_speed&quot;:&quot;0&quot;,&quot;title&quot;:&quot;&quot;,&quot;orientation&quot;:&quot;0&quot;}\" data-image-title=\"Screenshot_20260905_233642_Gallery\" data-image-description=\"\" data-image-caption=\"\" data-large-file=\"https:\/\/i0.wp.com\/nilljunior.com.br\/wp-content\/uploads\/2026\/09\/Screenshot_20260905_233642_Gallery.jpg?fit=474%2C400&amp;ssl=1\" \/>Participando da Revista da Cultura Elei\u00e7\u00f5es,\u00a0 trouxe meu posicionamento em rela\u00e7\u00e3o \u00e0 crise do Supremo. Mandatos de oito ou doze anos com indica\u00e7\u00e3o de lista tr\u00edplice com meritocracia jur\u00eddica,\u00a0 proibi\u00e7\u00e3o de escrit\u00f3rios de advocacia ligados a familiares de at\u00e9 segundo grau dos ministros e claro, ampla apura\u00e7\u00e3o da podrid\u00e3o de agora. Esta \u00faltima parece ser a mais dif\u00edcil.<\/p>\n<blockquote><p><img loading=\"lazy\" decoding=\"async\" class=\"size-thumbnail wp-image-334732 alignleft\" src=\"https:\/\/i0.wp.com\/nilljunior.com.br\/wp-content\/uploads\/2026\/09\/edson-fachin-presidente-do-supremo-tribunal-federal-do-brasil.webp?resize=150%2C100&amp;ssl=1\" sizes=\"auto, (max-width: 150px) 100vw, 150px\" srcset=\"https:\/\/i0.wp.com\/nilljunior.com.br\/wp-content\/uploads\/2026\/09\/edson-fachin-presidente-do-supremo-tribunal-federal-do-brasil.webp?resize=150%2C100&amp;ssl=1 150w, https:\/\/i0.wp.com\/nilljunior.com.br\/wp-content\/uploads\/2026\/09\/edson-fachin-presidente-do-supremo-tribunal-federal-do-brasil.webp?resize=300%2C200&amp;ssl=1 300w, https:\/\/i0.wp.com\/nilljunior.com.br\/wp-content\/uploads\/2026\/09\/edson-fachin-presidente-do-supremo-tribunal-federal-do-brasil.webp?w=600&amp;ssl=1 600w\" alt=\"\" width=\"150\" height=\"100\" data-recalc-dims=\"1\" data-attachment-id=\"334732\" data-permalink=\"https:\/\/nilljunior.com.br\/coluna-do-domingao-com-omissao-dos-lideres-redes-virtuais-e-setores-da-imprensa-campanha-em-pernambuco-caiu-de-nivel\/edson-fachin-presidente-do-supremo-tribunal-federal-do-brasil\/\" data-orig-file=\"https:\/\/i0.wp.com\/nilljunior.com.br\/wp-content\/uploads\/2026\/09\/edson-fachin-presidente-do-supremo-tribunal-federal-do-brasil.webp?fit=600%2C400&amp;ssl=1\" data-orig-size=\"600,400\" data-comments-opened=\"0\" data-image-meta=\"{&quot;aperture&quot;:&quot;0&quot;,&quot;credit&quot;:&quot;&quot;,&quot;camera&quot;:&quot;&quot;,&quot;caption&quot;:&quot;&quot;,&quot;created_timestamp&quot;:&quot;0&quot;,&quot;copyright&quot;:&quot;&quot;,&quot;focal_length&quot;:&quot;0&quot;,&quot;iso&quot;:&quot;0&quot;,&quot;shutter_speed&quot;:&quot;0&quot;,&quot;title&quot;:&quot;&quot;,&quot;orientation&quot;:&quot;0&quot;}\" data-image-title=\"edson-fachin-presidente-do-supremo-tribunal-federal-do-brasil\" data-image-description=\"\" data-image-caption=\"\" data-large-file=\"https:\/\/i0.wp.com\/nilljunior.com.br\/wp-content\/uploads\/2026\/09\/edson-fachin-presidente-do-supremo-tribunal-federal-do-brasil.webp?fit=600%2C400&amp;ssl=1\" \/><strong>Frase da semana:<\/strong><\/p>\n<p><strong>\u201cGravidade dos fatos n\u00e3o autoriza atalhos\u201d.<\/strong><\/p>\n<p>Do presidente do STF,\u00a0<strong>Edson Fachin<\/strong>,\u00a0 sobre a crise que se abateu sobre a corte suprema do pa\u00eds.<\/p><\/blockquote>\n<\/div>\n<div class=\"sharedaddy sd-sharing-enabled\">\n<div class=\"robots-nocontent sd-block sd-social sd-social-icon sd-sharing\">\n<h3 class=\"sd-title\" style=\"text-align: justify;\"><\/h3>\n<\/div>\n<\/div>\n<\/div>\n","protected":false},"excerpt":{"rendered":"<p>Em maior ou menor medida, a campanha de Pernambuco tomou os notici&aacute;rios por temas e quest&otilde;es que atacam mais uma vez o que se espera de um debate com nomes da altura de Raquel Lyra e Jo&atilde;o Campos, que polarizam a disputa. Em mais uma semana, ataques cruzados da exist&ecirc;ncia de gabinetes do &oacute;dio, investiga&ccedil;&otilde;es &#8230; <a title=\"Coluna do Doming\u00e3o: campanha em Pernambuco caiu de n\u00edvel\" class=\"read-more\" href=\"https:\/\/blogdomarcellopatriota.com.br\/blog\/coluna-do-domingao-campanha-em-pernambuco-caiu-de-nivel\/\" aria-label=\"Read more about Coluna do Doming\u00e3o: campanha em Pernambuco caiu de n\u00edvel\">Ler mais<\/a><\/p>\n","protected":false},"author":2,"featured_media":0,"comment_status":"closed","ping_status":"closed","sticky":false,"template":"","format":"standard","meta":{"footnotes":""},"categories":[1],"tags":[],"class_list":["post-110230","post","type-post","status-publish","format-standard","hentry","category-sem-categoria"],"_links":{"self":[{"href":"https:\/\/blogdomarcellopatriota.com.br\/blog\/wp-json\/wp\/v2\/posts\/110230","targetHints":{"allow":["GET"]}}],"collection":[{"href":"https:\/\/blogdomarcellopatriota.com.br\/blog\/wp-json\/wp\/v2\/posts"}],"about":[{"href":"https:\/\/blogdomarcellopatriota.com.br\/blog\/wp-json\/wp\/v2\/types\/post"}],"author":[{"embeddable":true,"href":"https:\/\/blogdomarcellopatriota.com.br\/blog\/wp-json\/wp\/v2\/users\/2"}],"replies":[{"embeddable":true,"href":"https:\/\/blogdomarcellopatriota.com.br\/blog\/wp-json\/wp\/v2\/comments?post=110230"}],"version-history":[{"count":1,"href":"https:\/\/blogdomarcellopatriota.com.br\/blog\/wp-json\/wp\/v2\/posts\/110230\/revisions"}],"predecessor-version":[{"id":110231,"href":"https:\/\/blogdomarcellopatriota.com.br\/blog\/wp-json\/wp\/v2\/posts\/110230\/revisions\/110231"}],"wp:attachment":[{"href":"https:\/\/blogdomarcellopatriota.com.br\/blog\/wp-json\/wp\/v2\/media?parent=110230"}],"wp:term":[{"taxonomy":"category","embeddable":true,"href":"https:\/\/blogdomarcellopatriota.com.br\/blog\/wp-json\/wp\/v2\/categories?post=110230"},{"taxonomy":"post_tag","embeddable":true,"href":"https:\/\/blogdomarcellopatriota.com.br\/blog\/wp-json\/wp\/v2\/tags?post=110230"}],"curies":[{"name":"wp","href":"https:\/\/api.w.org\/{rel}","templated":true}]}}