{"id":22643,"date":"2020-01-05T11:08:14","date_gmt":"2020-01-05T14:08:14","guid":{"rendered":"http:\/\/blogdomarcellopatriota.com.br\/blog\/?p=22643"},"modified":"2020-01-05T11:39:22","modified_gmt":"2020-01-05T14:39:22","slug":"programacao-da-festa-de-louro-2020festa-de-rei-em-sjegito-pe","status":"publish","type":"post","link":"https:\/\/blogdomarcellopatriota.com.br\/blog\/programacao-da-festa-de-louro-2020festa-de-rei-em-sjegito-pe\/","title":{"rendered":"SJEGITO | A Festa de Louro 2020 (Festa de Rei)"},"content":{"rendered":"<p><img fetchpriority=\"high\" decoding=\"async\" class=\"alignleft\" src=\"https:\/\/1.bp.blogspot.com\/-B-GlisRwrhA\/XgjqOwPSjbI\/AAAAAAAAEM0\/b2F1Rb3SzNQE3EIH3L7ejXUUGUyvkuUrACLcBGAsYHQ\/s400\/105%2Banos%2Bde%2Blouro.jpg\" width=\"292\" height=\"292\" \/><\/p>\n<div><\/div>\n<div>PROGRAMA\u00c7\u00c3O DA FESTA DE LOURO &#8211; 2020<\/div>\n<div><\/div>\n<div><\/div>\n<div><em><strong>\u201cLOURO INTERA MAIS UM ANO<\/strong><\/em><br \/>\n<em><strong>E COMO NUNCA EST\u00c1 S\u00d3<\/strong><\/em><br \/>\n<em><strong>CANTA COM ROGACIANO<\/strong><\/em><br \/>\n<em><strong>GLOSA COM MANOEL FIL\u00d3<\/strong><\/em><br \/>\n<em><strong>ROGACIANO FAZ CEM<\/strong><\/em><br \/>\n<em><strong>FIL\u00d3 90 E SE TEM<\/strong><\/em><br \/>\n<em><strong>VERSO, MIRRA, INCENSO E OURO<\/strong><\/em><br \/>\n<em><strong>NUMA FESTA PRA TR\u00caS REIS<\/strong><\/em><br \/>\n<em><strong>\u00c9 JANEIRO, \u00c9 DIA 6<\/strong><\/em><br \/>\n<em><strong>105 ANOS DE LOURO\u201d<\/strong><\/em><\/div>\n<div><\/div>\n<div><\/div>\n<div><\/div>\n<div><span style=\"font-size: 14pt;\"><strong>Dia 02\/01 \u2013 quinta<\/strong><\/span><\/div>\n<div>19h. Missa do cantador, com Padre Luisinho<br \/>\nParticipa\u00e7\u00e3o dos cantadores<br \/>\nSebasti\u00e3o Dias e Z\u00e9 Carlos do Paje\u00fa<br \/>\ne da Banda de P\u00edfanos de Riacho do Meio<\/div>\n<div><strong><span style=\"font-size: 14pt;\">Dia 03\/01 \u2013 sexta<\/span><\/strong><\/div>\n<div>Bodega Job Patriota<br \/>\n15h. &#8211; Interven\u00e7\u00e3o visual com Raoni Assis e convidados<\/div>\n<div>Espa\u00e7o Jo\u00e3o Macambira (Centro de Cultura)<br \/>\n16h. \u2013 Recep\u00e7\u00e3o \u2013 Recital com Ant\u00f4nio Marinho<br \/>\n17h. \u2013 Mesa de Glosa (Homenagem ao centen\u00e1rio de M\u00e1rio Gomes)<br \/>\nPoetas: Zez\u00e9 Neto, Francisca Ara\u00fajo, Jo\u00e3o Luiz, Genildo Santana e Maciel Correia<br \/>\nCoordena\u00e7\u00e3o: Jorge Fil\u00f3<\/div>\n<div>Rua Domingos Siqueira<br \/>\n19h. \u2013 Performance Barro Humano (Solo de dan\u00e7a contempor\u00e2nea)<br \/>\nMarcos Mercury<\/div>\n<div>Cine Louro (Homenagem a Concei\u00e7\u00e3o Camarotti)<br \/>\n19h.<br \/>\n\u2013 Severinas \u2013 Dire\u00e7\u00e3o: Eduardo Monteiro<br \/>\n&#8211; Leonardo Basti\u00e3o, o poeta analfabeto \u2013 Dire\u00e7\u00e3o: Jefferson Sousa<br \/>\n&#8211; Rio Feiticeiro \u2013 Dire\u00e7\u00e3o: Alexandre Alencar<\/div>\n<div>Bodega Job Patriota<br \/>\n21h. \u2013 Recital em a\u00e7\u00e3o de gra\u00e7as, com Fernando Leite, Mizita Passos e Simone Passos e lan\u00e7amento do livro Mem\u00f3rias Po\u00e9ticas, de Fernando Leite.<br \/>\n21:30h. \u2013 Recital Fam\u00edlia Fil\u00f3<br \/>\n22:30h. &#8211; Vozes e Versos<br \/>\n23:30h. \u2013 Fim de Feira<\/div>\n<div><span style=\"font-size: 14pt;\"><strong>Dia 04\/01 \u2013 S\u00e1bado<\/strong><\/span><\/div>\n<div>Espa\u00e7o Jo\u00e3o Macambira (Centro de Cultura)<br \/>\n14h. \u2013 Mesa Debate Manoel Fil\u00f3<br \/>\nMaur\u00edcio Menezes, Jeneci Vasconcelos, \u00c9sio Rafael, Ricardo Moura e Arthur Moura. Media\u00e7\u00e3o: Jorge Fil\u00f3<br \/>\n15:30h. \u2013 Mesa Debate Rogaciano Leite<br \/>\nMarcos Nunes e C\u00edcero Nogueira &#8211; Media\u00e7\u00e3o: Lindoaldo Campos<\/div>\n<div>Bodega Job Patriota:<br \/>\n17h.<br \/>\n&#8211; Lan\u00e7amentos:<br \/>\nNa Sombra de Augusto dos Anjos e CD A voz de uma sombra de Gilmar Leite<br \/>\n&#8211; O Obscuro dos Artistas Mundanos de Clarice Hoffmann, Abel Alencar , Maur\u00edcio Castro, Greg, Paulo do Amparo e Clara Moreira.<br \/>\nLivro Raiz, de Manoel Cavalcante<br \/>\n&#8211; Recital Contos e Lendas do Bukina Faso, \u00c1frica do Oeste, com Fran\u00e7ois Moise Bamba<br \/>\nTradu\u00e7\u00e3o em Cena de Lara Tamiana<br \/>\n&#8211; Recital com Henrique Brand\u00e3o<br \/>\n&#8211; Condor<\/div>\n<div>Palco Z\u00e1 Marinho<br \/>\n19h.<br \/>\n&#8211; Beto Hortis com participa\u00e7\u00e3o de Treminh\u00e3o<br \/>\n&#8211; Bia Marinho<br \/>\n&#8211; Soninha Sinib\u00fa canta Mercedes Sosa<br \/>\n&#8211; Ave Sangria<\/div>\n<div><strong><span style=\"font-size: 14pt;\">Dia 05\/01 \u2013 Domingo<\/span><\/strong><br \/>\nEspa\u00e7o Jo\u00e3o Macambira (Centro de Cultura)<br \/>\n14h. \u2013 Mesa Debate Cinema e Poesia<br \/>\nTauana Uch\u00f4a, Carol Correia, Alexandre Alencar e Eduardo Monteiro<br \/>\nMedia\u00e7\u00e3o: Alexandre Figueir\u00f4a<\/div>\n<div>Rua Domingos Siqueira<br \/>\n16h.- Teatro de Rua \u2013 Coletivo Caverna<br \/>\nEspet\u00e1culo Paje\u00fa das Flores \u2013 Dire\u00e7\u00e3o: Cl\u00e1udio Lira e o Grupo<\/div>\n<div>Bodega Job Patriota:<br \/>\n17h.<br \/>\nLan\u00e7amentos:<br \/>\n&#8211; Livro Repense de Ant\u00f4nio Jos\u00e9 de Lima<br \/>\n&#8211; Livro Na Rima da Menina de Graziela Barduco<br \/>\n&#8211; Livro Poemas Recifenses de Valmir Jord\u00e3o<br \/>\nRevistas em Quadrinhos PLAF \u2013 3ed. \u2013 Organiza\u00e7\u00e3o: O Grito!<br \/>\nRecital Sendo Maria Tamb\u00e9m Que Destino me Conv\u00e9m! \u2013 em homenagem a Clenice Valadares com Bell Pu\u00e3, Bia Menezes, Uma Martins e Nelson Maca<br \/>\n&#8211; Forr\u00f3 Rimado<\/div>\n<div>Palco Z\u00e1 Marinho:<br \/>\n19h.<br \/>\n&#8211; Maviael Melo<br \/>\n&#8211; Tonfil, Alm\u00e9rio e Juliano Holanda<br \/>\n&#8211; Josildo S\u00e1<br \/>\n&#8211; Em Canto e Poesia<\/div>\n<div><strong><span style=\"font-size: 14pt;\">Dia 06\/01 \u2013 Segunda:<\/span><\/strong><\/div>\n<div>Bodega Job Patriota:<br \/>\n11h. \u2013 Infantil Cabe\u00e7\u00e3o Pelo Mundo, com Maria Eug\u00eania Tita<br \/>\n12h. \u2013 Almo\u00e7o Po\u00e9tico com Bai\u00e3o de Dois<br \/>\n&#8211; Instrumental Parceria com Greg Marinho, Miguel Marinho, Lucas Crastro, Guilherme Eira, Felipe Weinberg e Ednardo Dali<br \/>\n&#8211; Cantoria com Geraldo Am\u00e2ncio e Valdir Teles E Fabiane Ribeiro e Andr\u00e9 Santos<br \/>\n&#8211; Lan\u00e7amentos:<br \/>\n&#8211; Cordel de Pai pra Filhos a Arte Sempre h\u00e1 de Germinar, de Esperantivo, Jeft Amorim e Jennifer Amorim<br \/>\n&#8211; Cordel O Viajante&#8230; de Andrade Lima<br \/>\n&#8211; Cordel Carnaval no Reino Animal, de Esperantivo e Maria Farias<br \/>\n&#8211; Cordel \u2013 Mulheres Guerreiras, de Maria Farias<br \/>\n&#8211; Livro Fazendo Arte, de Gisl\u00e2ndio Ara\u00fajo<br \/>\n&#8211; Livro Outros Mares, de Mariana Teles<br \/>\n&#8211; Recital com Dom\u00eanico Perazzo, Lima Junior e Mariana Teles (Homenagem a Tuparetama e Valdir Teles)<br \/>\n&#8211; Recital com Poetas de Ingazeira (Homenagem a Ingazeira, A Cantilena e Pe. Luisinho)<br \/>\n&#8211; Reinivaldo Pinheiro<br \/>\n&#8211; Val Patriota<br \/>\n&#8211; As Severinas<br \/>\n&#8211; Cl\u00e1udio Rabeca<\/div>\n<div>Fonte: Instituto Louro do Paje\u00fa<\/div>\n","protected":false},"excerpt":{"rendered":"<p>PROGRAMA&Ccedil;&Atilde;O DA FESTA DE LOURO &ndash; 2020 &ldquo;LOURO INTERA MAIS UM ANO E COMO NUNCA EST&Aacute; S&Oacute; CANTA COM ROGACIANO GLOSA COM MANOEL FIL&Oacute; ROGACIANO FAZ CEM FIL&Oacute; 90 E SE TEM VERSO, MIRRA, INCENSO E OURO NUMA FESTA PRA TR&Ecirc;S REIS &Eacute; JANEIRO, &Eacute; DIA 6 105 ANOS DE LOURO&rdquo; Dia 02\/01 &ndash; quinta &#8230; <a title=\"SJEGITO | A Festa de Louro 2020 (Festa de Rei)\" class=\"read-more\" href=\"https:\/\/blogdomarcellopatriota.com.br\/blog\/programacao-da-festa-de-louro-2020festa-de-rei-em-sjegito-pe\/\" aria-label=\"Read more about SJEGITO | A Festa de Louro 2020 (Festa de Rei)\">Ler mais<\/a><\/p>\n","protected":false},"author":2,"featured_media":0,"comment_status":"open","ping_status":"open","sticky":false,"template":"","format":"standard","meta":{"footnotes":""},"categories":[1],"tags":[],"class_list":["post-22643","post","type-post","status-publish","format-standard","hentry","category-sem-categoria"],"_links":{"self":[{"href":"https:\/\/blogdomarcellopatriota.com.br\/blog\/wp-json\/wp\/v2\/posts\/22643","targetHints":{"allow":["GET"]}}],"collection":[{"href":"https:\/\/blogdomarcellopatriota.com.br\/blog\/wp-json\/wp\/v2\/posts"}],"about":[{"href":"https:\/\/blogdomarcellopatriota.com.br\/blog\/wp-json\/wp\/v2\/types\/post"}],"author":[{"embeddable":true,"href":"https:\/\/blogdomarcellopatriota.com.br\/blog\/wp-json\/wp\/v2\/users\/2"}],"replies":[{"embeddable":true,"href":"https:\/\/blogdomarcellopatriota.com.br\/blog\/wp-json\/wp\/v2\/comments?post=22643"}],"version-history":[{"count":8,"href":"https:\/\/blogdomarcellopatriota.com.br\/blog\/wp-json\/wp\/v2\/posts\/22643\/revisions"}],"predecessor-version":[{"id":22761,"href":"https:\/\/blogdomarcellopatriota.com.br\/blog\/wp-json\/wp\/v2\/posts\/22643\/revisions\/22761"}],"wp:attachment":[{"href":"https:\/\/blogdomarcellopatriota.com.br\/blog\/wp-json\/wp\/v2\/media?parent=22643"}],"wp:term":[{"taxonomy":"category","embeddable":true,"href":"https:\/\/blogdomarcellopatriota.com.br\/blog\/wp-json\/wp\/v2\/categories?post=22643"},{"taxonomy":"post_tag","embeddable":true,"href":"https:\/\/blogdomarcellopatriota.com.br\/blog\/wp-json\/wp\/v2\/tags?post=22643"}],"curies":[{"name":"wp","href":"https:\/\/api.w.org\/{rel}","templated":true}]}}