{"id":22754,"date":"2020-01-05T03:09:46","date_gmt":"2020-01-05T06:09:46","guid":{"rendered":"http:\/\/blogdomarcellopatriota.com.br\/blog\/?p=22754"},"modified":"2020-01-05T03:09:46","modified_gmt":"2020-01-05T06:09:46","slug":"coluna-do-domingao-por-nill-junior-em-5-de-janeiro-de-2020","status":"publish","type":"post","link":"https:\/\/blogdomarcellopatriota.com.br\/blog\/coluna-do-domingao-por-nill-junior-em-5-de-janeiro-de-2020\/","title":{"rendered":"Coluna do Doming\u00e3o por Nill J\u00fanior em 5 de janeiro de 2020"},"content":{"rendered":"<figure style=\"width: 390px\" class=\"wp-caption alignleft\"><img fetchpriority=\"high\" decoding=\"async\" src=\"https:\/\/i0.wp.com\/nilljunior.com.br\/wp-content\/uploads\/2020\/01\/Sem-t%C3%ADtulo.png?resize=400%2C400\" alt=\"\" width=\"400\" height=\"400\" \/><figcaption class=\"wp-caption-text\">Vai come\u00e7ar de novo. Como em 2016, tudo pronto para um show de democracia no blog e na R\u00e1dio Paje\u00fa<\/figcaption><\/figure>\n<p><strong>Elei\u00e7\u00f5es: o que vem por a\u00ed em 2020\u00a0 no Blog e na R\u00e1dio Paje\u00fa:<\/strong><\/p>\n<p>J\u00e1 estamos em 2020, o ano que vale por quatro, porque vai definir nosso futuro em outubro, m\u00eas das elei\u00e7\u00f5es municipais em todo o pa\u00eds.<\/p>\n<p>As regras do jogo j\u00e1 est\u00e3o valendo. Por exemplo, aquelas pesquisas que o blog costuma publicar em parceria com o Instituto M\u00faltipla. Agora, s\u00f3 rigorosamente registradas cinco dias antes de sua publica\u00e7\u00e3o.<\/p>\n<p>O blog mant\u00e9m a inten\u00e7\u00e3o de, ap\u00f3s a oficializa\u00e7\u00e3o das candidaturas, publicar pesquisas nos quatro principais col\u00e9gios eleitorais do Paje\u00fa, Serra Talhada, Afogados da Ingazeira, S\u00e3o Jos\u00e9 do Egito e Tabira, mais outros col\u00e9gios importantes do Estado. Tamb\u00e9m vai replicar pesquisas dos principais \u00f3rg\u00e3os de imprensa do Estado sobre a corrida em seus principais col\u00e9gios eleitorais.<\/p>\n<p>J\u00e1 a R\u00e1dio Paje\u00fa se prepara para o maior n\u00famero de debates de sua hist\u00f3ria, seja puxando o barco, dada sua expertise, tradi\u00e7\u00e3o e\u00a0 isen\u00e7\u00e3o no processo eleitoral, ou em parceria com outros prefixos principalmente no Alto e Baixo Paje\u00fa. Comece a imaginar embates que poder\u00e3o entrar para hist\u00f3ria a partir do desenho da sua realidade local. Vai ser interessante ouvir as propostas de candidatos regi\u00e3o afora.<\/p>\n<div class=\"tab-content sem-galeria\">\n<div id=\"ancora-1\" class=\"tab-pane active\" role=\"tabpanel\">\n<p>Do dia 5 de mar\u00e7o ao dia 3 de abril, ocorre o per\u00edodo da chamada janela partid\u00e1ria, quando os vereadores poder\u00e3o mudar de partido por justa causa, para concorrerem nas elei\u00e7\u00f5es majorit\u00e1ria ou proporcional sem perder o mandato. Vai ser um corre-corre. Ali\u00e1s, para dirimir tantas d\u00favidas, al\u00e9m do artigo semanal que assina no blog, o advogado Jos\u00e9 Paulo Antunes em parceria com o blog e a R\u00e1dio Paje\u00fa vai promover uma manh\u00e3 de atividades tirando d\u00favidas sobre o processo eleitoral, no Cine S\u00e3o Jos\u00e9, gratuitamente, ainda no primeiro trimestre de 2020.<\/p>\n<p>As conven\u00e7\u00f5es partid\u00e1rias para a escolha dos candidatos podem ser realizadas de 20 de julho a 5 de agosto. J\u00e1 o prazo para requerer o registro de candidatura \u00e0 Justi\u00e7a Eleitoral se encerra no dia 15 de agosto. haja cora\u00e7\u00e3o. At\u00e9 l\u00e1, choro e ranger de dentes.<\/p>\n<p>A propaganda eleitoral ser\u00e1 permitida a partir do dia seguinte, 16 de agosto, inclusive na internet. E o hor\u00e1rio eleitoral gratuito ser\u00e1 veiculado no r\u00e1dio e na televis\u00e3o de 28 de agosto a 1\u00ba de outubro.<\/p>\n<p>Preparem o cora\u00e7\u00e3o! O jogo come\u00e7ou!<\/p>\n<p><strong>Multa mantida<\/strong><\/p>\n<p>A a\u00e7\u00e3o a que Totonho Valadares foi alvo na Justi\u00e7a Federal pelo conv\u00eanio com Minist\u00e9rio do Turismo para os festejos juninos em 2010 teve nova movimenta\u00e7\u00e3o. O MPF alegou que n\u00e3o houve licita\u00e7\u00e3o cobrando Totonho por improbidade. Mas Totonho foi ao final apenas multado em R$ 10 mil e absolvido. O\u00a0 MPF recorreu. Agora, decidiu\u00a0 a Primeira Turma do Tribunal Regional Federal da 5\u00aa Regi\u00e3o: mantenha-se a multa. Nada mais.<\/p>\n<p><strong>Saulo Totonhou<\/strong><\/p>\n<p>O comentarista pol\u00edtico Saulo Gomes est\u00e1 com um p\u00e9 na campanha de Totonho Valadares, com direito a participa\u00e7\u00e3o em guia e na coordena\u00e7\u00e3o da campanha do emedebista. Cr\u00edtico ferrenho de Bolsonaro, deve ter alguma insatisfa\u00e7\u00e3o com Jos\u00e9 Patriota e Sandrinho que pesam mais que o fato de que Totonho votou no Capit\u00e3o. Falta apenas a sentada para acerto da parceria.<\/p>\n<p><strong>Outros Sandrinharam<\/strong><\/p>\n<p>Totonho busca ganhar terreno pois n\u00e3o ter\u00e1 o n\u00facleo duro de coordena\u00e7\u00e3o de suas campanhas anteriores. Nei Quidute, Anchieta Mascena e Carlos Marques, por exemplo, cabe\u00e7as pensantes sempre presentes em suas campanhas, est\u00e3o com Patriota e Sandrinho. Esses a\u00ed para 2020, \u201cSandrinharam\u201d.<\/p>\n<p><strong>Disputa dura em Serra<\/strong><\/p>\n<p>O jornalista Magno Martins deu suas impress\u00f5es no Debate das Dez da R\u00e1dio Paje\u00fa sobre o processo em Serra Talhada.\u00a0Avaliou positivamente o governo de Luciano Duque, mas disse que, caso Carlos Evandro seja candidato, haver\u00e1 uma elei\u00e7\u00e3o dura com a candidata governista M\u00e1rcia Conrado, diferente se Victor Oliveira, pra ele com menor express\u00e3o, for candidato.<\/p>\n<p><strong>Secret\u00e1rios no voto<\/strong><\/p>\n<p>N\u00e3o \u00e9 s\u00f3 M\u00e1rcia Conrado que capitalizou politicamente com sua atua\u00e7\u00e3o na Secretaria de Sa\u00fade de Serra e vai disputar mandato em 2020. Na lista tamb\u00e9m est\u00e3o os Secret\u00e1rios de Sa\u00fade\u00a0Orlando Jorge (Limoeiro), Patricia Am\u00e9lia (Goiana) e Z\u00e9 Edson, de Brejo da Madre de Deus .<\/p>\n<p><strong>Sem resposta dos Pires<\/strong><\/p>\n<p>A fam\u00edlia Pires ficou profundamente indignada com a fala de Setembrino Neves dos Santos, 104 anos, que classificou o \u00edcone\u00a0 Pedro Pires, de \u201csem a\u00e7\u00e3o e covarde\u201d. N\u00e3o respondeu por respeito \u00e0 sua idade e por entender que tratava-se de uma queixa pessoal. \u201cNunca arrumou nada pra mim\u201d, disse. De fato, Pedro Pires est\u00e1 num pedestal, que, com todo respeito a Seu Bino, \u00e9 inatac\u00e1vel. O Paje\u00fa lhe deve muito!<\/p>\n<p><strong>N\u00edvel baixo em BJ<\/strong><\/p>\n<p>O n\u00edvel pol\u00edtico em Belo Jardim envergonha seu belo povo. O\u00a0prefeito H\u00e9lio dos Terrenos (PTB), chamou Jo\u00e3o Mendon\u00e7a de ladr\u00e3o, o vereador\u00a0Gilvandro\u00a0Estrela de \u201cresto de ser humano\u201d\u00a0e Mendon\u00e7a Filho de \u201clideran\u00e7a derrubada, que n\u00e3o honra as cal\u00e7as que veste\u201d. Gilvandro\u00a0Estrela respondeu o chamando de \u201cdesonesto, velhaco e\u00a0<em>Gato do Paraguai<\/em>\u201c. Que lindo\u2026<\/p>\n<p><strong><img decoding=\"async\" class=\"alignleft size-thumbnail wp-image-166175\" src=\"https:\/\/i0.wp.com\/nilljunior.com.br\/wp-content\/uploads\/2020\/01\/gt.png?resize=150%2C100\" sizes=\"(max-width: 150px) 100vw, 150px\" srcset=\"https:\/\/i0.wp.com\/nilljunior.com.br\/wp-content\/uploads\/2020\/01\/gt.png?resize=150%2C100 150w, https:\/\/i0.wp.com\/nilljunior.com.br\/wp-content\/uploads\/2020\/01\/gt.png?zoom=2&amp;resize=150%2C100 300w\" alt=\"\" width=\"150\" height=\"100\" data-attachment-id=\"166175\" data-permalink=\"http:\/\/nilljunior.com.br\/coluna-do-domingao-149\/gt\/\" data-orig-file=\"https:\/\/i0.wp.com\/nilljunior.com.br\/wp-content\/uploads\/2020\/01\/gt.png?fit=423%2C349\" data-orig-size=\"423,349\" data-comments-opened=\"1\" data-image-meta=\"{&quot;aperture&quot;:&quot;0&quot;,&quot;credit&quot;:&quot;&quot;,&quot;camera&quot;:&quot;&quot;,&quot;caption&quot;:&quot;&quot;,&quot;created_timestamp&quot;:&quot;0&quot;,&quot;copyright&quot;:&quot;&quot;,&quot;focal_length&quot;:&quot;0&quot;,&quot;iso&quot;:&quot;0&quot;,&quot;shutter_speed&quot;:&quot;0&quot;,&quot;title&quot;:&quot;&quot;,&quot;orientation&quot;:&quot;0&quot;}\" data-image-title=\"gt\" data-image-description=\"\" data-medium-file=\"https:\/\/i0.wp.com\/nilljunior.com.br\/wp-content\/uploads\/2020\/01\/gt.png?fit=300%2C248\" data-large-file=\"https:\/\/i0.wp.com\/nilljunior.com.br\/wp-content\/uploads\/2020\/01\/gt.png?fit=423%2C349\" \/>M\u00e9aaauuu<\/strong><\/p>\n<p>Falando em gato, ao criticar o vereador Z\u00e9 Neg\u00e3o por n\u00e3o dar expediente na X Geres e receber o contracheque, o colega Sargento Argemiro o comparou nos bastidores da sess\u00e3o em que trocaram farpas a um \u201cgato rabo de bandeira\u201d. Disse que \u00e9 porque \u201c\u00e9 f\u00e1cil de pegar\u201d no deslize. N\u00e3o faz tempo, Wellington JK disse que Augusto Martins, de t\u00e3o maroto, era tal qual um \u201cgato maracaj\u00e1\u201d.<\/p>\n<p><strong>Oposi\u00e7\u00e3o tem que ter uni\u00e3o<\/strong><\/p>\n<p>Em S\u00e3o Jos\u00e9 do Egito, \u00e9 urgente que a oposi\u00e7\u00e3o se una, sob pena de perder feio para Evandro Valadares em 2020. At\u00e9 agora, \u00e9 um tal de Rom\u00e9rio prum lado, Z\u00e9 Marcos pro outro, Rona Leite pro outro. Unidos, ter\u00e3o dificuldades, mas poder\u00e3o fazer S\u00e3o Jos\u00e9 ter uma disputa. Separados, entregam de bandeja.<\/p>\n<p><strong>Aos leitores:<\/strong><\/p>\n<p>Entro de f\u00e9rias nesta segunda, privando voc\u00eas por tr\u00eas semanas da Coluna do Doming\u00e3o. O Blog continuar\u00e1 sendo tocado com maestria por Andr\u00e9 Luiz e Juliana Lima.<\/p>\n<p><strong>Frase da semana:\u00a0\u201cAtuamos para parar uma guerra, n\u00e3o tomamos medidas para iniciar uma guerra\u201d.\u00a0<\/strong>De<strong>\u00a0Donald Trump\u00a0<\/strong>em seu primeiro pronunciamento p\u00fablico sobre a morte de Soleimani, l\u00edder do Ex\u00e9rcito Iraniano, numa frase que vai para a s\u00e9rie<em>\u00a0\u201cAh t\u00e1\u2026\u201d<\/em><\/p>\n<\/div>\n<\/div>\n","protected":false},"excerpt":{"rendered":"<p>Elei&ccedil;&otilde;es: o que vem por a&iacute; em 2020&nbsp; no Blog e na R&aacute;dio Paje&uacute;: J&aacute; estamos em 2020, o ano que vale por quatro, porque vai definir nosso futuro em outubro, m&ecirc;s das elei&ccedil;&otilde;es municipais em todo o pa&iacute;s. As regras do jogo j&aacute; est&atilde;o valendo. Por exemplo, aquelas pesquisas que o blog costuma publicar &#8230; <a title=\"Coluna do Doming\u00e3o por Nill J\u00fanior em 5 de janeiro de 2020\" class=\"read-more\" href=\"https:\/\/blogdomarcellopatriota.com.br\/blog\/coluna-do-domingao-por-nill-junior-em-5-de-janeiro-de-2020\/\" aria-label=\"Read more about Coluna do Doming\u00e3o por Nill J\u00fanior em 5 de janeiro de 2020\">Ler mais<\/a><\/p>\n","protected":false},"author":2,"featured_media":0,"comment_status":"open","ping_status":"open","sticky":false,"template":"","format":"standard","meta":{"footnotes":""},"categories":[1],"tags":[],"class_list":["post-22754","post","type-post","status-publish","format-standard","hentry","category-sem-categoria"],"_links":{"self":[{"href":"https:\/\/blogdomarcellopatriota.com.br\/blog\/wp-json\/wp\/v2\/posts\/22754","targetHints":{"allow":["GET"]}}],"collection":[{"href":"https:\/\/blogdomarcellopatriota.com.br\/blog\/wp-json\/wp\/v2\/posts"}],"about":[{"href":"https:\/\/blogdomarcellopatriota.com.br\/blog\/wp-json\/wp\/v2\/types\/post"}],"author":[{"embeddable":true,"href":"https:\/\/blogdomarcellopatriota.com.br\/blog\/wp-json\/wp\/v2\/users\/2"}],"replies":[{"embeddable":true,"href":"https:\/\/blogdomarcellopatriota.com.br\/blog\/wp-json\/wp\/v2\/comments?post=22754"}],"version-history":[{"count":1,"href":"https:\/\/blogdomarcellopatriota.com.br\/blog\/wp-json\/wp\/v2\/posts\/22754\/revisions"}],"predecessor-version":[{"id":22755,"href":"https:\/\/blogdomarcellopatriota.com.br\/blog\/wp-json\/wp\/v2\/posts\/22754\/revisions\/22755"}],"wp:attachment":[{"href":"https:\/\/blogdomarcellopatriota.com.br\/blog\/wp-json\/wp\/v2\/media?parent=22754"}],"wp:term":[{"taxonomy":"category","embeddable":true,"href":"https:\/\/blogdomarcellopatriota.com.br\/blog\/wp-json\/wp\/v2\/categories?post=22754"},{"taxonomy":"post_tag","embeddable":true,"href":"https:\/\/blogdomarcellopatriota.com.br\/blog\/wp-json\/wp\/v2\/tags?post=22754"}],"curies":[{"name":"wp","href":"https:\/\/api.w.org\/{rel}","templated":true}]}}