{"id":22786,"date":"2020-01-06T01:08:50","date_gmt":"2020-01-06T04:08:50","guid":{"rendered":"http:\/\/blogdomarcellopatriota.com.br\/blog\/?p=22786"},"modified":"2020-01-06T12:17:27","modified_gmt":"2020-01-06T15:17:27","slug":"giro-pelos-blogso6-o1-20208","status":"publish","type":"post","link":"https:\/\/blogdomarcellopatriota.com.br\/blog\/giro-pelos-blogso6-o1-20208\/","title":{"rendered":"***********Giro pelos Blog&#8217;S======(o6.o1.2020)***8"},"content":{"rendered":"<p><span style=\"font-size: 24pt;\">Coluna do Blog de Magno Martins<\/span><\/p>\n<p><b><strong><img decoding=\"async\" class=\"alignleft\" src=\"https:\/\/scontent.frec3-2.fna.fbcdn.net\/v\/t1.0-9\/47575582_1911335932319958_6641430448041885696_n.jpg?_nc_cat=103&amp;_nc_ohc=2pW55eqaGMYAQnoDLFS1GkzOmEbIHPCriUKWMERvttR_qZOPv_4NbMDeg&amp;_nc_ht=scontent.frec3-2.fna&amp;oh=f7cccb4717db2460018c9bae7d83d143&amp;oe=5E66860D\" width=\"253\" height=\"190\" \/>Vem a\u00ed o \u201cCorredor Bolsonaro\u201d\u00a0<\/strong><\/b><\/p>\n<p>Algo que estava sendo costurado pelo Planalto num sil\u00eancio estrat\u00e9gico com vistas \u00e0s elei\u00e7\u00f5es no Recife e Regi\u00e3o Metropolitana foi descoberto por este colunista: a montagem do que j\u00e1 foi batizado de \u201cCorredor Bolsonaro\u201d. Cinco partidos, atualmente mantidos em sigilo, se unir\u00e3o para disputar as prefeituras com candidatos filiados a uma s\u00f3 legenda.<\/p>\n<p>Na pr\u00e1tica, funcionar\u00e1 assim: o nome lan\u00e7ado em Jaboat\u00e3o, por exemplo, dentro da frente dos cinco, tem que estar filiado ao mesmo partido daquele escolhido no Recife, Olinda, Paulista e outras cidades do eixo. O an\u00fancio formal do \u201cCorredor Bolsonaro\u201d n\u00e3o tem data marcada e depende do desfecho das articula\u00e7\u00f5es no Recife.<\/p>\n<p>Entre os partidos sondados est\u00e3o o DEM, de Mendon\u00e7a Filho, o PSDB, de Bruno Ara\u00fajo, e o PSD, de Andr\u00e9 de Paula, este na imin\u00eancia de anunciar seu rompimento com a frente formada em apoio ao candidato do PSB, Jo\u00e3o Campos. \u00c9 o\u00a0bolsonarismo\u00a0botando as unhas de fora.<\/p>\n<p><b><strong>Remo\u00e7\u00e3o de barreiras<\/strong><\/b><\/p>\n<p>O grande desafio para o \u201ccorredor\u201d se consolidar \u00e9 remover as pr\u00e9-candidaturas j\u00e1 nas ruas, a exemplo de Mendon\u00e7a Filho, do DEM, que n\u00e3o abre nem para um trem carregado de p\u00f3lvora. Outra informa\u00e7\u00e3o importante: o presidente da Embratur, Gilson Neto, pode at\u00e9 a vir ser escolhido como o candidato do novo movimento no Recife, mas, a princ\u00edpio, resiste. E muito!<\/p>\n<p><b><strong>Bate chapa<\/strong><\/b>\u00a0\u2013 Estimulado por aliados, j\u00e1 tendo garantido os votos de Felipe Carreras, Jo\u00e3o Campos e Gonzaga Patriota, o deputado Danilo Cabral est\u00e1 disposto a bater chapa na elei\u00e7\u00e3o para l\u00edder do PSB na C\u00e2mara em substitui\u00e7\u00e3o a Tadeu Alencar, na reabertura dos trabalhos, em 3 de fevereiro. N\u00e3o engoliu Alexandre\u00a0Molon\u00a0(RJ), cria\u00e7\u00e3o de Tadeu, como candidato oficial.<\/p>\n<p><b><strong>Pelo MDB<\/strong><\/b>\u00a0\u2013 Fato novo em Surubim: o ex-prefeito Fl\u00e1vio N\u00f3brega, que lidera todas as pesquisas de inten\u00e7\u00e3o de voto, rompido com a prefeita Ana C\u00e9lia, deve trocar o PSB pelo MDB. O martelo j\u00e1 foi praticamente batido num encontro com o l\u00edder do Governo Bolsonaro no Senado, Fernando Bezerra Coelho. Aos poucos, FBC vai ficando ra\u00edzes al\u00e9m da fronteira de Petrolina.<\/p>\n<p><b><strong>Celebridade<\/strong><\/b>\u00a0\u2013 A deputada\u00a0Tabata\u00a0Amaral (PDT-SP) tem nariz extremamente empinado. Este colunista, que em um atrevimento j\u00e1 entrevistou at\u00e9 Fidel Castro, em Cuba, tentou agendar uma conversa com ela, que remeteu para sua assessoria e\u00a0esta\u00a0respondeu que eu seria o 35\u00ba da lista. Celebridade \u00e9 assim, minha gente!<\/p>\n<p><b><strong>Que horror!<\/strong><\/b>\u00a0\u2013 O hospital Santa Efig\u00eania, em Caruaru, n\u00e3o descobriu a origem da dor que levou o deputado\u00a0Wolney\u00a0Queiroz a um procedimento cir\u00fargico numa unidade mais avan\u00e7ada e equipada no Recife, o hospital Santa Joana. E olha que se tratava de algo de baixa complexidade: ves\u00edcula inflamada.<\/p>\n<p><b><strong>T\u00e1 mesmo?\u00a0<\/strong><\/b>\u2013 O bloco de oposi\u00e7\u00e3o ao prefeito de Sert\u00e2nia, \u00c2ngelo Ferreira (PSB), nega que o pr\u00e9-candidato do PT, Orestes Neves, n\u00e3o esteja em alta no munic\u00edpio pelo fato de n\u00e3o ter se sa\u00eddo bem como secret\u00e1rio de Sa\u00fade. \u201cFoi um dos melhores da pasta e est\u00e1 preparado para ser prefeito\u201d, rebate a oposi\u00e7\u00e3o, em nota.<\/p>\n<p><b><strong>Perguntar n\u00e3o ofende:\u00a0<\/strong><\/b><b><strong>Bolsonaro pegou no p\u00e9 dos nordestinos ao afirmar que todo cearense tem cabe\u00e7a chata?\u00a0\u00a0<\/strong><\/b><\/p>\n<p><span style=\"font-size: 24pt;\">Coluna do FinFa<\/span><\/p>\n<p><img fetchpriority=\"high\" decoding=\"async\" class=\"aligncenter\" src=\"http:\/\/blogdofinfa.com.br\/wp-content\/uploads\/2020\/01\/TOTONHO-VALADARES1-800x450.jpg\" width=\"397\" height=\"223\" \/><strong>Condenado por improbidade administrativa<\/strong>\u00a0\u2013 O ex-prefeito de Afogados da Ingazeira, Totonho Valadares, sofreu uma derrota judicial no Tribunal Regional Federal da 5\u00aa Regi\u00e3o, no Processo e n\u00ba. 0800270-73.2016.4.05.8303, que tramitou naquela Corte Judicia<\/p>\n<p><img decoding=\"async\" class=\"aligncenter\" src=\"http:\/\/blogdofinfa.com.br\/wp-content\/uploads\/2020\/01\/81730079_777326749435519_8673718009396723712_o-800x534.jpg\" width=\"436\" height=\"291\" \/><\/p>\n<p><strong>Assinou<\/strong>\u00a0\u2013 O prefeito de S\u00e3o Jos\u00e9 do Egito, assinou no \u00faltimo s\u00e1bado (04),o termo de cess\u00e3o, o pr\u00e9dio da Rodovi\u00e1ria, que agora passa a ser da responsabilidade da Prefeitura e n\u00e3o mais do Estado.\u00a0<em>\u201cO governador Paulo C\u00e2mara, prometeu recursos e o nosso Governo, j\u00e1 come\u00e7ou a fazer melhorias na pavimenta\u00e7\u00e3o de acesso ao terminal. \u201cEm breve teremos um pr\u00e9dio digno para as pessoas que utilizam este pr\u00e9dio\u201d,<\/em>\u00a0garantiu o prefeito Evandro Valadares.<\/p>\n<p><strong><img loading=\"lazy\" decoding=\"async\" class=\"alignleft size-medium wp-image-149852\" src=\"http:\/\/blogdofinfa.com.br\/wp-content\/uploads\/2020\/01\/vice-206x300.png\" sizes=\"(max-width: 206px) 100vw, 206px\" srcset=\"https:\/\/blogdofinfa.com.br\/wp-content\/uploads\/2020\/01\/vice-206x300.png 206w, https:\/\/blogdofinfa.com.br\/wp-content\/uploads\/2020\/01\/vice.png 248w\" alt=\"\" width=\"206\" height=\"300\" \/>Sai do PTB e entra no PSB<\/strong>\u00a0\u2013 Em conversa com este blogueiro, o ex-vereador de Afogados da Ingazeira Vicente Zuza \u2013 Vicentinho (foto), confirmou que est\u00e1 saindo do PTB do qual \u00e9 Presidente Municipal, e dever\u00e1 assinar a ficha de filia\u00e7\u00e3o ao Partido Socialista Brasileiro (PSB), partido do prefeito Jos\u00e9 Patriota, para disputar as elei\u00e7\u00f5es este ano.<em>\u00a0\u201cEu e o prefeito Patriota, tivemos uma conversa, e deixamos acertado que vou ingressar no PSB, faltando somente marcarmos o dia da minha filia\u00e7\u00e3o\u201d,<\/em>\u00a0finalizou Vicentinho.<\/p>\n<p><strong>Frase<\/strong>\u00a0\u2013\u00a0<em>\u201cApesar das insist\u00eancias, n\u00e3o aderi ao novo processo seletivo\u201d.<\/em><strong>\u00a0(Mirian Nogueira, atual gestora da GRE Sert\u00e3o do Alto Paje\u00fa, que transfere a gest\u00e3o para a candidata selecionada, Maria do Socorro Amaral)<\/strong><\/p>\n<p><strong>Renunciou<\/strong>\u00a0\u2013 O prefeito de Santana do Matos, no interior do Rio Grande do Norte, Jos\u00e9 Edvaldo Guimar\u00e3es Junior, mais conhecido como Dr. J\u00fanior (PR), renunciou ao mandato para assumir outros cargos p\u00fablicos. Dessa vez, como servidor concursado. A transmiss\u00e3o do cargo para a vice-prefeita Maria Alice Silva (PSD) ocorreu neste domingo (5) na C\u00e2mara Municipal de Santana do Matos.<\/p>\n<p><strong>Oito candidatos<\/strong>\u00a0\u2013 Segundo o portal BJ Sempre, a cidade de Belo Jardim-PE, dever\u00e1 nas elei\u00e7\u00f5es deste ano, ter oito candidatos a prefeito. O atual prefeito H\u00e9lio dos Terrenos, dever\u00e1 concorrer a reelei\u00e7\u00e3o, Gilvandro Estrela, dever\u00e1 ser o candidato do grupo Mendon\u00e7a, Isabelle Mendon\u00e7a,esposa do ex-prefeito Jo\u00e3o Mendon\u00e7a, dever\u00e1 ser a candidata do PSB, Dr. Leonel Pimenteira, se apresenta como o candidato renova\u00e7\u00e3o, Dr. Evandro Mauro, candidato do Partido Progressista (PP), Elton das Bicicletas tamb\u00e9m dever\u00e1 sair candidato, Dr.Silvano atual vice-prefeito, poder\u00e1 ser o candidato do grupo Galv\u00e3o, Tenente Mariano filiado ao PSL, \u00e9 chamado do candidato liso.<\/p>\n<p><strong><img loading=\"lazy\" decoding=\"async\" class=\"alignleft size-full wp-image-149833\" src=\"http:\/\/blogdofinfa.com.br\/wp-content\/uploads\/2020\/01\/paulo.png\" alt=\"\" width=\"141\" height=\"220\" \/>Agenda<\/strong>\u00a0\u2013 O governador Paulo C\u00e2mara, empossa \u00e0s 10 horas, aos novos Gerentes Regionais de Educa\u00e7\u00e3o. Os profissionais que v\u00e3o atuar nas 16 Ger\u00eancias Regionais de Educa\u00e7\u00e3o (GREs) do Estado pelos pr\u00f3ximos anos, o evento ser\u00e1 no Pal\u00e1cio do Campo das Princesas, em Recife. A GRE\u00a0Sert\u00e3o do Alto Paje\u00fa, ter\u00e1 uma nova gestora a Professora tabirense, Maria do Socorro Amaral.<\/p>\n<p><strong>Perguntar n\u00e3o ofende<\/strong>\u00a0\u2013 O prefeito de Floresta Ricardo Ferraz, ser\u00e1 candidato a reelei\u00e7\u00e3o este ano?<\/p>\n","protected":false},"excerpt":{"rendered":"<p>Coluna do Blog de Magno Martins Vem a&iacute; o &ldquo;Corredor Bolsonaro&rdquo;&nbsp; Algo que estava sendo costurado pelo Planalto num sil&ecirc;ncio estrat&eacute;gico com vistas &agrave;s elei&ccedil;&otilde;es no Recife e Regi&atilde;o Metropolitana foi descoberto por este colunista: a montagem do que j&aacute; foi batizado de &ldquo;Corredor Bolsonaro&rdquo;. Cinco partidos, atualmente mantidos em sigilo, se unir&atilde;o para disputar &#8230; <a title=\"***********Giro pelos Blog&#8217;S======(o6.o1.2020)***8\" class=\"read-more\" href=\"https:\/\/blogdomarcellopatriota.com.br\/blog\/giro-pelos-blogso6-o1-20208\/\" aria-label=\"Read more about ***********Giro pelos Blog&#8217;S======(o6.o1.2020)***8\">Ler mais<\/a><\/p>\n","protected":false},"author":2,"featured_media":0,"comment_status":"open","ping_status":"open","sticky":false,"template":"","format":"standard","meta":{"footnotes":""},"categories":[1],"tags":[],"class_list":["post-22786","post","type-post","status-publish","format-standard","hentry","category-sem-categoria"],"_links":{"self":[{"href":"https:\/\/blogdomarcellopatriota.com.br\/blog\/wp-json\/wp\/v2\/posts\/22786","targetHints":{"allow":["GET"]}}],"collection":[{"href":"https:\/\/blogdomarcellopatriota.com.br\/blog\/wp-json\/wp\/v2\/posts"}],"about":[{"href":"https:\/\/blogdomarcellopatriota.com.br\/blog\/wp-json\/wp\/v2\/types\/post"}],"author":[{"embeddable":true,"href":"https:\/\/blogdomarcellopatriota.com.br\/blog\/wp-json\/wp\/v2\/users\/2"}],"replies":[{"embeddable":true,"href":"https:\/\/blogdomarcellopatriota.com.br\/blog\/wp-json\/wp\/v2\/comments?post=22786"}],"version-history":[{"count":4,"href":"https:\/\/blogdomarcellopatriota.com.br\/blog\/wp-json\/wp\/v2\/posts\/22786\/revisions"}],"predecessor-version":[{"id":22790,"href":"https:\/\/blogdomarcellopatriota.com.br\/blog\/wp-json\/wp\/v2\/posts\/22786\/revisions\/22790"}],"wp:attachment":[{"href":"https:\/\/blogdomarcellopatriota.com.br\/blog\/wp-json\/wp\/v2\/media?parent=22786"}],"wp:term":[{"taxonomy":"category","embeddable":true,"href":"https:\/\/blogdomarcellopatriota.com.br\/blog\/wp-json\/wp\/v2\/categories?post=22786"},{"taxonomy":"post_tag","embeddable":true,"href":"https:\/\/blogdomarcellopatriota.com.br\/blog\/wp-json\/wp\/v2\/tags?post=22786"}],"curies":[{"name":"wp","href":"https:\/\/api.w.org\/{rel}","templated":true}]}}