{"id":22792,"date":"2020-01-07T05:55:44","date_gmt":"2020-01-07T08:55:44","guid":{"rendered":"http:\/\/blogdomarcellopatriota.com.br\/blog\/?p=22792"},"modified":"2020-01-06T18:00:23","modified_gmt":"2020-01-06T21:00:23","slug":"ingazeira-sarau-profundancas-do-terreiro","status":"publish","type":"post","link":"https:\/\/blogdomarcellopatriota.com.br\/blog\/ingazeira-sarau-profundancas-do-terreiro\/","title":{"rendered":"INGAZEIRA \\ SARAU PROFUNDAN\u00c7AS DO TERREIRO"},"content":{"rendered":"<p><img fetchpriority=\"high\" decoding=\"async\" class=\"alignleft\" src=\"https:\/\/scontent.fcpv6-1.fna.fbcdn.net\/v\/t1.0-9\/p960x960\/81392210_2537445289711918_2122787671947345920_o.jpg?_nc_cat=101&amp;_nc_oc=AQnks3ImMBCca8hnrWNjV2puvuej_cckzZFnteNpJGpQVW4_4qg4f3Lp6WXqRP194sg&amp;_nc_pt=1&amp;_nc_ht=scontent.fcpv6-1.fna&amp;oh=f854178aa28e860af9659b168cede4da&amp;oe=5EA5CF7E\" alt=\"A imagem pode conter: uma ou mais pessoas e texto\" width=\"276\" height=\"276\" \/>[CIRCULA\u00c7\u00c3O PROFUNDAN\u00c7AS 3]<br \/>\nEis que a nossa caravana est\u00e1 chegando ao sert\u00e3o do Paje\u00fa, em Pernambuco&#8230;<br \/>\nO nosso ano de 2020 vai ser inaugurado no solo sagrado do S\u00edtio Minadouro, lugar m\u00edtico que tem recebido artistas de v\u00e1rios cantos. No dia 7\/1 vamos dizer e ouvir poesia com a comunidade da Ingazeira.<br \/>\nO Sarau Profundan\u00e7as no Terreiro vai reunir escritoras de Profundan\u00e7as e outras mulheres maravilhosas que re-existem com arte e sonho.<br \/>\nOd\u00edlia Nunes, Daniela Galdino, Francisca Ara\u00fajo, Isabelly Moreira, Renailda Cazumb\u00e1, Tatiana Dias Gomes e quem mais se achegar estar\u00e3o nessa gira imperd\u00edvel! (REDE SOCIAL DE ODILIA NUNES)<\/p>\n","protected":false},"excerpt":{"rendered":"<p>[CIRCULA&Ccedil;&Atilde;O PROFUNDAN&Ccedil;AS 3] Eis que a nossa caravana est&aacute; chegando ao sert&atilde;o do Paje&uacute;, em Pernambuco&hellip; O nosso ano de 2020 vai ser inaugurado no solo sagrado do S&iacute;tio Minadouro, lugar m&iacute;tico que tem recebido artistas de v&aacute;rios cantos. No dia 7\/1 vamos dizer e ouvir poesia com a comunidade da Ingazeira. O Sarau Profundan&ccedil;as &#8230; <a title=\"INGAZEIRA \\ SARAU PROFUNDAN\u00c7AS DO TERREIRO\" class=\"read-more\" href=\"https:\/\/blogdomarcellopatriota.com.br\/blog\/ingazeira-sarau-profundancas-do-terreiro\/\" aria-label=\"Read more about INGAZEIRA \\ SARAU PROFUNDAN\u00c7AS DO TERREIRO\">Ler mais<\/a><\/p>\n","protected":false},"author":2,"featured_media":0,"comment_status":"open","ping_status":"open","sticky":false,"template":"","format":"standard","meta":{"footnotes":""},"categories":[1],"tags":[],"class_list":["post-22792","post","type-post","status-publish","format-standard","hentry","category-sem-categoria"],"_links":{"self":[{"href":"https:\/\/blogdomarcellopatriota.com.br\/blog\/wp-json\/wp\/v2\/posts\/22792","targetHints":{"allow":["GET"]}}],"collection":[{"href":"https:\/\/blogdomarcellopatriota.com.br\/blog\/wp-json\/wp\/v2\/posts"}],"about":[{"href":"https:\/\/blogdomarcellopatriota.com.br\/blog\/wp-json\/wp\/v2\/types\/post"}],"author":[{"embeddable":true,"href":"https:\/\/blogdomarcellopatriota.com.br\/blog\/wp-json\/wp\/v2\/users\/2"}],"replies":[{"embeddable":true,"href":"https:\/\/blogdomarcellopatriota.com.br\/blog\/wp-json\/wp\/v2\/comments?post=22792"}],"version-history":[{"count":1,"href":"https:\/\/blogdomarcellopatriota.com.br\/blog\/wp-json\/wp\/v2\/posts\/22792\/revisions"}],"predecessor-version":[{"id":22793,"href":"https:\/\/blogdomarcellopatriota.com.br\/blog\/wp-json\/wp\/v2\/posts\/22792\/revisions\/22793"}],"wp:attachment":[{"href":"https:\/\/blogdomarcellopatriota.com.br\/blog\/wp-json\/wp\/v2\/media?parent=22792"}],"wp:term":[{"taxonomy":"category","embeddable":true,"href":"https:\/\/blogdomarcellopatriota.com.br\/blog\/wp-json\/wp\/v2\/categories?post=22792"},{"taxonomy":"post_tag","embeddable":true,"href":"https:\/\/blogdomarcellopatriota.com.br\/blog\/wp-json\/wp\/v2\/tags?post=22792"}],"curies":[{"name":"wp","href":"https:\/\/api.w.org\/{rel}","templated":true}]}}