{"id":22809,"date":"2020-01-06T23:02:34","date_gmt":"2020-01-07T02:02:34","guid":{"rendered":"http:\/\/blogdomarcellopatriota.com.br\/blog\/?p=22809"},"modified":"2020-01-07T11:10:24","modified_gmt":"2020-01-07T14:10:24","slug":"terminou-em-grande-estilo-a-155a-festa-de-reis2020-de-sjegito","status":"publish","type":"post","link":"https:\/\/blogdomarcellopatriota.com.br\/blog\/terminou-em-grande-estilo-a-155a-festa-de-reis2020-de-sjegito\/","title":{"rendered":"SJEGITO \\ Terminou em grande estilo a 155\u00aa FESTA DE REIS \\ 2020"},"content":{"rendered":"<p><img fetchpriority=\"high\" decoding=\"async\" class=\"aligncenter\" src=\"https:\/\/scontent.fcpv6-1.fna.fbcdn.net\/v\/t1.0-0\/p640x640\/82077518_2538906032899177_5355414980743135232_o.jpg?_nc_cat=105&amp;_nc_oc=AQnI3fJPSznqK6ELE1hUU1OP4K6vcTWQaHO94Y7tww0l-aSnJCBnfHTAQYscBNh4TXo&amp;_nc_pt=1&amp;_nc_ht=scontent.fcpv6-1.fna&amp;oh=423ceda1b560915ec42c041592906aa5&amp;oe=5E9B2983\" alt=\"A imagem pode conter: 3 pessoas, multid\u00e3o, noite e atividades ao ar livre\" width=\"645\" height=\"430\" \/><img decoding=\"async\" class=\"alignleft\" src=\"https:\/\/scontent.fcpv6-1.fna.fbcdn.net\/v\/t1.0-0\/p640x640\/81612519_2538906042899176_890681414377275392_o.jpg?_nc_cat=110&amp;_nc_oc=AQmS7G37NbqcjAkpM31z0BFm2Hc98zCwRcNpa_DFqfM8FbnQ1aijPk-PPllozb04NnY&amp;_nc_pt=1&amp;_nc_ht=scontent.fcpv6-1.fna&amp;oh=88c8591b731384c4dc4206675db58978&amp;oe=5EA1D220\" alt=\"A imagem pode conter: 27 pessoas, pessoas sorrindo, multid\u00e3o\" width=\"321\" height=\"214\" \/>segundo o Jornalista e Blogueiro Erbi Andarde os dias 03 e 05 de Janeiro, S\u00e3o Jos\u00e9 do Egito viveu a sua maior Festa de Reis. Foram 6 atra\u00e7\u00f5es musicais, 3 noites, um super estrutura e gente, muita gente. Foram mais de 50 mil pessoas que passaram pelo P\u00e1tio de Eventos Miguel Arraes de Alencar, consolidando a maior Festa de Reis do interior de Pernambuco.<br \/>\nNo domingo (05), Erik Land e Wakyria Santos fecharam com chave de ouro a programa, com dois shows para mais de 10 mil pessoas.<\/p>\n","protected":false},"excerpt":{"rendered":"<p>segundo o Jornalista e Blogueiro Erbi Andarde os dias 03 e 05 de Janeiro, S&atilde;o Jos&eacute; do Egito viveu a sua maior Festa de Reis. Foram 6 atra&ccedil;&otilde;es musicais, 3 noites, um super estrutura e gente, muita gente. Foram mais de 50 mil pessoas que passaram pelo P&aacute;tio de Eventos Miguel Arraes de Alencar, consolidando &#8230; <a title=\"SJEGITO \\ Terminou em grande estilo a 155\u00aa FESTA DE REIS \\ 2020\" class=\"read-more\" href=\"https:\/\/blogdomarcellopatriota.com.br\/blog\/terminou-em-grande-estilo-a-155a-festa-de-reis2020-de-sjegito\/\" aria-label=\"Read more about SJEGITO \\ Terminou em grande estilo a 155\u00aa FESTA DE REIS \\ 2020\">Ler mais<\/a><\/p>\n","protected":false},"author":2,"featured_media":0,"comment_status":"open","ping_status":"open","sticky":false,"template":"","format":"standard","meta":{"footnotes":""},"categories":[1],"tags":[],"class_list":["post-22809","post","type-post","status-publish","format-standard","hentry","category-sem-categoria"],"_links":{"self":[{"href":"https:\/\/blogdomarcellopatriota.com.br\/blog\/wp-json\/wp\/v2\/posts\/22809","targetHints":{"allow":["GET"]}}],"collection":[{"href":"https:\/\/blogdomarcellopatriota.com.br\/blog\/wp-json\/wp\/v2\/posts"}],"about":[{"href":"https:\/\/blogdomarcellopatriota.com.br\/blog\/wp-json\/wp\/v2\/types\/post"}],"author":[{"embeddable":true,"href":"https:\/\/blogdomarcellopatriota.com.br\/blog\/wp-json\/wp\/v2\/users\/2"}],"replies":[{"embeddable":true,"href":"https:\/\/blogdomarcellopatriota.com.br\/blog\/wp-json\/wp\/v2\/comments?post=22809"}],"version-history":[{"count":4,"href":"https:\/\/blogdomarcellopatriota.com.br\/blog\/wp-json\/wp\/v2\/posts\/22809\/revisions"}],"predecessor-version":[{"id":22813,"href":"https:\/\/blogdomarcellopatriota.com.br\/blog\/wp-json\/wp\/v2\/posts\/22809\/revisions\/22813"}],"wp:attachment":[{"href":"https:\/\/blogdomarcellopatriota.com.br\/blog\/wp-json\/wp\/v2\/media?parent=22809"}],"wp:term":[{"taxonomy":"category","embeddable":true,"href":"https:\/\/blogdomarcellopatriota.com.br\/blog\/wp-json\/wp\/v2\/categories?post=22809"},{"taxonomy":"post_tag","embeddable":true,"href":"https:\/\/blogdomarcellopatriota.com.br\/blog\/wp-json\/wp\/v2\/tags?post=22809"}],"curies":[{"name":"wp","href":"https:\/\/api.w.org\/{rel}","templated":true}]}}