{"id":22814,"date":"2020-01-08T00:49:21","date_gmt":"2020-01-08T03:49:21","guid":{"rendered":"http:\/\/blogdomarcellopatriota.com.br\/blog\/?p=22814"},"modified":"2020-01-09T10:49:07","modified_gmt":"2020-01-09T13:49:07","slug":"tragedia-no-cariri-paraibano-mae-filha-e-neta-morrem-na-br-412-vitimas-sao-de-sertania","status":"publish","type":"post","link":"https:\/\/blogdomarcellopatriota.com.br\/blog\/tragedia-no-cariri-paraibano-mae-filha-e-neta-morrem-na-br-412-vitimas-sao-de-sertania\/","title":{"rendered":"TRAG\u00c9DIA NO CARIRI PARAIBANO \\ M\u00e3e, filha e neta morrem na BR 412, v\u00edtimas s\u00e3o de Sert\u00e2nia"},"content":{"rendered":"<p><img fetchpriority=\"high\" decoding=\"async\" class=\"alignleft\" src=\"http:\/\/www.caririemacao.com\/1\/wp-content\/uploads\/2020\/01\/696x467x63df1d27-1e2a-4176-8be6-7a1c48f6b5f0-696x467.jpg.pagespeed.ic.oSryBQP8Ol.webp\" width=\"395\" height=\"265\" \/><\/p>\n<p>Um grave acidente automobil\u00edstico ocasionou em uma verdadeira trag\u00e9dia. Duas mulheres e um beb\u00ea morreram na noite da ter\u00e7a-feira (7) ap\u00f3s a caminhonete em que estavam colidir em um caminh\u00e3o, na BR-412, em S\u00e3o Jo\u00e3o do Cariri, no Cariri da Para\u00edba. Segundo informa\u00e7\u00f5es da Pol\u00edcia Civil, outra crian\u00e7a que estava no ve\u00edculo ficou ferida e foi socorrida e encaminhada para o Hospital de Trauma de Campina Grande. O acidente vitimou Elza e Gaby, ou seja, m\u00e3e e filha e a netinha de apenas 1 aninho.<\/p>\n<p>O beb\u00ea havia sido socorrido para o hospital de Serra Branca e estava sendo reanimado, mas n\u00e3o resistiu e faleceu na unidade Hospitalar. Tratava-se um beb\u00ea do sexo feminino.<\/p>\n<p>De acordo com a pol\u00edcia, a caminhonete colidiu com o caminh\u00e3o do tipo ca\u00e7amba. No momento chovia muito no cariri paraibano. Estavam no ve\u00edculo um homem, duas mulheres, uma crian\u00e7a e um beb\u00ea todos da mesma fam\u00edlia. As duas mulheres, que eram m\u00e3e e filha, morreram logo ap\u00f3s o acidente.<\/p>\n<p><img decoding=\"async\" class=\"alignright\" src=\"http:\/\/www.caririemacao.com\/1\/wp-content\/uploads\/2020\/01\/719x606x82223432_3040425839302018_5661341721665994752_n-1.jpg.pagespeed.ic.8yJtHsvBSc.webp\" width=\"332\" height=\"280\" \/>A crian\u00e7a, de 5 anos, e o beb\u00ea, de um ano, foram socorridos para o Hospital Geral de Serra Branca. De acordo com a unidade hospitalar, o beb\u00ea morreu no hospital. J\u00e1 a crian\u00e7a foi reanimada e transferida para o Hospital de Trauma de Campina Grande, onde permanece internado na UTI em estado de sa\u00fade considerado grave.<\/p>\n<p>O carro vinha sendo guiado pelo esposo de Gaby e vinha no carro a m\u00e3e de Gaby, Elza e a pr\u00f3pria Gaby. As quais morreram devido a gravidade dos ferimentos. Gaby era empres\u00e1ria e propriet\u00e1ria da loja no centro de Sert\u00e2nia, a INOVELAR. Not\u00edcia triste e angustiante para todos os sertanienses e amigos das v\u00edtimas.<\/p>\n<p><img decoding=\"async\" class=\"alignleft\" src=\"http:\/\/tribunadomoxoto.com\/wp-content\/uploads\/2020\/01\/WhatsApp-Image-2020-01-07-at-21.32.31-1-696x807.jpeg\" width=\"304\" height=\"352\" \/>O\u00a0<em><strong>Tribuna do Moxot\u00f3<\/strong><\/em>\u00a0conversou com alguns especialistas, os quais observaram pelo menos dois fatos que contribu\u00edram diretamente para o acidente. Primeiro fato diz respeito as fortes chuvas que no momento caiam naquela rodovia e outro fato preponderante e apontada por um dos nossos especialistas foi a falta de total sinaliza\u00e7\u00e3o na traseira da ca\u00e7amba, al\u00e9m do mais de cor preta, sem nenhuma faixa reflexiva, o que \u00e9 obrigat\u00f3ria em caminh\u00f5es. \u201cOutro fator \u00e9 que, segundo depoimentos ouvidos em diversos \u00e1udios no app whast app, o motorista da ca\u00e7amba estava com velocidade muito baixa para uma rodovia, quando a lei estabelece que ve\u00edculos como estes trafeguem com pelo menos 40% da velocidade permitida nessas estradas\u201d, aponta o especialista paraibano que conversou com nossa equipe.\u00a0\u00a0A Pol\u00edcia Civil da PB, ainda n\u00e3o sabe o que teria causado o acidente e confirmou que as v\u00edtimas eram da cidade de Sert\u00e2nia, Pernambuco.<\/p>\n","protected":false},"excerpt":{"rendered":"<p>Um grave acidente automobil&iacute;stico ocasionou em uma verdadeira trag&eacute;dia. Duas mulheres e um beb&ecirc; morreram na noite da ter&ccedil;a-feira (7) ap&oacute;s a caminhonete em que estavam colidir em um caminh&atilde;o, na BR-412, em S&atilde;o Jo&atilde;o do Cariri, no Cariri da Para&iacute;ba. Segundo informa&ccedil;&otilde;es da Pol&iacute;cia Civil, outra crian&ccedil;a que estava no ve&iacute;culo ficou ferida e &#8230; <a title=\"TRAG\u00c9DIA NO CARIRI PARAIBANO \\ M\u00e3e, filha e neta morrem na BR 412, v\u00edtimas s\u00e3o de Sert\u00e2nia\" class=\"read-more\" href=\"https:\/\/blogdomarcellopatriota.com.br\/blog\/tragedia-no-cariri-paraibano-mae-filha-e-neta-morrem-na-br-412-vitimas-sao-de-sertania\/\" aria-label=\"Read more about TRAG\u00c9DIA NO CARIRI PARAIBANO \\ M\u00e3e, filha e neta morrem na BR 412, v\u00edtimas s\u00e3o de Sert\u00e2nia\">Ler mais<\/a><\/p>\n","protected":false},"author":2,"featured_media":0,"comment_status":"open","ping_status":"open","sticky":false,"template":"","format":"standard","meta":{"footnotes":""},"categories":[1],"tags":[],"class_list":["post-22814","post","type-post","status-publish","format-standard","hentry","category-sem-categoria"],"_links":{"self":[{"href":"https:\/\/blogdomarcellopatriota.com.br\/blog\/wp-json\/wp\/v2\/posts\/22814","targetHints":{"allow":["GET"]}}],"collection":[{"href":"https:\/\/blogdomarcellopatriota.com.br\/blog\/wp-json\/wp\/v2\/posts"}],"about":[{"href":"https:\/\/blogdomarcellopatriota.com.br\/blog\/wp-json\/wp\/v2\/types\/post"}],"author":[{"embeddable":true,"href":"https:\/\/blogdomarcellopatriota.com.br\/blog\/wp-json\/wp\/v2\/users\/2"}],"replies":[{"embeddable":true,"href":"https:\/\/blogdomarcellopatriota.com.br\/blog\/wp-json\/wp\/v2\/comments?post=22814"}],"version-history":[{"count":4,"href":"https:\/\/blogdomarcellopatriota.com.br\/blog\/wp-json\/wp\/v2\/posts\/22814\/revisions"}],"predecessor-version":[{"id":22829,"href":"https:\/\/blogdomarcellopatriota.com.br\/blog\/wp-json\/wp\/v2\/posts\/22814\/revisions\/22829"}],"wp:attachment":[{"href":"https:\/\/blogdomarcellopatriota.com.br\/blog\/wp-json\/wp\/v2\/media?parent=22814"}],"wp:term":[{"taxonomy":"category","embeddable":true,"href":"https:\/\/blogdomarcellopatriota.com.br\/blog\/wp-json\/wp\/v2\/categories?post=22814"},{"taxonomy":"post_tag","embeddable":true,"href":"https:\/\/blogdomarcellopatriota.com.br\/blog\/wp-json\/wp\/v2\/tags?post=22814"}],"curies":[{"name":"wp","href":"https:\/\/api.w.org\/{rel}","templated":true}]}}