{"id":22831,"date":"2020-01-09T03:18:17","date_gmt":"2020-01-09T06:18:17","guid":{"rendered":"http:\/\/blogdomarcellopatriota.com.br\/blog\/?p=22831"},"modified":"2020-01-08T13:18:58","modified_gmt":"2020-01-08T16:18:58","slug":"mario-filho-garante-candidatura-da-oposicao-em-ingazeira","status":"publish","type":"post","link":"https:\/\/blogdomarcellopatriota.com.br\/blog\/mario-filho-garante-candidatura-da-oposicao-em-ingazeira\/","title":{"rendered":"M\u00e1rio Filho garante candidatura da oposi\u00e7\u00e3o em Ingazeira"},"content":{"rendered":"<p><a href=\"https:\/\/i2.wp.com\/nilljunior.com.br\/wp-content\/uploads\/2019\/04\/mario-viana.jpg\"><img fetchpriority=\"high\" decoding=\"async\" class=\"alignleft wp-image-148243\" src=\"https:\/\/i2.wp.com\/nilljunior.com.br\/wp-content\/uploads\/2019\/04\/mario-viana.jpg?resize=400%2C266\" sizes=\"(max-width: 400px) 100vw, 400px\" srcset=\"https:\/\/i2.wp.com\/nilljunior.com.br\/wp-content\/uploads\/2019\/04\/mario-viana.jpg?resize=600%2C400 600w, https:\/\/i2.wp.com\/nilljunior.com.br\/wp-content\/uploads\/2019\/04\/mario-viana.jpg?resize=150%2C100 150w, https:\/\/i2.wp.com\/nilljunior.com.br\/wp-content\/uploads\/2019\/04\/mario-viana.jpg?resize=300%2C200 300w, https:\/\/i2.wp.com\/nilljunior.com.br\/wp-content\/uploads\/2019\/04\/mario-viana.jpg?w=640 640w\" alt=\"\" width=\"400\" height=\"267\" data-attachment-id=\"148243\" data-permalink=\"http:\/\/nilljunior.com.br\/?attachment_id=148243\" data-orig-file=\"https:\/\/i2.wp.com\/nilljunior.com.br\/wp-content\/uploads\/2019\/04\/mario-viana.jpg?fit=640%2C426\" data-orig-size=\"640,426\" data-comments-opened=\"1\" data-image-meta=\"{&quot;aperture&quot;:&quot;0&quot;,&quot;credit&quot;:&quot;&quot;,&quot;camera&quot;:&quot;&quot;,&quot;caption&quot;:&quot;&quot;,&quot;created_timestamp&quot;:&quot;0&quot;,&quot;copyright&quot;:&quot;&quot;,&quot;focal_length&quot;:&quot;0&quot;,&quot;iso&quot;:&quot;0&quot;,&quot;shutter_speed&quot;:&quot;0&quot;,&quot;title&quot;:&quot;&quot;,&quot;orientation&quot;:&quot;0&quot;}\" data-image-title=\"mario viana\" data-image-description=\"\" data-medium-file=\"https:\/\/i2.wp.com\/nilljunior.com.br\/wp-content\/uploads\/2019\/04\/mario-viana.jpg?fit=300%2C200\" data-large-file=\"https:\/\/i2.wp.com\/nilljunior.com.br\/wp-content\/uploads\/2019\/04\/mario-viana.jpg?fit=600%2C400\" \/><\/a>L\u00edder da oposi\u00e7\u00e3o Ingazeirense, o jornalista M\u00e1rio Viana Filho negou que as seguidas derrotas tenham lhe tirado a motiva\u00e7\u00e3o para disputar a Prefeitura de seu munic\u00edpio em 2020.<\/p>\n<p>Falando ao comunicador\u00a0<strong>Anchieta Santos<\/strong>\u00a0na\u00a0<strong>R\u00e1dio Cidade FM<\/strong>, M\u00e1rio declarou que a decis\u00e3o n\u00e3o \u00e9 f\u00e1cil pois envolve fam\u00edlia e as atividades com sua empresa.<\/p>\n<p>Ele descartou que mesmo diante de sua indecis\u00e3o e a poss\u00edvel desist\u00eancia de Itan do Mercado o grupo de oposi\u00e7\u00e3o venha a perder a elei\u00e7\u00e3o por WO. \u201cTeremos candidato sim. A oposi\u00e7\u00e3o tem um grupo fiel que n\u00e3o ficar\u00e1 sem representa\u00e7\u00e3o nesta elei\u00e7\u00e3o\u201d.<\/p>\n<p>Depois de enaltecer os seus feitos em favor de Ingazeira j\u00e1 citados em outras entrevistas, M\u00e1rio criticou a situa\u00e7\u00e3o do ex-prefeito Luciano Torres (PSB) que segundo ele ter\u00e1 dificuldades para enfrentar as urnas com as irregularidades apresentadas pelo TCE contra as contas de 2015\/2016.<\/p>\n<p>A gest\u00e3o do prefeito Lino foi bastante criticada por M\u00e1rio e o vereador Dorneles Alencar.<\/p>\n<p>Ao contr\u00e1rio do que disse em entrevista anterior onde afirmou n\u00e3o ter obriga\u00e7\u00e3o de morar em Ingazeira respondendo ao vereador Geno, desta vez M\u00e1rio Filho garantiu nunca ter prometido nos palanques de campanha que moraria na cidade. \u201cDesafio que algu\u00e9m tenha uma grava\u00e7\u00e3o com esta afirma\u00e7\u00e3o\u201d. Ele descartou qualquer possibilidade de disputar o mandato de vereador.<\/p>\n","protected":false},"excerpt":{"rendered":"<p>L&iacute;der da oposi&ccedil;&atilde;o Ingazeirense, o jornalista M&aacute;rio Viana Filho negou que as seguidas derrotas tenham lhe tirado a motiva&ccedil;&atilde;o para disputar a Prefeitura de seu munic&iacute;pio em 2020. Falando ao comunicador&nbsp;Anchieta Santos&nbsp;na&nbsp;R&aacute;dio Cidade FM, M&aacute;rio declarou que a decis&atilde;o n&atilde;o &eacute; f&aacute;cil pois envolve fam&iacute;lia e as atividades com sua empresa. Ele descartou que mesmo &#8230; <a title=\"M\u00e1rio Filho garante candidatura da oposi\u00e7\u00e3o em Ingazeira\" class=\"read-more\" href=\"https:\/\/blogdomarcellopatriota.com.br\/blog\/mario-filho-garante-candidatura-da-oposicao-em-ingazeira\/\" aria-label=\"Read more about M\u00e1rio Filho garante candidatura da oposi\u00e7\u00e3o em Ingazeira\">Ler mais<\/a><\/p>\n","protected":false},"author":2,"featured_media":0,"comment_status":"open","ping_status":"open","sticky":false,"template":"","format":"standard","meta":{"footnotes":""},"categories":[1],"tags":[],"class_list":["post-22831","post","type-post","status-publish","format-standard","hentry","category-sem-categoria"],"_links":{"self":[{"href":"https:\/\/blogdomarcellopatriota.com.br\/blog\/wp-json\/wp\/v2\/posts\/22831","targetHints":{"allow":["GET"]}}],"collection":[{"href":"https:\/\/blogdomarcellopatriota.com.br\/blog\/wp-json\/wp\/v2\/posts"}],"about":[{"href":"https:\/\/blogdomarcellopatriota.com.br\/blog\/wp-json\/wp\/v2\/types\/post"}],"author":[{"embeddable":true,"href":"https:\/\/blogdomarcellopatriota.com.br\/blog\/wp-json\/wp\/v2\/users\/2"}],"replies":[{"embeddable":true,"href":"https:\/\/blogdomarcellopatriota.com.br\/blog\/wp-json\/wp\/v2\/comments?post=22831"}],"version-history":[{"count":1,"href":"https:\/\/blogdomarcellopatriota.com.br\/blog\/wp-json\/wp\/v2\/posts\/22831\/revisions"}],"predecessor-version":[{"id":22832,"href":"https:\/\/blogdomarcellopatriota.com.br\/blog\/wp-json\/wp\/v2\/posts\/22831\/revisions\/22832"}],"wp:attachment":[{"href":"https:\/\/blogdomarcellopatriota.com.br\/blog\/wp-json\/wp\/v2\/media?parent=22831"}],"wp:term":[{"taxonomy":"category","embeddable":true,"href":"https:\/\/blogdomarcellopatriota.com.br\/blog\/wp-json\/wp\/v2\/categories?post=22831"},{"taxonomy":"post_tag","embeddable":true,"href":"https:\/\/blogdomarcellopatriota.com.br\/blog\/wp-json\/wp\/v2\/tags?post=22831"}],"curies":[{"name":"wp","href":"https:\/\/api.w.org\/{rel}","templated":true}]}}