{"id":22850,"date":"2020-01-09T09:13:46","date_gmt":"2020-01-09T12:13:46","guid":{"rendered":"http:\/\/blogdomarcellopatriota.com.br\/blog\/?p=22850"},"modified":"2020-01-09T09:13:46","modified_gmt":"2020-01-09T12:13:46","slug":"primeiro-fpm-deste-ano-sera-de-r-28-bilhoes-valor-menor-que-transferido-em-2019","status":"publish","type":"post","link":"https:\/\/blogdomarcellopatriota.com.br\/blog\/primeiro-fpm-deste-ano-sera-de-r-28-bilhoes-valor-menor-que-transferido-em-2019\/","title":{"rendered":"Primeiro FPM deste ano ser\u00e1 de R$ 2,8 bilh\u00f5es; valor menor que transferido em 2019"},"content":{"rendered":"<p><img fetchpriority=\"high\" decoding=\"async\" class=\"alignleft\" src=\"https:\/\/i1.wp.com\/nilljunior.com.br\/wp-content\/uploads\/2015\/09\/FPM.jpg?resize=400%2C300\" width=\"264\" height=\"198\" \/><\/p>\n<p>Os 5.568 Entes municipais receber\u00e3o o primeiro repasse do Fundo de Participa\u00e7\u00e3o dos Munic\u00edpios (FPM) de 2020 nesta sexta-feira (10.01). Levantamento da Confedera\u00e7\u00e3o Nacional de Munic\u00edpios (CNM), a partir de dados da Secretaria do Tesouro Nacional (STN), indica repasse l\u00edquido de R$ 2,8 bilh\u00f5es e redu\u00e7\u00e3o 10,74% em compara\u00e7\u00e3o com o montante transferido em 2019. Ao aplicar a infla\u00e7\u00e3o, o impacto negativo chega a 13,16%.<\/p>\n<p>A primeira parcela do FPM de janeiro \u00e9 parte da arrecada\u00e7\u00e3o dos Impostos de Renda e Sobre Produtos Industrializados (IR e IPI) obtida entre os dias 20 e 30 de dezembro. A previs\u00e3o do valor feita pela CNM considera a reten\u00e7\u00e3o constitucional para Fundo de Manuten\u00e7\u00e3o e Desenvolvimento da Educa\u00e7\u00e3o B\u00e1sica e de Valoriza\u00e7\u00e3o dos Profissionais da Educa\u00e7\u00e3o (Fundeb). Sem esse desconto, o Fundo cresce para R$ 3,5 bilh\u00f5es.<\/p>\n<p>De acordo com os dados dos Estudos T\u00e9cnicos da CNM, a redu\u00e7\u00e3o de 10,74% foi constatada a partir dos montantes brutos, em compara\u00e7\u00e3o com os R$ 3,9 bilh\u00f5es repassados em janeiro de 2019. Diante da retra\u00e7\u00e3o do Fundo, j\u00e1 no primeiro repasse, o presidente Glademir Aroldi refor\u00e7a a necessidade de o Congresso Nacional concluir a vota\u00e7\u00e3o da Emenda \u00e0 Constitui\u00e7\u00e3o (PEC) 391\/2017, que aumenta em mais 1% o FPM, para garantir transfer\u00eancia adicional em setembro.\u00a0Os 2.454 governos locais com coeficientes 0,6 ficar\u00e3o com 19,81% do primeiro dec\u00eandio. De acordo com o levantamento da CNM, as cifras recebidas por esses Munic\u00edpios n\u00e3o s\u00e3o equ\u00e2nimes, e menciona o exemplo das cidades de Mato Grosso do Sul (MS) e do Paran\u00e1, que receber\u00e3o R$ 300 e R$ 317,9 milh\u00f5es, respectivamente. Pelo fato de o primeiro repasse do ano ter apresentado redu\u00e7\u00e3o, A CNM alerta para sazonalidade do repasse constitucional.<\/p>\n","protected":false},"excerpt":{"rendered":"<p>Os 5.568 Entes municipais receber&atilde;o o primeiro repasse do Fundo de Participa&ccedil;&atilde;o dos Munic&iacute;pios (FPM) de 2020 nesta sexta-feira (10.01). Levantamento da Confedera&ccedil;&atilde;o Nacional de Munic&iacute;pios (CNM), a partir de dados da Secretaria do Tesouro Nacional (STN), indica repasse l&iacute;quido de R$ 2,8 bilh&otilde;es e redu&ccedil;&atilde;o 10,74% em compara&ccedil;&atilde;o com o montante transferido em 2019. &#8230; <a title=\"Primeiro FPM deste ano ser\u00e1 de R$ 2,8 bilh\u00f5es; valor menor que transferido em 2019\" class=\"read-more\" href=\"https:\/\/blogdomarcellopatriota.com.br\/blog\/primeiro-fpm-deste-ano-sera-de-r-28-bilhoes-valor-menor-que-transferido-em-2019\/\" aria-label=\"Read more about Primeiro FPM deste ano ser\u00e1 de R$ 2,8 bilh\u00f5es; valor menor que transferido em 2019\">Ler mais<\/a><\/p>\n","protected":false},"author":2,"featured_media":0,"comment_status":"open","ping_status":"open","sticky":false,"template":"","format":"standard","meta":{"footnotes":""},"categories":[1],"tags":[],"class_list":["post-22850","post","type-post","status-publish","format-standard","hentry","category-sem-categoria"],"_links":{"self":[{"href":"https:\/\/blogdomarcellopatriota.com.br\/blog\/wp-json\/wp\/v2\/posts\/22850","targetHints":{"allow":["GET"]}}],"collection":[{"href":"https:\/\/blogdomarcellopatriota.com.br\/blog\/wp-json\/wp\/v2\/posts"}],"about":[{"href":"https:\/\/blogdomarcellopatriota.com.br\/blog\/wp-json\/wp\/v2\/types\/post"}],"author":[{"embeddable":true,"href":"https:\/\/blogdomarcellopatriota.com.br\/blog\/wp-json\/wp\/v2\/users\/2"}],"replies":[{"embeddable":true,"href":"https:\/\/blogdomarcellopatriota.com.br\/blog\/wp-json\/wp\/v2\/comments?post=22850"}],"version-history":[{"count":1,"href":"https:\/\/blogdomarcellopatriota.com.br\/blog\/wp-json\/wp\/v2\/posts\/22850\/revisions"}],"predecessor-version":[{"id":22851,"href":"https:\/\/blogdomarcellopatriota.com.br\/blog\/wp-json\/wp\/v2\/posts\/22850\/revisions\/22851"}],"wp:attachment":[{"href":"https:\/\/blogdomarcellopatriota.com.br\/blog\/wp-json\/wp\/v2\/media?parent=22850"}],"wp:term":[{"taxonomy":"category","embeddable":true,"href":"https:\/\/blogdomarcellopatriota.com.br\/blog\/wp-json\/wp\/v2\/categories?post=22850"},{"taxonomy":"post_tag","embeddable":true,"href":"https:\/\/blogdomarcellopatriota.com.br\/blog\/wp-json\/wp\/v2\/tags?post=22850"}],"curies":[{"name":"wp","href":"https:\/\/api.w.org\/{rel}","templated":true}]}}