{"id":22856,"date":"2020-01-09T02:52:14","date_gmt":"2020-01-09T05:52:14","guid":{"rendered":"http:\/\/blogdomarcellopatriota.com.br\/blog\/?p=22856"},"modified":"2020-01-09T12:05:20","modified_gmt":"2020-01-09T15:05:20","slug":"giro-pelos-blogs-o9-o1-2020","status":"publish","type":"post","link":"https:\/\/blogdomarcellopatriota.com.br\/blog\/giro-pelos-blogs-o9-o1-2020\/","title":{"rendered":"********Giro pelos Blog&#8217;S ====(o9.o1.2020)*****"},"content":{"rendered":"<p class=\"blog-post-meta\"><span style=\"font-size: 24pt;\">Coluna do blog Magno Martins<\/span><\/p>\n<p><strong><img fetchpriority=\"high\" decoding=\"async\" class=\"alignleft\" src=\"http:\/\/blogdomagno.com.br\/admin\/ckeditor\/ckfinder\/images\/WhatsApp%20Image%202020-01-08%20at%2023_40_43.jpeg\" alt=\"\" width=\"261\" height=\"261\" \/>Ana e M\u00facio na roda para 2022<\/strong><\/p>\n<p>Dois nomes fora da pol\u00edtica formal \u2013 os ministros Jos\u00e9 M\u00facio Monteiro e Ana Arraes, ambos do Tribunal de Contas da Uni\u00e3o \u2013 andam longe do cen\u00e1rio da sucess\u00e3o estadual em 2022, mas podem se aproximar por uma quest\u00e3o circunstancial: Pernambuco anda muito pobre em quadros pol\u00edticos.<\/p>\n<p>A morte do ex-governador Eduardo Campos, em agosto de 2013, no \u00e1pice na incurs\u00e3o dele ao Pal\u00e1cio do Planalto, abriu um v\u00e1cuo irrefut\u00e1vel na cena pol\u00edtica estadual. Paradoxalmente, no campo da oposi\u00e7\u00e3o n\u00e3o surgiram nomes competitivos, deixando a base governista tra\u00e7ando cen\u00e1rios em cima do samba de uma nota s\u00f3 \u2013 a prov\u00e1vel candidatura do prefeito Geraldo J\u00falio, mesmo assim na condi\u00e7\u00e3o dele emplacar o sucessor nas elei\u00e7\u00f5es deste ano.<\/p>\n<p>Jos\u00e9 M\u00facio, presidente do TCU at\u00e9 dezembro, ser\u00e1 sucedido por Ana Arraes. A filha de Arraes j\u00e1 admite disputar o Governo, enquanto M\u00facio anda na muda, embora seja um nome bastante palat\u00e1vel.<\/p>\n<p><strong>Segundo escal\u00e3o \u2013<\/strong>\u00a0Aos poucos, o presidente Bolsonaro come\u00e7a a nomear o segundo escal\u00e3o em Pernambuco. Depois de Douglas Cintra, na Sudene, ontem foi a vez do engenheiro Marcos Alberto Le\u00e3o Filho no Dnocs, indicado pelo deputado Sebasti\u00e3o Oliveira, que est\u00e1 trocando o PL pelo Avante, ambos da base governista. Tem muita gente ainda esperando ocupar os espa\u00e7os dos petistas resistentes.<\/p>\n<p><strong>Batina \u2013<\/strong>\u00a0Em Gravat\u00e1, a oposi\u00e7\u00e3o est\u00e1 mais perdida do que cego em tiroteio na escolha do candidato para enfrentar o prefeito Joaquim Neto (PSDB). Depois de desistir do deputado Waldemar Borges, o PSB caminha para colocar o ex-padre Joselito como alternativa de poder. Na elei\u00e7\u00e3o para conselheiro tutelar, ele foi o mais votado, obtendo 1.826 votos. \u00c9 o ex-p\u00e1roco-conselheiro.<\/p>\n<p><strong>Na jugular \u2013<\/strong>\u00a0Do pr\u00e9-candidato do DEM a prefeito do Recife, Mendon\u00e7a Filho, ao ser informado que o prefeito Geraldo J\u00falio teria 1,5 mil obras para inaugurar at\u00e9 as elei\u00e7\u00f5es de outubro: \u201cTrata-se de uma verdadeira cortina de fuma\u00e7a para esconder a incompet\u00eancia da gest\u00e3o PSB\/PT e transformar a Prefeitura num comit\u00ea eleitoral do candidato Jo\u00e3o Campos\u201d.<\/p>\n<p><strong>Embarque \u2013\u00a0<\/strong>O secret\u00e1rio estadual de Educa\u00e7\u00e3o, Fred Am\u00e2ncio, o coringa da equipe de Paulo C\u00e2mara, embarcou, ontem, a primeira turma de 2020 do programa Ganhe o Mundo. S\u00e3o 47 estudantes da rede estadual que viajaram para estudar a l\u00edngua inglesa nos Estados Unidos durante todo o semestre.<\/p>\n<p><strong>Marionete \u2013<\/strong>\u00a0Pr\u00e9-candidato do PSL a prefeito de Olinda, o presidente da C\u00e2mara, Jorge Federal, diz que a gest\u00e3o Lup\u00e9rcio \u00e9 fofa e que o prefeito mais parece uma marionete. \u201cEle n\u00e3o tem o poder da caneta. \u00c9, verdadeiramente, uma rainha da Inglaterra\u201d, afirma, referindo-se aos dois grupos pol\u00edticos inseridos na gest\u00e3o.<\/p>\n<p><strong>CANDIDATO \u2013<\/strong>\u00a0Diretor do Arquivo P\u00fablico Estadual, o jornalista Evaldo Costa resolveu disputar um mandato para a C\u00e2mara de Vereadores do Recife. Paraibano, tendo j\u00e1 disputado um mandato federal pelo Estado de origem, \u00e9 filiado ao PSB, partido com uma chapa robusta de vereadores de mandato.<\/p>\n<p><strong>Perguntar n\u00e3o ofende: Por que Tadeu Alencar, atual l\u00edder do PSB na C\u00e2mara, n\u00e3o apoia Danilo Cabral para suced\u00ea-lo?<\/strong><\/p>\n<h2 class=\"blog-post-title\">&#8216;As 15 profiss\u00f5es em alta no Brasil em 2020&#8217;<\/h2>\n<p>Ontem, o LinkedIn, rede social voltada para carreiras e profiss\u00f5es, listou as 15 profiss\u00f5es que estar\u00e3o em alta no Brasil em 2020. Batizado de \u201cProfiss\u00f5es Emergentes\u201d, o estudo listou as profiss\u00f5es cuja demanda viu grande crescimento.<\/p>\n<p>Segundo o relat\u00f3rio, 13 dos 15 cargos est\u00e3o ligados aos setores de tecnologia da informa\u00e7\u00e3o e internet, com o gestor de redes sociais ocupando a primeira posi\u00e7\u00e3o do ranking.<\/p>\n<p>A lista tamb\u00e9m elenca as habilidades mais requisitadas para as vagas e os setores que devem procurar tais conhecimentos para esse ano.<\/p>\n<p>\u201cAo pensar a carreira no m\u00e9dio e no longo prazo \u2013 seja para permanecer em uma posi\u00e7\u00e3o ou mudar \u2013 devemos mapear os riscos para assumir as responsabilidades do caminho que vamos seguir. Neste processo, a an\u00e1lise das informa\u00e7\u00f5es dispon\u00edveis se torna essencial para tomar a decis\u00e3o certa\u201d, defende Milton Beck, diretor geral do LinkedIn para a Am\u00e9rica Latina.<\/p>\n<p>O executivo espera que a lista seja um norte para pessoas que estejam em transi\u00e7\u00e3o de carreira ou uma luz para jovens que pretendem entrar no mercado de trabalho.<\/p>\n<p><span style=\"font-size: 24pt;\">Coluna do FinFa<\/span><\/p>\n<figure style=\"width: 398px\" class=\"wp-caption aligncenter\"><img decoding=\"async\" class=\"\" src=\"http:\/\/blogdofinfa.com.br\/wp-content\/uploads\/2020\/01\/evandro.png\" alt=\"\" width=\"408\" height=\"337\" \/><figcaption class=\"wp-caption-text\">(Empres\u00e1rio \u00c1ureo Braz, vereador licenciado Fl\u00e1vio Juca e o Prefeito Evandro Valadares)<\/figcaption><\/figure>\n<p><strong>Vai homenagear<\/strong>\u00a0\u2013 Ap\u00f3s conseguir a doa\u00e7\u00e3o do Terminal Rodovi\u00e1rio, pelo Governo do Estado, que agora ser\u00e1 gerido pela Prefeitura de S\u00e3o Jos\u00e9 do Egito, o prefeito Evandro Valadares, confirmou que ser\u00e1 feito uma reforma, j\u00e1 autorizada para o secret\u00e1rio de obras, fazer todo o or\u00e7amento. Atendendo um solicita\u00e7\u00e3o do vereador licenciado Fl\u00e1vio Juc\u00e1, Valadares, acatou e vai homenagear o empres\u00e1rio Ant\u00f4nio Braz Filho, fundador e dono da Ampresa Transbraz, morto em um acidente automobil\u00edstico em 2013, dando o nome do Terminal Rodovi\u00e1rio. O prefeito comunicou ao filho do homenageado \u00c1ureo Braz.<\/p>\n<figure style=\"width: 522px\" class=\"wp-caption aligncenter\"><img decoding=\"async\" src=\"http:\/\/blogdofinfa.com.br\/wp-content\/uploads\/2020\/01\/adedlmo-800x535.jpg\" alt=\"\" width=\"532\" height=\"356\" \/><figcaption class=\"wp-caption-text\"><strong>\u00a0 \u00a0 \u00a0 \u00a0 \u00a0 \u00a0 \u00a0 \u00a0 \u00a0 \u00a0 \u00a0( Sistema Simplificado de Abastecimento de \u00c1gua)<\/strong><\/figcaption><\/figure>\n<p><strong>Mais uma<\/strong>\u00a0\u2013 O Governo Municipal de Itapetim-PE, est\u00e1 construindo mais um sistema simplificado de abastecimento de \u00e1gua. Agora a comunidade Cacimba de Ro\u00e7a, foi contemplada.\u201dMais uma a\u00e7\u00e3o para o combate \u00e0 falta d\u2019\u00e1gua, a\u00e7\u00f5es como esta, \u00e9 uma das nossas principais metas, deixando a popula\u00e7\u00e3o itapetinense, abastecida pelo l\u00edquido precioso\u201d, disse o prefeito Adelmo Moura, que esteve na comunidade, acompanhado do vice-prefeito Junio Moreira, da secret\u00e1ria de Gabinete, Larissa, e da secret\u00e1ria de Controle Interno, Ant\u00f4nia Batista.<\/p>\n<p><strong><img loading=\"lazy\" decoding=\"async\" class=\"alignleft size-medium wp-image-150042\" src=\"http:\/\/blogdofinfa.com.br\/wp-content\/uploads\/2020\/01\/paulooo-300x198.png\" sizes=\"(max-width: 300px) 100vw, 300px\" srcset=\"https:\/\/blogdofinfa.com.br\/wp-content\/uploads\/2020\/01\/paulooo-300x198.png 300w, https:\/\/blogdofinfa.com.br\/wp-content\/uploads\/2020\/01\/paulooo-75x50.png 75w, https:\/\/blogdofinfa.com.br\/wp-content\/uploads\/2020\/01\/paulooo.png 587w\" alt=\"\" width=\"300\" height=\"198\" \/>Visitou<\/strong>\u00a0\u2013 O Presidente do Supremo Tribunal Federal, Ministro Dias Toffoli, esteve visitando ontem (08), o governador Paulo C\u00e2mara, no Pal\u00e1cio do Campo das Princesas. Na pauta o atual momento do o atual momento do Brasil e como os diferentes Poderes podem se ajudar.\u00a0<em>\u201cO pa\u00eds precisa de unidade, e \u00e9 muito importante que todos tenhamos a capacidade de seguir dialogando na busca de melhorias para a vida do nosso povo\u201d,<\/em>\u00a0disse o governador que estava acompanhado do Presidente do TJPE, desembargador Adalberto de Oliveira Melo e do Presidente da Alepe, Eriberto Medeiros.<\/p>\n<p><strong>Reuni\u00e3o<\/strong>\u00a0\u2013 O prefeito de Flores, Marconi Santana, teve ontem (08), uma reuni\u00e3o com a Tenente Kelly e o Major dos Santos, representantes do 14\u00ba BPM. \u201cForam tratados assuntos sobre seguran\u00e7a p\u00fablica do nosso munic\u00edpio, melhoria da ilumina\u00e7\u00e3o, instala\u00e7\u00e3o do sistema de v\u00eddeo monitoramento e outros investimentos. Ainda tratamos sobre o nosso compromisso de continuar ajudando no que for necess\u00e1rio, para mantemos a ordem p\u00fablica e assegurando mais qualidade de vida para nossa popula\u00e7\u00e3o\u201d, finalizou o prefeito.<\/p>\n<p><strong>D\u00e9cio d\u00e1 Show<\/strong>\u00a0\u2013<\/p>\n<p>Em conversa com um palaciano, ele confirmou que o\u00a0fato do Governo do Estado est\u00e1 em dia com o sal\u00e1rio e obriga\u00e7\u00f5es do funcionalismo tem um grande respons\u00e1vel, o secret\u00e1rio D\u00e9cio Padilha\u00a0<strong>(foto).<\/strong>\u00a0Auditor concursado da Secretaria da Fazenda, que andava encostado no primeiro governo de Paulo C\u00e2mara, foi repatriado no in\u00edcio do ano passado e colocou as contas do Estado em dia, al\u00e9m de ser uma lideran\u00e7a junto ao Confaz, que ir\u00e1 ter forte participa\u00e7\u00e3o na reforma fiscal em tramita\u00e7\u00e3o no Congresso. A compet\u00eancia de D\u00e9cio gera ci\u00fames no n\u00facleo duro do Pal\u00e1cio, mas isso \u00e9 outra hist\u00f3ria.<\/p>\n<p>.<\/p>\n<p><strong><img loading=\"lazy\" decoding=\"async\" class=\"alignleft wp-image-150036\" src=\"http:\/\/blogdofinfa.com.br\/wp-content\/uploads\/2020\/01\/08-01-Lei-anticorrup%C3%A7%C3%A3o-300x300.jpg\" sizes=\"(max-width: 300px) 100vw, 300px\" srcset=\"https:\/\/blogdofinfa.com.br\/wp-content\/uploads\/2020\/01\/08-01-Lei-anticorrup\u00e7\u00e3o-300x300.jpg 300w, https:\/\/blogdofinfa.com.br\/wp-content\/uploads\/2020\/01\/08-01-Lei-anticorrup\u00e7\u00e3o-150x150.jpg 150w, https:\/\/blogdofinfa.com.br\/wp-content\/uploads\/2020\/01\/08-01-Lei-anticorrup\u00e7\u00e3o-768x768.jpg 768w, https:\/\/blogdofinfa.com.br\/wp-content\/uploads\/2020\/01\/08-01-Lei-anticorrup\u00e7\u00e3o-600x600.jpg 600w, https:\/\/blogdofinfa.com.br\/wp-content\/uploads\/2020\/01\/08-01-Lei-anticorrup\u00e7\u00e3o.jpg 1080w\" alt=\"\" width=\"241\" height=\"241\" \/>Dois anos<\/strong>\u00a0\u2013 Editada para combater, de forma mais efetiva, poss\u00edveis atos lesivos contra a administra\u00e7\u00e3o p\u00fablica, praticados por empresas, evitando, em especial, fraudes em licita\u00e7\u00f5es e contratos, a Lei Estadual N\u00ba 16.309\/18, mais conhecida como Lei Estadual Anticorrup\u00e7\u00e3o, completa dois anos nesta quarta-feira, dia 08. \u201cConsiderando que os avan\u00e7os partem tamb\u00e9m de uma mudan\u00e7a cultural e comportamental da sociedade em geral, que s\u00f3 s\u00e3o visualizados ap\u00f3s um m\u00e9dio espa\u00e7o de tempo, j\u00e1 podemos asseverar que Pernambuco segue por um caminho sem volta, que \u00e9 o de fortalecer cada vez mais as ferramentas de combate \u00e0 corrup\u00e7\u00e3o\u201d, destaca a secret\u00e1ria da Controladoria-Geral do Estado (SCGE), \u00c9rika Lacet.<\/p>\n<p><strong>Voc\u00ea sabia<\/strong>\u00a0\u2013 Que este blogueiro foi informado, que o Secret\u00e1rio Estadual de Turismo e Lazer de Pernambuco, o deputado licenciado Rodrigo Novaes\u00a0<strong>(foto)<\/strong>, estar\u00e1 nesta sexta-feira (10), em Afogados da Ingazeira, participando da 22\u00aa Edi\u00e7\u00e3o da Afogar\u00eata, carnaval fora de \u00e9poca.<\/p>\n<p><strong>Cancelou<\/strong>\u00a0\u2013 O presidente Jair Bolsonaro decidiu cancelar a ida ao F\u00f3rum Econ\u00f4mico Mundial, em Davos, na Su\u00ed\u00e7a, evento que ocorrer\u00e1 entre os dias 21 e 24 deste m\u00eas. O cancelamento da viagem foi informado nesta quarta-feira (8) pelo porta-voz da Presid\u00eancia da Rep\u00fablica, Ot\u00e1vio R\u00eago Barros.\u00a0<em>\u201cO presidente e equipe de assessores analisam uma s\u00e9rie de aspectos, aspectos econ\u00f4micos, de seguran\u00e7a, pol\u00edticos, e o somat\u00f3rio desses aspectos, quando levados \u00e0 aprecia\u00e7\u00e3o do presidente, lhe permitiu avaliar que n\u00e3o seria o caso, neste momento, de participar desse f\u00f3rum\u201d<\/em>, afirmou R\u00eago Barros.<\/p>\n<p><strong>Perguntar n\u00e3o ofende<\/strong>\u00a0\u2013 Qual o motivo que a Secretaria de Agricultura de Afogados da Ingazeira, n\u00e3o resolve o problema das invas\u00f5es dos comerciantes nas cal\u00e7adas da Rua Bar\u00e3o de Lucena, Manoel Borba e outras art\u00e9rias?<\/p>\n<p><span style=\"font-size: 24pt;\">Blog do Itamar Fran\u00e7a<\/span><\/p>\n<header class=\"entry-header\">\n<h2 class=\"entry-title\">Elei\u00e7\u00f5es em Tabira come\u00e7am a se desenhar<\/h2>\n<\/header>\n<div class=\"entry-meta-bar clearfix\">\n<div class=\"entry-meta\">O ano de 2019 se passou e aqui vamos nos debru\u00e7ar sobre o cen\u00e1rio em Afogados, Carna\u00edba, Tabira, Iguaraci, Tuparetama, Solid\u00e3o, Quixaba, Santa Terezinha e Brejinho. Todos agora se preparam para um reencontro na disputa que ocorre este ano, nas elei\u00e7\u00f5es municipais.<\/div>\n<\/div>\n<div class=\"entry-content clearfix\">\n<p><strong>TABIRA<\/strong><\/p>\n<p>Em Tabira, o prefeito Sebasti\u00e3o Dias (PTB) encerra o segundo mandato e n\u00e3o pode se reeleger. Com uma rejei\u00e7\u00e3o alt\u00edssima, o petebista ter\u00e1 que se desdobrar para tentar eleger seu sucessor.<\/p>\n<p>************************************<\/p>\n<p><strong>FL\u00c1VIO MARQUES<\/strong><\/p>\n<p>Advogado por forma\u00e7\u00e3o, o jovem atua como Secret\u00e1rio Municipal de Administra\u00e7\u00e3o na gest\u00e3o do prefeito Sebasti\u00e3o Dias. Tido como manda chuva da gest\u00e3o, Fl\u00e1vio \u00e9 nome da predile\u00e7\u00e3o de Basti\u00e3o. Um dos grandes feitos da sua pasta foi \u00e0 reestrutura\u00e7\u00e3o da Guarda Municipal.<\/p>\n<p>************************************<\/p>\n<p><strong>Z\u00c9 AMARAL<\/strong><\/p>\n<p>Atual vice-prefeito do munic\u00edpio, Z\u00e9 Amaral acalenta o sonho de governar Tabira. O dif\u00edcil \u00e9 ser indicado para encabe\u00e7ar a chapa dentro do grupo governista, principalmente pelo prefeito Sebasti\u00e3o Dias (PTB) que j\u00e1 declina claramente predile\u00e7\u00e3o ao nome do seu secret\u00e1rio-mor.<\/p>\n<p>************************************<\/p>\n<p><strong>NELLY SAMPAIO<\/strong><\/p>\n<p>Vereadora e atual presidenta da C\u00e2mara Municipal, a odont\u00f3loga Nelly Sampaio (PSC) disputa espa\u00e7o no grupo governista com o secret\u00e1rio de Administra\u00e7\u00e3o Fl\u00e1vio Marques e o vice-prefeito Z\u00e9 Amaral. Entre os postulantes governistas, Nelly \u00e9 o nome com maior aceita\u00e7\u00e3o popular.<\/p>\n<p>************************************<\/p>\n<p><strong>DINCA BRANDINO<\/strong><\/p>\n<p>Ex-prefeito de Tabira por duas vezes, Dinca Brandino (MDB) \u00e9 o pr\u00e9-candidato da oposi\u00e7\u00e3o. O emedebista tem mostrado documentos que comprovam legitimidade para disputar o pleito, mas caso a justi\u00e7a apresente algum impedimento, Nicinha sua esposa ser\u00e1 sua substituta.<\/p>\n<p>************************************<\/p>\n<p><strong>GILSON BRITO<\/strong><\/p>\n<p>M\u00e9dico por profiss\u00e3o, Gilson Brito vem numa empolga\u00e7\u00e3o daquelas tentando viabilizar seu nome como pr\u00e9-candidato a prefeito de Tabira, no campo das oposi\u00e7\u00f5es. Gilson \u00e9 sobrinho da ex vice-prefeita Genedi Brito e faz parte do grupo pol\u00edtico do ex-prefeito Dinca Brandino.<\/p>\n<header class=\"entry-header\">\n<h2 class=\"entry-title\">Quatro prefeitos do Paje\u00fa fora da reelei\u00e7\u00e3o<\/h2>\n<\/header>\n<div class=\"entry-content clearfix\">\n<p><img loading=\"lazy\" decoding=\"async\" class=\"wp-image-16743 aligncenter\" src=\"http:\/\/blogdoitamar.com.br\/wp-content\/uploads\/2020\/01\/prefeitossssss.gif\" alt=\"\" width=\"402\" height=\"86\" \/>Quatro prefeitos do Alto Sert\u00e3o do Paje\u00fa admitem n\u00e3o tentar reelei\u00e7\u00e3o no pleito deste ano<strong>: Jo\u00e3o Batista (PL), Ti\u00e3o Gaud\u00eancio (PL), T\u00e2nia Maria (PSB) e Lino Moraes (PSB).\u00a0<\/strong>Fora da sua atividade advocat\u00edcia, o prefeito Jo\u00e3o Batista (Triunfo) deseja retornar a labuta e tocar sua empresa de consultoria. \u00c9 que falou ao Rep\u00f3rter do Paje\u00fa Itamar Fran\u00e7a.<\/p>\n<p>Os demais prefeitos:\u00a0<strong>Ti\u00e3o Gaud\u00eancio (PL)<\/strong>\u00a0de Quixaba<strong>, T\u00e2nia Maria (PSB)\u00a0<\/strong>de Brejinho<strong>\u00a0e Lino Moraes (PSB)\u00a0<\/strong>de Ingazeira estar\u00e3o fora do p\u00e1reo para apoiarem tr\u00eas ex-prefeitos respectivamente:\u00a0<strong>Luciano Bonfim (Avante)<\/strong>,\u00a0<strong>Z\u00e9 Pretinho (Avante)<\/strong>\u00a0e\u00a0<strong>Luciano Torres (PSB)<\/strong>.<\/p>\n<\/div>\n<\/div>\n","protected":false},"excerpt":{"rendered":"<p>Coluna do blog Magno Martins Ana e M&uacute;cio na roda para 2022 Dois nomes fora da pol&iacute;tica formal &ndash; os ministros Jos&eacute; M&uacute;cio Monteiro e Ana Arraes, ambos do Tribunal de Contas da Uni&atilde;o &ndash; andam longe do cen&aacute;rio da sucess&atilde;o estadual em 2022, mas podem se aproximar por uma quest&atilde;o circunstancial: Pernambuco anda muito &#8230; <a title=\"********Giro pelos Blog&#8217;S ====(o9.o1.2020)*****\" class=\"read-more\" href=\"https:\/\/blogdomarcellopatriota.com.br\/blog\/giro-pelos-blogs-o9-o1-2020\/\" aria-label=\"Read more about ********Giro pelos Blog&#8217;S ====(o9.o1.2020)*****\">Ler mais<\/a><\/p>\n","protected":false},"author":2,"featured_media":0,"comment_status":"open","ping_status":"open","sticky":false,"template":"","format":"standard","meta":{"footnotes":""},"categories":[1],"tags":[],"class_list":["post-22856","post","type-post","status-publish","format-standard","hentry","category-sem-categoria"],"_links":{"self":[{"href":"https:\/\/blogdomarcellopatriota.com.br\/blog\/wp-json\/wp\/v2\/posts\/22856","targetHints":{"allow":["GET"]}}],"collection":[{"href":"https:\/\/blogdomarcellopatriota.com.br\/blog\/wp-json\/wp\/v2\/posts"}],"about":[{"href":"https:\/\/blogdomarcellopatriota.com.br\/blog\/wp-json\/wp\/v2\/types\/post"}],"author":[{"embeddable":true,"href":"https:\/\/blogdomarcellopatriota.com.br\/blog\/wp-json\/wp\/v2\/users\/2"}],"replies":[{"embeddable":true,"href":"https:\/\/blogdomarcellopatriota.com.br\/blog\/wp-json\/wp\/v2\/comments?post=22856"}],"version-history":[{"count":10,"href":"https:\/\/blogdomarcellopatriota.com.br\/blog\/wp-json\/wp\/v2\/posts\/22856\/revisions"}],"predecessor-version":[{"id":22879,"href":"https:\/\/blogdomarcellopatriota.com.br\/blog\/wp-json\/wp\/v2\/posts\/22856\/revisions\/22879"}],"wp:attachment":[{"href":"https:\/\/blogdomarcellopatriota.com.br\/blog\/wp-json\/wp\/v2\/media?parent=22856"}],"wp:term":[{"taxonomy":"category","embeddable":true,"href":"https:\/\/blogdomarcellopatriota.com.br\/blog\/wp-json\/wp\/v2\/categories?post=22856"},{"taxonomy":"post_tag","embeddable":true,"href":"https:\/\/blogdomarcellopatriota.com.br\/blog\/wp-json\/wp\/v2\/tags?post=22856"}],"curies":[{"name":"wp","href":"https:\/\/api.w.org\/{rel}","templated":true}]}}