{"id":22885,"date":"2020-01-10T05:41:54","date_gmt":"2020-01-10T08:41:54","guid":{"rendered":"http:\/\/blogdomarcellopatriota.com.br\/blog\/?p=22885"},"modified":"2020-01-09T15:44:09","modified_gmt":"2020-01-09T18:44:09","slug":"o-riso-pede-passagem-sitio-minadouro-ingazeira-pe","status":"publish","type":"post","link":"https:\/\/blogdomarcellopatriota.com.br\/blog\/o-riso-pede-passagem-sitio-minadouro-ingazeira-pe\/","title":{"rendered":"O RISO PEDE PASSAGEM, S\u00cdTIO MINADOURO \\ INGAZEIRA-PE"},"content":{"rendered":"<p><img decoding=\"async\" class=\"alignleft\" src=\"https:\/\/scontent.fcpv6-1.fna.fbcdn.net\/v\/t1.0-9\/s960x960\/82440178_4035202739838834_5653609303064444928_o.jpg?_nc_cat=105&amp;_nc_oc=AQliWNJcMHoTKc6dYOxSkq4GVc3oJGzCkGFZPRLZVsgVFh6PXr-uJlTGHfyD4En5Qgs&amp;_nc_pt=1&amp;_nc_ht=scontent.fcpv6-1.fna&amp;_nc_tp=1&amp;oh=06b4805a600e3c0d4a0aa758d096229a&amp;oe=5EA17961\" alt=\"A imagem pode conter: 11 pessoas, pessoas sorrindo\" width=\"169\" height=\"239\" \/><\/p>\n<p>&nbsp;<\/p>\n<p>O RISO PEDE PASSAGEM!<\/p>\n<p>Com muita alegria te contamos que sexta, dia 10 de Janeiro come\u00e7amos nosso Festival de palha\u00e7aria!<\/p>\n<p>A primeira edi\u00e7\u00e3o j\u00e1 vem abrindo passagem com um time maravilhoso de brincantes, palha\u00e7as e palha\u00e7os que vai compartilhar com a gente muita sabedoria!<\/p>\n<div class=\"text_exposed_show\">\n<p>Vem com a gente! Vem, que rir \u00e9 Coisa muito DIGNA!<\/p>\n<p><img fetchpriority=\"high\" decoding=\"async\" class=\"aligncenter\" src=\"https:\/\/scontent.fcpv6-1.fna.fbcdn.net\/v\/t1.0-9\/p960x960\/81856086_4035202723172169_2061057502866309120_o.jpg?_nc_cat=104&amp;_nc_oc=AQnHGnXFVhnT8Wr0rKP0IF1K3Z-BpNOdwrk5e1-pMabS6BOVWhy6GnqjKzi0zZUHwd8&amp;_nc_pt=1&amp;_nc_ht=scontent.fcpv6-1.fna&amp;_nc_tp=1&amp;oh=78ee0dde437c346cd07f18ecfc3322d1&amp;oe=5E91BA2D\" alt=\"Nenhuma descri\u00e7\u00e3o de foto dispon\u00edvel.\" width=\"553\" height=\"553\" \/><\/p>\n<\/div>\n","protected":false},"excerpt":{"rendered":"<p>&nbsp; O RISO PEDE PASSAGEM! Com muita alegria te contamos que sexta, dia 10 de Janeiro come&ccedil;amos nosso Festival de palha&ccedil;aria! A primeira edi&ccedil;&atilde;o j&aacute; vem abrindo passagem com um time maravilhoso de brincantes, palha&ccedil;as e palha&ccedil;os que vai compartilhar com a gente muita sabedoria! Vem com a gente! Vem, que rir &eacute; Coisa muito &#8230; <a title=\"O RISO PEDE PASSAGEM, S\u00cdTIO MINADOURO \\ INGAZEIRA-PE\" class=\"read-more\" href=\"https:\/\/blogdomarcellopatriota.com.br\/blog\/o-riso-pede-passagem-sitio-minadouro-ingazeira-pe\/\" aria-label=\"Read more about O RISO PEDE PASSAGEM, S\u00cdTIO MINADOURO \\ INGAZEIRA-PE\">Ler mais<\/a><\/p>\n","protected":false},"author":2,"featured_media":0,"comment_status":"open","ping_status":"open","sticky":false,"template":"","format":"standard","meta":{"footnotes":""},"categories":[1],"tags":[],"class_list":["post-22885","post","type-post","status-publish","format-standard","hentry","category-sem-categoria"],"_links":{"self":[{"href":"https:\/\/blogdomarcellopatriota.com.br\/blog\/wp-json\/wp\/v2\/posts\/22885","targetHints":{"allow":["GET"]}}],"collection":[{"href":"https:\/\/blogdomarcellopatriota.com.br\/blog\/wp-json\/wp\/v2\/posts"}],"about":[{"href":"https:\/\/blogdomarcellopatriota.com.br\/blog\/wp-json\/wp\/v2\/types\/post"}],"author":[{"embeddable":true,"href":"https:\/\/blogdomarcellopatriota.com.br\/blog\/wp-json\/wp\/v2\/users\/2"}],"replies":[{"embeddable":true,"href":"https:\/\/blogdomarcellopatriota.com.br\/blog\/wp-json\/wp\/v2\/comments?post=22885"}],"version-history":[{"count":3,"href":"https:\/\/blogdomarcellopatriota.com.br\/blog\/wp-json\/wp\/v2\/posts\/22885\/revisions"}],"predecessor-version":[{"id":22888,"href":"https:\/\/blogdomarcellopatriota.com.br\/blog\/wp-json\/wp\/v2\/posts\/22885\/revisions\/22888"}],"wp:attachment":[{"href":"https:\/\/blogdomarcellopatriota.com.br\/blog\/wp-json\/wp\/v2\/media?parent=22885"}],"wp:term":[{"taxonomy":"category","embeddable":true,"href":"https:\/\/blogdomarcellopatriota.com.br\/blog\/wp-json\/wp\/v2\/categories?post=22885"},{"taxonomy":"post_tag","embeddable":true,"href":"https:\/\/blogdomarcellopatriota.com.br\/blog\/wp-json\/wp\/v2\/tags?post=22885"}],"curies":[{"name":"wp","href":"https:\/\/api.w.org\/{rel}","templated":true}]}}