{"id":22898,"date":"2020-01-10T12:48:41","date_gmt":"2020-01-10T15:48:41","guid":{"rendered":"http:\/\/blogdomarcellopatriota.com.br\/blog\/?p=22898"},"modified":"2020-01-10T12:48:41","modified_gmt":"2020-01-10T15:48:41","slug":"caminhos-de-pernambuco-na-pe-320","status":"publish","type":"post","link":"https:\/\/blogdomarcellopatriota.com.br\/blog\/caminhos-de-pernambuco-na-pe-320\/","title":{"rendered":"Caminhos de Pernambuco na PE-320"},"content":{"rendered":"<p><a href=\"https:\/\/i2.wp.com\/nilljunior.com.br\/wp-content\/uploads\/2020\/01\/PE-320-Caminhos-PE.jpg\"><img fetchpriority=\"high\" decoding=\"async\" class=\"alignleft wp-image-166504\" src=\"https:\/\/i2.wp.com\/nilljunior.com.br\/wp-content\/uploads\/2020\/01\/PE-320-Caminhos-PE.jpg?resize=400%2C263\" sizes=\"(max-width: 400px) 100vw, 400px\" srcset=\"https:\/\/i2.wp.com\/nilljunior.com.br\/wp-content\/uploads\/2020\/01\/PE-320-Caminhos-PE.jpg?resize=600%2C395 600w, https:\/\/i2.wp.com\/nilljunior.com.br\/wp-content\/uploads\/2020\/01\/PE-320-Caminhos-PE.jpg?resize=150%2C100 150w, https:\/\/i2.wp.com\/nilljunior.com.br\/wp-content\/uploads\/2020\/01\/PE-320-Caminhos-PE.jpg?resize=300%2C197 300w, https:\/\/i2.wp.com\/nilljunior.com.br\/wp-content\/uploads\/2020\/01\/PE-320-Caminhos-PE.jpg?resize=768%2C505 768w, https:\/\/i2.wp.com\/nilljunior.com.br\/wp-content\/uploads\/2020\/01\/PE-320-Caminhos-PE.jpg?w=1094 1094w\" alt=\"\" width=\"400\" height=\"263\" data-attachment-id=\"166504\" data-permalink=\"http:\/\/nilljunior.com.br\/caminhos-de-pernambuco-na-pe-320\/pe-320-caminhos-pe\/\" data-orig-file=\"https:\/\/i2.wp.com\/nilljunior.com.br\/wp-content\/uploads\/2020\/01\/PE-320-Caminhos-PE.jpg?fit=1094%2C720\" data-orig-size=\"1094,720\" data-comments-opened=\"1\" data-image-meta=\"{&quot;aperture&quot;:&quot;0&quot;,&quot;credit&quot;:&quot;&quot;,&quot;camera&quot;:&quot;&quot;,&quot;caption&quot;:&quot;&quot;,&quot;created_timestamp&quot;:&quot;0&quot;,&quot;copyright&quot;:&quot;&quot;,&quot;focal_length&quot;:&quot;0&quot;,&quot;iso&quot;:&quot;0&quot;,&quot;shutter_speed&quot;:&quot;0&quot;,&quot;title&quot;:&quot;&quot;,&quot;orientation&quot;:&quot;0&quot;}\" data-image-title=\"PE-320-Caminhos-PE\" data-image-description=\"\" data-medium-file=\"https:\/\/i2.wp.com\/nilljunior.com.br\/wp-content\/uploads\/2020\/01\/PE-320-Caminhos-PE.jpg?fit=300%2C197\" data-large-file=\"https:\/\/i2.wp.com\/nilljunior.com.br\/wp-content\/uploads\/2020\/01\/PE-320-Caminhos-PE.jpg?fit=600%2C395\" \/><\/a>Foi preciso morrer gente em acidentes provocados pelos buracos na principal estrada do sert\u00e3o do Paje\u00fa para o Governo de Pernambuco finalmente enviar sua equipe a rodovia. Por tr\u00eas dias seguidos homens e m\u00e1quinas trabalham no trecho entre as cidades de Afogados da Ingazeira e Tabira.<\/p>\n<p>Ao lan\u00e7ar o Programa Caminhos de Pernambuco no 1\u00ba semestre de 2019 o Governo Paulo C\u00e2mara atrav\u00e9s da Secretaria de Infraestrutura comandada pela secret\u00e1ria Fernandha Batista prometeu recuperar a PE-320 em agosto, depois a promessa foi transferida para outubro e s\u00f3 agora em janeiro de 2020, ap\u00f3s mortes serem provocadas pelos buracos,<\/p>\n","protected":false},"excerpt":{"rendered":"<p>Foi preciso morrer gente em acidentes provocados pelos buracos na principal estrada do sert&atilde;o do Paje&uacute; para o Governo de Pernambuco finalmente enviar sua equipe a rodovia. Por tr&ecirc;s dias seguidos homens e m&aacute;quinas trabalham no trecho entre as cidades de Afogados da Ingazeira e Tabira. Ao lan&ccedil;ar o Programa Caminhos de Pernambuco no 1&ordm; &#8230; <a title=\"Caminhos de Pernambuco na PE-320\" class=\"read-more\" href=\"https:\/\/blogdomarcellopatriota.com.br\/blog\/caminhos-de-pernambuco-na-pe-320\/\" aria-label=\"Read more about Caminhos de Pernambuco na PE-320\">Ler mais<\/a><\/p>\n","protected":false},"author":2,"featured_media":0,"comment_status":"open","ping_status":"open","sticky":false,"template":"","format":"standard","meta":{"footnotes":""},"categories":[1],"tags":[],"class_list":["post-22898","post","type-post","status-publish","format-standard","hentry","category-sem-categoria"],"_links":{"self":[{"href":"https:\/\/blogdomarcellopatriota.com.br\/blog\/wp-json\/wp\/v2\/posts\/22898","targetHints":{"allow":["GET"]}}],"collection":[{"href":"https:\/\/blogdomarcellopatriota.com.br\/blog\/wp-json\/wp\/v2\/posts"}],"about":[{"href":"https:\/\/blogdomarcellopatriota.com.br\/blog\/wp-json\/wp\/v2\/types\/post"}],"author":[{"embeddable":true,"href":"https:\/\/blogdomarcellopatriota.com.br\/blog\/wp-json\/wp\/v2\/users\/2"}],"replies":[{"embeddable":true,"href":"https:\/\/blogdomarcellopatriota.com.br\/blog\/wp-json\/wp\/v2\/comments?post=22898"}],"version-history":[{"count":1,"href":"https:\/\/blogdomarcellopatriota.com.br\/blog\/wp-json\/wp\/v2\/posts\/22898\/revisions"}],"predecessor-version":[{"id":22899,"href":"https:\/\/blogdomarcellopatriota.com.br\/blog\/wp-json\/wp\/v2\/posts\/22898\/revisions\/22899"}],"wp:attachment":[{"href":"https:\/\/blogdomarcellopatriota.com.br\/blog\/wp-json\/wp\/v2\/media?parent=22898"}],"wp:term":[{"taxonomy":"category","embeddable":true,"href":"https:\/\/blogdomarcellopatriota.com.br\/blog\/wp-json\/wp\/v2\/categories?post=22898"},{"taxonomy":"post_tag","embeddable":true,"href":"https:\/\/blogdomarcellopatriota.com.br\/blog\/wp-json\/wp\/v2\/tags?post=22898"}],"curies":[{"name":"wp","href":"https:\/\/api.w.org\/{rel}","templated":true}]}}