{"id":22900,"date":"2020-01-10T14:48:58","date_gmt":"2020-01-10T17:48:58","guid":{"rendered":"http:\/\/blogdomarcellopatriota.com.br\/blog\/?p=22900"},"modified":"2020-01-10T12:49:32","modified_gmt":"2020-01-10T15:49:32","slug":"prefeito-sebastiao-dias-com-um-pe-no-pt-e-outro-no-psb","status":"publish","type":"post","link":"https:\/\/blogdomarcellopatriota.com.br\/blog\/prefeito-sebastiao-dias-com-um-pe-no-pt-e-outro-no-psb\/","title":{"rendered":"Prefeito Sebasti\u00e3o Dias com um p\u00e9 no PT e outro no PSB"},"content":{"rendered":"<p><em><a href=\"https:\/\/i0.wp.com\/nilljunior.com.br\/wp-content\/uploads\/2016\/03\/sebastiao_dias.jpg\"><img fetchpriority=\"high\" decoding=\"async\" class=\"alignleft wp-image-69535\" src=\"https:\/\/i0.wp.com\/nilljunior.com.br\/wp-content\/uploads\/2016\/03\/sebastiao_dias.jpg?resize=400%2C269\" sizes=\"(max-width: 400px) 100vw, 400px\" srcset=\"https:\/\/i0.wp.com\/nilljunior.com.br\/wp-content\/uploads\/2016\/03\/sebastiao_dias.jpg?w=428 428w, https:\/\/i0.wp.com\/nilljunior.com.br\/wp-content\/uploads\/2016\/03\/sebastiao_dias.jpg?resize=150%2C100 150w, https:\/\/i0.wp.com\/nilljunior.com.br\/wp-content\/uploads\/2016\/03\/sebastiao_dias.jpg?resize=300%2C202 300w\" alt=\"\" width=\"400\" height=\"269\" data-attachment-id=\"69535\" data-permalink=\"http:\/\/nilljunior.com.br\/tabira-tce-julga-regular-convenio-para-campo-na-cohab-mas-multa-prefeito\/sebastiao_dias-24\/\" data-orig-file=\"https:\/\/i0.wp.com\/nilljunior.com.br\/wp-content\/uploads\/2016\/03\/sebastiao_dias.jpg?fit=428%2C288\" data-orig-size=\"428,288\" data-comments-opened=\"1\" data-image-meta=\"{&quot;aperture&quot;:&quot;0&quot;,&quot;credit&quot;:&quot;&quot;,&quot;camera&quot;:&quot;&quot;,&quot;caption&quot;:&quot;&quot;,&quot;created_timestamp&quot;:&quot;0&quot;,&quot;copyright&quot;:&quot;&quot;,&quot;focal_length&quot;:&quot;0&quot;,&quot;iso&quot;:&quot;0&quot;,&quot;shutter_speed&quot;:&quot;0&quot;,&quot;title&quot;:&quot;&quot;,&quot;orientation&quot;:&quot;0&quot;}\" data-image-title=\"sebastiao_dias\" data-image-description=\"\" data-medium-file=\"https:\/\/i0.wp.com\/nilljunior.com.br\/wp-content\/uploads\/2016\/03\/sebastiao_dias.jpg?fit=300%2C202\" data-large-file=\"https:\/\/i0.wp.com\/nilljunior.com.br\/wp-content\/uploads\/2016\/03\/sebastiao_dias.jpg?fit=428%2C288\" \/><\/a>Por Anchieta Santos<\/em><\/p>\n<p>O prefeito de Tabira, Sebasti\u00e3o Dias (PTB) estaria estudando a sua ida e de seu grupo para o Partido dos Trabalhadores do deputado estadual aliado Carlos Veras ou para o Partido Socialista Brasileiro (PSB) do governador Paulo C\u00e2mara.<\/p>\n<p>Informa\u00e7\u00f5es que chegam a produ\u00e7\u00e3o dos Programas R\u00e1dio Vivo e Cidade Alerta, d\u00e3o conta de que a decis\u00e3o deve sair nos pr\u00f3ximos dias e o impasse estaria nos pedidos de Sebasti\u00e3o Dias ao Governo do Estado para seu ingresso na sigla socialista: constru\u00e7\u00e3o da Rodovi\u00e1ria; in\u00edcio das obras do Campus da UPE; restaura\u00e7\u00e3o da PE-304 e a constru\u00e7\u00e3o do sistema vi\u00e1rio de contorno.<\/p>\n<p>De acordo com a fonte se parte dessas a\u00e7\u00f5es forem sinalizadas Sebasti\u00e3o Dias estar\u00e1 no palanque da Frente Popular junto com Paulo C\u00e2mara.<\/p>\n","protected":false},"excerpt":{"rendered":"<p>Por Anchieta Santos O prefeito de Tabira, Sebasti&atilde;o Dias (PTB) estaria estudando a sua ida e de seu grupo para o Partido dos Trabalhadores do deputado estadual aliado Carlos Veras ou para o Partido Socialista Brasileiro (PSB) do governador Paulo C&acirc;mara. Informa&ccedil;&otilde;es que chegam a produ&ccedil;&atilde;o dos Programas R&aacute;dio Vivo e Cidade Alerta, d&atilde;o conta &#8230; <a title=\"Prefeito Sebasti\u00e3o Dias com um p\u00e9 no PT e outro no PSB\" class=\"read-more\" href=\"https:\/\/blogdomarcellopatriota.com.br\/blog\/prefeito-sebastiao-dias-com-um-pe-no-pt-e-outro-no-psb\/\" aria-label=\"Read more about Prefeito Sebasti\u00e3o Dias com um p\u00e9 no PT e outro no PSB\">Ler mais<\/a><\/p>\n","protected":false},"author":2,"featured_media":0,"comment_status":"open","ping_status":"open","sticky":false,"template":"","format":"standard","meta":{"footnotes":""},"categories":[1],"tags":[],"class_list":["post-22900","post","type-post","status-publish","format-standard","hentry","category-sem-categoria"],"_links":{"self":[{"href":"https:\/\/blogdomarcellopatriota.com.br\/blog\/wp-json\/wp\/v2\/posts\/22900","targetHints":{"allow":["GET"]}}],"collection":[{"href":"https:\/\/blogdomarcellopatriota.com.br\/blog\/wp-json\/wp\/v2\/posts"}],"about":[{"href":"https:\/\/blogdomarcellopatriota.com.br\/blog\/wp-json\/wp\/v2\/types\/post"}],"author":[{"embeddable":true,"href":"https:\/\/blogdomarcellopatriota.com.br\/blog\/wp-json\/wp\/v2\/users\/2"}],"replies":[{"embeddable":true,"href":"https:\/\/blogdomarcellopatriota.com.br\/blog\/wp-json\/wp\/v2\/comments?post=22900"}],"version-history":[{"count":1,"href":"https:\/\/blogdomarcellopatriota.com.br\/blog\/wp-json\/wp\/v2\/posts\/22900\/revisions"}],"predecessor-version":[{"id":22901,"href":"https:\/\/blogdomarcellopatriota.com.br\/blog\/wp-json\/wp\/v2\/posts\/22900\/revisions\/22901"}],"wp:attachment":[{"href":"https:\/\/blogdomarcellopatriota.com.br\/blog\/wp-json\/wp\/v2\/media?parent=22900"}],"wp:term":[{"taxonomy":"category","embeddable":true,"href":"https:\/\/blogdomarcellopatriota.com.br\/blog\/wp-json\/wp\/v2\/categories?post=22900"},{"taxonomy":"post_tag","embeddable":true,"href":"https:\/\/blogdomarcellopatriota.com.br\/blog\/wp-json\/wp\/v2\/tags?post=22900"}],"curies":[{"name":"wp","href":"https:\/\/api.w.org\/{rel}","templated":true}]}}