{"id":22902,"date":"2020-01-10T13:00:41","date_gmt":"2020-01-10T16:00:41","guid":{"rendered":"http:\/\/blogdomarcellopatriota.com.br\/blog\/?p=22902"},"modified":"2020-01-10T15:01:37","modified_gmt":"2020-01-10T18:01:37","slug":"chove-pelo-terceiro-dia-consecutivo-em-itapetim-acumulado-em-2020-chegou-a-160-mm","status":"publish","type":"post","link":"https:\/\/blogdomarcellopatriota.com.br\/blog\/chove-pelo-terceiro-dia-consecutivo-em-itapetim-acumulado-em-2020-chegou-a-160-mm\/","title":{"rendered":"Chove pelo terceiro dia consecutivo em Itapetim, acumulado em 2020 \\ 160 mm"},"content":{"rendered":"<figure style=\"width: 409px\" class=\"wp-caption alignleft\"><img fetchpriority=\"high\" decoding=\"async\" src=\"https:\/\/reporterdosertao.com\/wp-content\/uploads\/2020\/01\/81711337_612859399469245_6877945475169779712_n-696x392.jpg\" alt=\"\" width=\"419\" height=\"236\" \/><figcaption class=\"wp-caption-text\">(Estrada alagada na zona rural de Itapetim)<\/figcaption><\/figure>\n<p>A chuva voltou a cair em Itapetim na noite desta quinta-feira (09). \u00c9 o terceiro dia consecutivo que o Ventre imortal da poesia registra precipita\u00e7\u00e3o. Na ter\u00e7a-feira (07), choveu 35 mil\u00edmetros na terra de Rogaciano Leite. Na quarta o acumulado foi de 48 mm e nesta quinta 42 mm, segundo dados do Instituto Agron\u00f4mico de Pernambuco (IPA). No S\u00edtio Recanto choveu 24 mm, conforme informa\u00e7\u00f5es do morador Su\u00e9lio Xavier. Na quarta-feira\u00a0<em>(08) em<\/em> alguns locais na zona rural por\u00a0 exemplo do S\u00edtio Recanto um morador registrou 81 mm. Na comunidade de Lage do Agostinho choveu 61 mm.<\/p>\n<p><em>Ao todo j\u00e1 vai chovendo em Itapetim 160 mil\u00edmetros em 2020.\u00b4O munic\u00edpio de Solid\u00e3o foi o segundo onde mais choveu com 80,3 mm, seguido de Brejinho com 79 mm. Calumbi foi o que registrou o menor volume na regi\u00e3o com apenas 7,5 mm. O restante das localidades tiveram m\u00e9dias que variam entre 65 mm e 11 mm.<\/em>\u00a0As chuvas j\u00e1 no in\u00edcio de janeiro anteciparam o plantio de culturas como milho e feij\u00e3o. Para auxiliar o homem do campo no corte de terras, a Prefeitura disponibilizou tratores equipados com grades aradoras. Os agricultores est\u00e3o confiantes em um bom inverno.<\/p>\n","protected":false},"excerpt":{"rendered":"<p>A chuva voltou a cair em Itapetim na noite desta quinta-feira (09). &Eacute; o terceiro dia consecutivo que o Ventre imortal da poesia registra precipita&ccedil;&atilde;o. Na ter&ccedil;a-feira (07), choveu 35 mil&iacute;metros na terra de Rogaciano Leite. Na quarta o acumulado foi de 48 mm e nesta quinta 42 mm, segundo dados do Instituto Agron&ocirc;mico de &#8230; <a title=\"Chove pelo terceiro dia consecutivo em Itapetim, acumulado em 2020 \\ 160 mm\" class=\"read-more\" href=\"https:\/\/blogdomarcellopatriota.com.br\/blog\/chove-pelo-terceiro-dia-consecutivo-em-itapetim-acumulado-em-2020-chegou-a-160-mm\/\" aria-label=\"Read more about Chove pelo terceiro dia consecutivo em Itapetim, acumulado em 2020 \\ 160 mm\">Ler mais<\/a><\/p>\n","protected":false},"author":2,"featured_media":0,"comment_status":"open","ping_status":"open","sticky":false,"template":"","format":"standard","meta":{"footnotes":""},"categories":[1],"tags":[],"class_list":["post-22902","post","type-post","status-publish","format-standard","hentry","category-sem-categoria"],"_links":{"self":[{"href":"https:\/\/blogdomarcellopatriota.com.br\/blog\/wp-json\/wp\/v2\/posts\/22902","targetHints":{"allow":["GET"]}}],"collection":[{"href":"https:\/\/blogdomarcellopatriota.com.br\/blog\/wp-json\/wp\/v2\/posts"}],"about":[{"href":"https:\/\/blogdomarcellopatriota.com.br\/blog\/wp-json\/wp\/v2\/types\/post"}],"author":[{"embeddable":true,"href":"https:\/\/blogdomarcellopatriota.com.br\/blog\/wp-json\/wp\/v2\/users\/2"}],"replies":[{"embeddable":true,"href":"https:\/\/blogdomarcellopatriota.com.br\/blog\/wp-json\/wp\/v2\/comments?post=22902"}],"version-history":[{"count":5,"href":"https:\/\/blogdomarcellopatriota.com.br\/blog\/wp-json\/wp\/v2\/posts\/22902\/revisions"}],"predecessor-version":[{"id":22915,"href":"https:\/\/blogdomarcellopatriota.com.br\/blog\/wp-json\/wp\/v2\/posts\/22902\/revisions\/22915"}],"wp:attachment":[{"href":"https:\/\/blogdomarcellopatriota.com.br\/blog\/wp-json\/wp\/v2\/media?parent=22902"}],"wp:term":[{"taxonomy":"category","embeddable":true,"href":"https:\/\/blogdomarcellopatriota.com.br\/blog\/wp-json\/wp\/v2\/categories?post=22902"},{"taxonomy":"post_tag","embeddable":true,"href":"https:\/\/blogdomarcellopatriota.com.br\/blog\/wp-json\/wp\/v2\/tags?post=22902"}],"curies":[{"name":"wp","href":"https:\/\/api.w.org\/{rel}","templated":true}]}}